{"id":7152,"date":"2025-06-03T09:00:49","date_gmt":"2025-06-03T12:00:49","guid":{"rendered":"https:\/\/grandepremio.com\/es\/2025\/06\/03\/liam-lawson-racing-bulls-toque-oliver-bearman-haas-gp-espana-f1-2025\/"},"modified":"2025-06-03T09:00:52","modified_gmt":"2025-06-03T12:00:52","slug":"liam-lawson-racing-bulls-toque-oliver-bearman-haas-gp-espana-f1-2025","status":"publish","type":"post","link":"https:\/\/grandepremio.com\/es\/f1\/liam-lawson-racing-bulls-toque-oliver-bearman-haas-gp-espana-f1-2025\/","title":{"rendered":"Lawson asume responsabilidad por toque con Bearman, pero asegura: &#8220;Vinimos a correr&#8221;"},"content":{"rendered":"\n<p class=\"wp-block-paragraph\"><strong>Liam Lawson<\/strong> tuvo una intensa disputa con <strong>Oliver Bearman<\/strong> durante el <strong>Gran Premio de Espa\u00f1a,<\/strong> que incluso molest\u00f3 a <strong>Max Verstappen.<\/strong> Los dos llegaron a tocarse, pero el brit\u00e1nico sali\u00f3 perdiendo en el duelo, ya que fue penalizado por adelantar fuera de la pista y no devolver la posici\u00f3n. El piloto de <strong>Racing Bulls<\/strong> asumi\u00f3 la responsabilidad por el contacto.<\/p>\n\n\n\n<p class=\"wp-block-paragraph\">\ud83d\udfe5&nbsp;<strong><em>\u00a1Todas las novedades te esperan en el canal de&nbsp;<\/em><\/strong><a href=\"https:\/\/www.youtube.com\/@GrandePremioES\"><em>YouTube<\/em><\/a><strong><em>&nbsp;de Grande Pr\u00eamio en Espa\u00f1ol!<\/em><\/strong>&nbsp;\ud83d\udfe8<\/p>\n\n\n\n<p class=\"wp-block-paragraph\">Ambos pilotos compartieron la primera curva dos veces. En la primera, <strong>Lawson <\/strong>se mostr\u00f3 optimista e intent\u00f3 un adelantamiento cuando estaba lejos. Hubo un contacto entre los dos, pero sin da\u00f1os. El neozeland\u00e9s logr\u00f3 adelantar en el segundo intento, pero <strong>Bearman <\/strong>se sali\u00f3 de la pista y no devolvi\u00f3 la posici\u00f3n, lo que acab\u00f3 resultando en una penalizaci\u00f3n de 10 segundos.<\/p>\n\n\n\n<p class=\"wp-block-paragraph\">\u00abSinceramente, parece una l\u00e1stima, porque el coche era muy r\u00e1pido, \u00edbamos muy bien en la tanda larga\u00bb, reflexion\u00f3 <strong>Lawson <\/strong>ante los medios de comunicaci\u00f3n. \u00abEra un segundo por vuelta m\u00e1s r\u00e1pido que \u00e9l y, aunque el toque fue culpa m\u00eda, en la vuelta siguiente <strong>Bearman <\/strong>segu\u00eda luchando conmigo\u00bb, continu\u00f3.<\/p>\n\n\n\n<p class=\"wp-block-paragraph\">\u23e9\u00a0<em><strong>\u00a1Seguinos en redes por\u00a0<\/strong><\/em><a href=\"https:\/\/twitter.com\/grandepremioES\"><em><u>Twitter\u00a0<\/u><\/em><\/a><em><strong>e\u00a0<\/strong><\/em><a href=\"https:\/\/www.instagram.com\/grandepremioes\/\"><em><u>Instagram!<br><\/u><\/em><\/a>\u23e9\u00a0<em><strong>Adem\u00e1s, tenemos nuestro\u00a0<\/strong><\/em><a href=\"https:\/\/whatsapp.com\/channel\/0029VaDZ5zb0gcfDxuwxBM05\"><em><u>canal de Whatsapp<\/u><\/em><\/a><em><strong>\u00a0con toda la informaci\u00f3n al instante<\/strong><\/em>\u00a0\ud83c\udfc1<\/p>\n\n\n\n<figure class=\"wp-block-image size-full\"><img decoding=\"async\" src=\"https:\/\/grandepremio.com\/es\/wp-content\/uploads\/..\/gp_br_uploads\/2025\/06\/espanha-2025-f1-corrida-haas-oliver-bearman-04.jpg\" alt=\"\" class=\"wp-image-341941\"\/><figcaption class=\"wp-element-caption\">Oliver Bearman finaliz\u00f3 17\u00b0 y recibi\u00f3 una sanci\u00f3n de diez segundos en el GP de Espa\u00f1a (Foto: Haas F1 Team)<\/figcaption><\/figure>\n\n\n\n<p class=\"wp-block-paragraph\">\u00abPero estamos aqu\u00ed para correr, as\u00ed que no hay nada que pueda hacer, y sin duda los dos hemos perdido mucho tiempo con esto\u00bb, destac\u00f3.<\/p>\n\n\n\n<p class=\"wp-block-paragraph\">Por su parte, <strong>Bearman<\/strong>, que termin\u00f3 en 17.\u00aa y \u00faltima posici\u00f3n tras la penalizaci\u00f3n de 10 segundos, habiendo terminado solo 1,5 segundos por detr\u00e1s de Lawson en la pista, coment\u00f3 sobre el incidente: \u00abFue una batalla re\u00f1ida. Me siento perjudicado por haber recibido una penalizaci\u00f3n, ya que siento que me empujaron totalmente fuera, pero tengo que analizar la maniobra\u00bb, declar\u00f3.<\/p>\n\n\n\n<p class=\"wp-block-paragraph\">La&nbsp;<strong>F\u00f3rmula 1<\/strong>&nbsp;regresa del 13 al 15 de junio en&nbsp;<strong>Montreal&nbsp;<\/strong>para disputar el&nbsp;<strong>Gran Premio de Canad\u00e1<\/strong>, d\u00e9cima fecha de la&nbsp;<strong>temporada 2025<\/strong>.<\/p>\n\n\n\n<figure class=\"wp-block-embed is-type-video is-provider-youtube wp-block-embed-youtube wp-embed-aspect-16-9 wp-has-aspect-ratio\"><div class=\"wp-block-embed__wrapper\">\n<iframe loading=\"lazy\" title=\"PIASTRI, CON UN FIN DE SEMANA PERFECTO EN ESPA\u00d1A  | Briefing\" width=\"500\" height=\"281\" src=\"https:\/\/www.youtube.com\/embed\/FtC6ulU7EQQ?feature=oembed\" frameborder=\"0\" allow=\"accelerometer; autoplay; clipboard-write; encrypted-media; gyroscope; picture-in-picture; web-share\" referrerpolicy=\"strict-origin-when-cross-origin\" allowfullscreen><\/iframe>\n<\/div><\/figure>\n","protected":false},"excerpt":{"rendered":"<p>Liam Lawson coment\u00f3 el intenso duelo que mantuvo con Oliver Bearman durante el GP de Espa\u00f1a y asumi\u00f3 la culpa por el roce entre ambos.<\/p>\n","protected":false},"author":0,"featured_media":1010340787,"comment_status":"closed","ping_status":"closed","sticky":false,"template":"","format":"standard","meta":{"42wp_featured_image_caption":"","42wp_featured_image_credits":"","42wp_featured_video":"","42wp_featured_image_hidden":false,"42wp_authors_list":[],"footnotes":""},"categories":[5],"tags":[181,1710,179,8059,12251,1488,414,279,3129,9812,9647],"42wp_author":[14239],"class_list":["post-7152","post","type-post","status-publish","format-standard","has-post-thumbnail","hentry","category-f1","tag-f1","tag-f1-2025","tag-formula-1","tag-formula-1-2025","tag-gp-de-espana-2025","tag-grande-premio","tag-haas","tag-liam-lawson","tag-oliver-bearman","tag-racing-bulls","tag-temporada-2025-f1","42wp_author-jp-otrosky"],"_links":{"self":[{"href":"https:\/\/grandepremio.com\/es\/wp-json\/wp\/v2\/posts\/7152","targetHints":{"allow":["GET"]}}],"collection":[{"href":"https:\/\/grandepremio.com\/es\/wp-json\/wp\/v2\/posts"}],"about":[{"href":"https:\/\/grandepremio.com\/es\/wp-json\/wp\/v2\/types\/post"}],"replies":[{"embeddable":true,"href":"https:\/\/grandepremio.com\/es\/wp-json\/wp\/v2\/comments?post=7152"}],"version-history":[{"count":0,"href":"https:\/\/grandepremio.com\/es\/wp-json\/wp\/v2\/posts\/7152\/revisions"}],"wp:featuredmedia":[{"embeddable":true,"href":"https:\/\/grandepremio.com\/es\/wp-json\/wp\/v2\/media\/1010340787"}],"wp:attachment":[{"href":"https:\/\/grandepremio.com\/es\/wp-json\/wp\/v2\/media?parent=7152"}],"wp:term":[{"taxonomy":"category","embeddable":true,"href":"https:\/\/grandepremio.com\/es\/wp-json\/wp\/v2\/categories?post=7152"},{"taxonomy":"post_tag","embeddable":true,"href":"https:\/\/grandepremio.com\/es\/wp-json\/wp\/v2\/tags?post=7152"},{"taxonomy":"42wp_author","embeddable":true,"href":"https:\/\/grandepremio.com\/es\/wp-json\/wp\/v2\/42wp_author?post=7152"}],"curies":[{"name":"wp","href":"https:\/\/api.w.org\/{rel}","templated":true}]}}