{"id":7164,"date":"2025-06-02T11:42:30","date_gmt":"2025-06-02T14:42:30","guid":{"rendered":"https:\/\/grandepremio.com\/es\/2025\/06\/02\/padre-marini-revela-salido-uci-mejorando\/"},"modified":"2025-06-02T11:42:34","modified_gmt":"2025-06-02T14:42:34","slug":"padre-marini-revela-salido-uci-mejorando","status":"publish","type":"post","link":"https:\/\/grandepremio.com\/es\/motogp\/padre-marini-revela-salido-uci-mejorando\/","title":{"rendered":"El padre de Marini revela que ha salido de la UCI y dice que est\u00e1 &#8220;mejorando r\u00e1pidamente&#8221;"},"content":{"rendered":"\n<p class=\"wp-block-paragraph\">De cara a la pr\u00f3xima cita de<strong> MotoGP<\/strong>, que ser\u00e1 el <strong>GP de Arag\u00f3n<\/strong> el pr\u00f3ximo fin de semana, aun es incierto el panorama con respecto a <strong>Luca Marini<\/strong>, ya que el piloto de <strong>Honda <\/strong>contin\u00faa recuper\u00e1ndose de la fuerte ca\u00edda que sufri\u00f3 en un entrenamiento de preparaci\u00f3n para las<strong> 8 horas de Suzuka<\/strong> del <strong>EWC<\/strong>, el campeonato de endurance de las motos.<\/p>\n\n\n\n<p class=\"wp-block-paragraph\">\ud83d\udfe5&nbsp;<strong><em>\u00a1Todas las novedades te esperan en el canal de&nbsp;<\/em><\/strong><a href=\"https:\/\/www.youtube.com\/@GrandePremioES\"><em>YouTube<\/em><\/a><strong><em>&nbsp;de Grande Pr\u00eamio en Espa\u00f1ol!<\/em><\/strong>&nbsp;\ud83d\udfe8<\/p>\n\n\n\n<p class=\"wp-block-paragraph\">Honda hab\u00eda informado el pasado mi\u00e9rcoles que el italiano sufri\u00f3 una dislocaci\u00f3n en su cadera, del lado derecho, da\u00f1os en el ligamento de la rodilla izquierda, una fractura en el estern\u00f3n y la clav\u00edcula izquierda, adem\u00e1s de sufrir un neumot\u00f3rax en el pulm\u00f3n derecho, es decir, cuando el aire se escapa a la cavidad pleural (entre el pulm\u00f3n y la pared tor\u00e1cica).<\/p>\n\n\n\n<p class=\"wp-block-paragraph\"><strong>Massimo Marini<\/strong>, el padre de Luca, habl\u00f3 con el diario <em>Resto del Carlino<\/em> y desvel\u00f3 que su hijo abandon\u00f3 la Unidad de Cuidados Intensivos: <strong>\u201cHablamos por tel\u00e9fono y pude o\u00edrlo bien, aunque su voz todav\u00eda estaba cansada. Lo importante es que su estado cl\u00ednico est\u00e1 mejorando r\u00e1pidamente y ha salido de cuidados intensivos\u201d.<\/strong><\/p>\n\n\n\n<figure class=\"wp-block-embed is-type-video is-provider-youtube wp-block-embed-youtube wp-embed-aspect-16-9 wp-has-aspect-ratio\"><div class=\"wp-block-embed__wrapper\">\n<iframe loading=\"lazy\" title=\"PIASTRI, CON UN FIN DE SEMANA PERFECTO EN ESPA\u00d1A  | Briefing\" width=\"500\" height=\"281\" src=\"https:\/\/www.youtube.com\/embed\/FtC6ulU7EQQ?feature=oembed\" frameborder=\"0\" allow=\"accelerometer; autoplay; clipboard-write; encrypted-media; gyroscope; picture-in-picture; web-share\" referrerpolicy=\"strict-origin-when-cross-origin\" allowfullscreen><\/iframe>\n<\/div><\/figure>\n\n\n\n<p class=\"wp-block-paragraph\">Seg\u00fan Massimo, su hijo podr\u00e1 volver a suelo europeo reci\u00e9n en diez d\u00edas, por lo que el fabricante japon\u00e9s deber\u00e1 encontrarle un reemplazo para el evento en el <strong>Motorland<\/strong>: <strong>\u201cDentro de diez d\u00edas, quiz\u00e1 incluso antes, podr\u00e1 regresar a Italia. Por supuesto, Honda lo est\u00e1 siguiendo de cerca\u201d.<\/strong><br><br><strong>\u201cOtra cosa positiva es que la tomograf\u00eda descart\u00f3 cualquier problema en los ligamentos de la rodilla, por lo que no ser\u00e1 necesaria una cirug\u00eda. Con fisioterapia, podr\u00e1 volver a ponerse de pie\u201d<\/strong>, concluy\u00f3.<br><br>\u23e9 <em><strong>\u00a1Seguinos en redes por <\/strong><\/em><a href=\"https:\/\/twitter.com\/grandepremioES\"><em><u>Twitter <\/u><\/em><\/a><em><strong>e <\/strong><\/em><a href=\"https:\/\/www.instagram.com\/grandepremioes\/\"><em><u>Instagram!<br><\/u><\/em><\/a>\u23e9 <em><strong>Adem\u00e1s, tenemos nuestro <\/strong><\/em><a href=\"https:\/\/whatsapp.com\/channel\/0029VaDZ5zb0gcfDxuwxBM05\"><em><u>canal de Whatsapp<\/u><\/em><\/a><em><strong> con toda la informaci\u00f3n al instante<\/strong><\/em> \ud83c\udfc1<\/p>\n\n\n\n<p class=\"wp-block-paragraph\">MotoGP vuelve a acelerar entre el 6 y el 8 de junio con el GP de Arag\u00f3n, en Espa\u00f1a, para la octava etapa de la temporada 2025. GRANDE PR\u00caMIO ofrece una cobertura completa del evento.<\/p>\n","protected":false},"excerpt":{"rendered":"<p>En una entrevista con el peri\u00f3dico italiano Resto del Carlino, Massimo Marini revel\u00f3 que Luca Marini ya ha salido de la Unidad de Cuidados Intensivos tras el grave accidente que sufri\u00f3 en Suzuka, pero que a\u00fan tardar\u00e1 unos diez d\u00edas en poder regresar a Italia.<\/p>\n","protected":false},"author":0,"featured_media":1010342160,"comment_status":"closed","ping_status":"closed","sticky":false,"template":"","format":"standard","meta":{"42wp_featured_image_caption":"","42wp_featured_image_credits":"","42wp_featured_video":"","42wp_featured_image_hidden":false,"42wp_authors_list":[],"footnotes":""},"categories":[8],"tags":[4572,4573,1571,221,1614,12421,1293,1596],"42wp_author":[14237],"class_list":["post-7164","post","type-post","status-publish","format-standard","has-post-thumbnail","hentry","category-motogp","tag-8-horas-de-suzuka","tag-ewc","tag-gp-de-aragon","tag-honda","tag-luca-marini","tag-massimo-marini","tag-motogp","tag-motorland","42wp_author-gabriel-garcia"],"_links":{"self":[{"href":"https:\/\/grandepremio.com\/es\/wp-json\/wp\/v2\/posts\/7164","targetHints":{"allow":["GET"]}}],"collection":[{"href":"https:\/\/grandepremio.com\/es\/wp-json\/wp\/v2\/posts"}],"about":[{"href":"https:\/\/grandepremio.com\/es\/wp-json\/wp\/v2\/types\/post"}],"replies":[{"embeddable":true,"href":"https:\/\/grandepremio.com\/es\/wp-json\/wp\/v2\/comments?post=7164"}],"version-history":[{"count":0,"href":"https:\/\/grandepremio.com\/es\/wp-json\/wp\/v2\/posts\/7164\/revisions"}],"wp:featuredmedia":[{"embeddable":true,"href":"https:\/\/grandepremio.com\/es\/wp-json\/wp\/v2\/media\/1010342160"}],"wp:attachment":[{"href":"https:\/\/grandepremio.com\/es\/wp-json\/wp\/v2\/media?parent=7164"}],"wp:term":[{"taxonomy":"category","embeddable":true,"href":"https:\/\/grandepremio.com\/es\/wp-json\/wp\/v2\/categories?post=7164"},{"taxonomy":"post_tag","embeddable":true,"href":"https:\/\/grandepremio.com\/es\/wp-json\/wp\/v2\/tags?post=7164"},{"taxonomy":"42wp_author","embeddable":true,"href":"https:\/\/grandepremio.com\/es\/wp-json\/wp\/v2\/42wp_author?post=7164"}],"curies":[{"name":"wp","href":"https:\/\/api.w.org\/{rel}","templated":true}]}}