{"id":7170,"date":"2025-06-02T10:05:18","date_gmt":"2025-06-02T13:05:18","guid":{"rendered":"https:\/\/grandepremio.com\/es\/2025\/06\/02\/cardoso-yannantuoni-ganan-ronda-tcr-sudamericano-termas-rio-hondo\/"},"modified":"2025-06-02T10:05:42","modified_gmt":"2025-06-02T13:05:42","slug":"cardoso-yannantuoni-ganan-ronda-tcr-sudamericano-termas-rio-hondo","status":"publish","type":"post","link":"https:\/\/grandepremio.com\/es\/turismo\/cardoso-yannantuoni-ganan-ronda-tcr-sudamericano-termas-rio-hondo\/","title":{"rendered":"Cardoso y Yannantuoni ganan la ronda del TCR Sudamericano en Termas de R\u00edo Hondo"},"content":{"rendered":"\n<p class=\"wp-block-paragraph\">En un domingo intenso de <strong>TCR Sudamericano<\/strong> en <strong>Termas de R\u00edo Hondo<\/strong>, escenario de la cuarta prueba de la <strong>temporada 2025<\/strong>, <strong>Pedro Cardoso<\/strong> y <strong>Fabi\u00e1n Yannantuoni<\/strong> fueron los grandes vencedores. La victoria del actual campe\u00f3n de la categor\u00eda fue la primera de un brasile\u00f1o en el campeonato, dominado ampliamente por pilotos de <strong>Argentina<\/strong>. La prueba en <strong>Santiago del Estero<\/strong> fue la \u00faltima de la seguidilla en territorio argentino, que comenz\u00f3 en <strong>Rosario<\/strong>, <strong>Ober\u00e1<\/strong> y <strong>San Juan<\/strong>. Ahora el campeonato se mover\u00e1 a <strong>Uruguay<\/strong> y culminar\u00e1 m\u00e1s tarde en <strong>Brasil<\/strong>.<\/p>\n\n\n\n<p class=\"wp-block-paragraph\">En la <strong>carrera 1<\/strong>, tanto <strong>Nelsinho Piquet<\/strong> &#8211; que part\u00eda desde la pole &#8211; como <strong>Leonel Pern\u00eda<\/strong> tuvieron problemas en la salida, y el l\u00edder del campeonato lleg\u00f3 a caer al \u00faltimo lugar del pelot\u00f3n. Cardoso, que part\u00eda desde la tercera posici\u00f3n, aprovech\u00f3 la situaci\u00f3n y se puso en cabeza, aunque tuvo que lidiar con la presi\u00f3n de su compatriota de principio a fin.<\/p>\n\n\n\n<p class=\"wp-block-paragraph\">Leonel, sin embargo, no tard\u00f3 en empezar a recuperarse, escalando hasta la s\u00e9ptima plaza en la tercera vuelta, mientras Yannantuoni y <strong>Raphael Reis<\/strong> se enzarzaban en una encarnizada batalla por un puesto en el podio. El brasile\u00f1o del #77, sin embargo, sufri\u00f3 problemas con el coche en la \u00faltima vuelta y cay\u00f3 en la parrilla, allanando el camino para que su rival del <strong>Paladini Racing<\/strong> completara el top 3.<\/p>\n\n\n\n<p class=\"wp-block-paragraph\">Al final, Pedro tom\u00f3 la bandera a cuadros con una ventaja de 1s2 sobre Piquet. Leonel Pern\u00eda qued\u00f3 detr\u00e1s de Fabi\u00e1n en cuarto lugar, con <strong>Tiago Pern\u00eda<\/strong>, <strong>Mariano Pern\u00eda<\/strong>, <strong>Genaro Rasetto<\/strong>, <strong>Luis Ram\u00edrez<\/strong>, <strong>Exequiel Bastidas<\/strong> y <strong>Enzo Gianfratti<\/strong> completando los diez primeros.<\/p>\n\n\n\n<p class=\"wp-block-paragraph\">\ud83d\udfe5&nbsp;<strong><em>\u00a1Todas las novedades te esperan en el canal de&nbsp;<\/em><\/strong><a href=\"https:\/\/www.youtube.com\/@GrandePremioES\"><em>YouTube<\/em><\/a><strong><em>&nbsp;de Grande Pr\u00eamio en Espa\u00f1ol!<\/em><\/strong>&nbsp;\ud83d\udfe8<\/p>\n\n\n\n<figure class=\"wp-block-image size-large\"><img decoding=\"async\" src=\"https:\/\/grandepremio.com\/cdn-cgi\/image\/width=893,height=558,fit=contain,gravity=0.5x0.5,quality=75,format=webp\/es\/wp-content\/uploads\/2025\/06\/unnamed-1024x682.jpg\" alt=\"\" class=\"wp-image-342129\"\/><figcaption class=\"wp-element-caption\">Fabi\u00e1n Yannantuoni se qued\u00f3 con la victoria en la carrera 2 en el final. (Foto: TCR Sudamericano)<\/figcaption><\/figure>\n\n\n\n<p class=\"wp-block-paragraph\">\u23e9\u00a0<strong><em>\u00a1Seguinos en redes por\u00a0<\/em><\/strong><a href=\"https:\/\/twitter.com\/grandepremioES\"><em>Twitter\u00a0<\/em><\/a><strong><em>e\u00a0<\/em><\/strong><a href=\"https:\/\/www.instagram.com\/grandepremioes\/\"><em>Instagram!<br><\/em><\/a>\u23e9\u00a0<strong><em>Adem\u00e1s, tenemos nuestro\u00a0<\/em><\/strong><a href=\"https:\/\/whatsapp.com\/channel\/0029VaDZ5zb0gcfDxuwxBM05\"><em>canal de Whatsapp<\/em><\/a><strong><em>\u00a0con toda la informaci\u00f3n al instante<\/em><\/strong>\u00a0\ud83c\udfc1<\/p>\n\n\n\n<p class=\"wp-block-paragraph\">Unas horas m\u00e1s tarde, con los pilotos colocados en parrilla invertida para la segunda carrera, fue <strong>Fabricio Pezzini<\/strong> quien arranc\u00f3 en primera posici\u00f3n, seguido de cerca por Rasetto en segunda. En una carrera marcada por numerosas disputas en pista, Leonel Pern\u00eda y Piquet fueron algunos de los m\u00e1s destacados, ya que ocuparon las dos \u00faltimas plazas del podio tras salir noveno y d\u00e9cimo respectivamente.<\/p>\n\n\n\n<p class=\"wp-block-paragraph\">Tras ser tocado por Ram\u00edrez en la salida, Pezzini sufri\u00f3 problemas de vibraciones en el <strong>Cupra<\/strong> #113 durante las 18 vueltas, pero especialmente en las \u00faltimas. Como resultado, se levant\u00f3 el capot en el giro final, se comenz\u00f3 a desprender el paragolpes delantero y no pudo mantener el liderato, siendo superado por Yannantuoni en los instantes finales para cruzar la l\u00ednea de meta 3s220 por delante del segundo clasificado.<\/p>\n\n\n\n<p class=\"wp-block-paragraph\">Leonel Pern\u00eda, Piquet, Pezzini, Mariano Pern\u00eda, Cardoso, Rasetto, Tiago Pern\u00eda, Reis y <strong>Adri\u00e1n Chiriano<\/strong> completaron el top 10. Con el resultado, el argentino del <strong>Honda<\/strong> #44 lleg\u00f3 a 283 puntos en el campeonato y se mantuvo en el liderazgo, con Pedro sigui\u00e9ndolo de cerca con 239 y Nelsinho tercero con 189.<\/p>\n\n\n\n<p class=\"wp-block-paragraph\">El <strong>TCR Sudamericano<\/strong> vuelve los d\u00edas 12 y 13 de julio con la quinta prueba de la <strong>temporada 2025<\/strong>, la primera en territorio uruguayo, en el <strong>Aut\u00f3dromo de Mercedes<\/strong>.<\/p>\n\n\n\n<figure class=\"wp-block-embed is-type-video is-provider-youtube wp-block-embed-youtube wp-embed-aspect-16-9 wp-has-aspect-ratio\"><div class=\"wp-block-embed__wrapper\">\n<iframe loading=\"lazy\" title=\"PIASTRI, CON UN FIN DE SEMANA PERFECTO EN ESPA\u00d1A  | Briefing\" width=\"500\" height=\"281\" src=\"https:\/\/www.youtube.com\/embed\/FtC6ulU7EQQ?feature=oembed\" frameborder=\"0\" allow=\"accelerometer; autoplay; clipboard-write; encrypted-media; gyroscope; picture-in-picture; web-share\" referrerpolicy=\"strict-origin-when-cross-origin\" allowfullscreen><\/iframe>\n<\/div><\/figure>\n","protected":false},"excerpt":{"rendered":"<p>Pedro Cardoso cort\u00f3 el dominio argentino en las primeras cuatro fechas del TCR Sudamericano en Argentina y venci\u00f3 en la carrera 1 en Termas de R\u00edo Hondo. Fabi\u00e1n Yannantuoni se encontr\u00f3 con el triunfo en la segunda competencia en el final.<\/p>\n","protected":false},"author":0,"featured_media":1000980838,"comment_status":"closed","ping_status":"closed","sticky":false,"template":"","format":"standard","meta":{"42wp_featured_image_caption":"","42wp_featured_image_credits":"","42wp_featured_video":"","42wp_featured_image_hidden":false,"42wp_authors_list":[],"footnotes":""},"categories":[11],"tags":[8760,2450,10175,4422,6972,1320,12420,1444],"42wp_author":[14240],"class_list":["post-7170","post","type-post","status-publish","format-standard","has-post-thumbnail","hentry","category-turismo","tag-fabian-yannantuoni","tag-fabricio-pezzini","tag-paladini-racing","tag-pedro-cardoso","tag-pmo-racing","tag-tcr-sudamericano","tag-tcr-sudamericano-2025","tag-termas-de-rio-hondo","42wp_author-ignacio-bogado"],"_links":{"self":[{"href":"https:\/\/grandepremio.com\/es\/wp-json\/wp\/v2\/posts\/7170","targetHints":{"allow":["GET"]}}],"collection":[{"href":"https:\/\/grandepremio.com\/es\/wp-json\/wp\/v2\/posts"}],"about":[{"href":"https:\/\/grandepremio.com\/es\/wp-json\/wp\/v2\/types\/post"}],"replies":[{"embeddable":true,"href":"https:\/\/grandepremio.com\/es\/wp-json\/wp\/v2\/comments?post=7170"}],"version-history":[{"count":0,"href":"https:\/\/grandepremio.com\/es\/wp-json\/wp\/v2\/posts\/7170\/revisions"}],"wp:featuredmedia":[{"embeddable":true,"href":"https:\/\/grandepremio.com\/es\/wp-json\/wp\/v2\/media\/1000980838"}],"wp:attachment":[{"href":"https:\/\/grandepremio.com\/es\/wp-json\/wp\/v2\/media?parent=7170"}],"wp:term":[{"taxonomy":"category","embeddable":true,"href":"https:\/\/grandepremio.com\/es\/wp-json\/wp\/v2\/categories?post=7170"},{"taxonomy":"post_tag","embeddable":true,"href":"https:\/\/grandepremio.com\/es\/wp-json\/wp\/v2\/tags?post=7170"},{"taxonomy":"42wp_author","embeddable":true,"href":"https:\/\/grandepremio.com\/es\/wp-json\/wp\/v2\/42wp_author?post=7170"}],"curies":[{"name":"wp","href":"https:\/\/api.w.org\/{rel}","templated":true}]}}