{"id":7183,"date":"2025-06-01T13:39:29","date_gmt":"2025-06-01T16:39:29","guid":{"rendered":"https:\/\/grandepremio.com\/es\/2025\/06\/01\/lance-stroll-aston-martin-enojo-destrozos-boxes-caida-q2-clasificacion-gp-espana\/"},"modified":"2025-06-01T15:06:56","modified_gmt":"2025-06-01T18:06:56","slug":"lance-stroll-aston-martin-enojo-destrozos-boxes-caida-q2-clasificacion-gp-espana","status":"publish","type":"post","link":"https:\/\/grandepremio.com\/es\/f1\/lance-stroll-aston-martin-enojo-destrozos-boxes-caida-q2-clasificacion-gp-espana\/","title":{"rendered":"Stroll insulta a mec\u00e1nicos y causa destrozos en box de Aston Martin tras ca\u00edda en Q2"},"content":{"rendered":"\n<p class=\"wp-block-paragraph\"><a href=\"https:\/\/grandepremio.com\/es\/f1\/lance-stroll-aston-martin-lesion-mano-abandono-gp-espana-f1-2025\/\">Lance Stroll ni siquiera particip\u00f3 en el Gran Premio de Espa\u00f1a debido a un dolor en la mu\u00f1eca<\/a>, pero particip\u00f3 en el resto del fin de semana y tuvo una clasificaci\u00f3n escu\u00e1lida. Tras terminar 14\u00ba y quedar eliminado en la Q2, a m\u00e1s de 0s5 de <strong>Fernando Alonso<\/strong>, el canadiense perdi\u00f3 los nervios en el box y destroz\u00f3 el equipamiento del <strong>Aston Martin<\/strong> en un episodio de rabia.<\/p>\n\n\n\n<p class=\"wp-block-paragraph\">\ud83d\udfe5&nbsp;<strong><em>\u00a1Todas las novedades te esperan en el canal de&nbsp;<\/em><\/strong><a href=\"https:\/\/www.youtube.com\/@GrandePremioES\"><em>YouTube<\/em><\/a><strong><em>&nbsp;de Grande Pr\u00eamio en Espa\u00f1ol!<\/em><\/strong>&nbsp;\ud83d\udfe8<\/p>\n\n\n\n<figure class=\"wp-block-embed is-type-video is-provider-youtube wp-block-embed-youtube wp-embed-aspect-16-9 wp-has-aspect-ratio\"><div class=\"wp-block-embed__wrapper\">\n<iframe loading=\"lazy\" title=\"PIASTRI, CON UN FIN DE SEMANA PERFECTO EN ESPA\u00d1A  | Briefing\" width=\"500\" height=\"281\" src=\"https:\/\/www.youtube.com\/embed\/FtC6ulU7EQQ?feature=oembed\" frameborder=\"0\" allow=\"accelerometer; autoplay; clipboard-write; encrypted-media; gyroscope; picture-in-picture; web-share\" referrerpolicy=\"strict-origin-when-cross-origin\" allowfullscreen><\/iframe>\n<\/div><\/figure>\n\n\n\n<p class=\"wp-block-paragraph\">La informaci\u00f3n procede del diario ingl\u00e9s BBC, que tambi\u00e9n a\u00f1ade que <strong>Stroll <\/strong>insult\u00f3 a miembros del equipo durante su arrebato. En 2023, en <strong>Qatar<\/strong>, el #18 tuvo un episodio similar, cuando discuti\u00f3 con su entrenador personal luego de la clasificaci\u00f3n en <strong>Lusail<\/strong>.<\/p>\n\n\n\n<p class=\"wp-block-paragraph\">Aunque rompi\u00f3 elementos del equipo y luego fue retirado del <strong>Gran Premio de Espa\u00f1a<\/strong> con dolor en la mu\u00f1eca, los episodios no est\u00e1n relacionados, seg\u00fan la publicaci\u00f3n brit\u00e1nica, que escuch\u00f3 a un portavoz de <strong>Aston Martin.<\/strong><\/p>\n\n\n\n<p class=\"wp-block-paragraph\">La dolencia que apart\u00f3 a <strong>Stroll<\/strong> de la carrera en <strong>Barcelona<\/strong>, seg\u00fan <strong>Aston Martin<\/strong>, es consecuencia de las lesiones que sufri\u00f3 a principios de 2023, cuando se cay\u00f3 de la moto y se fractur\u00f3 ambas manos. Se recuper\u00f3 a tiempo para la temporada, pero a\u00fan siente algunas molestias como consecuencia del accidente.<\/p>\n\n\n\n<p class=\"wp-block-paragraph\">\u23e9&nbsp;<strong><em>\u00a1Seguinos en redes por&nbsp;<\/em><\/strong><a href=\"https:\/\/twitter.com\/grandepremioES\"><em>Twitter&nbsp;<\/em><\/a><strong><em>e&nbsp;<\/em><\/strong><a href=\"https:\/\/www.instagram.com\/grandepremioes\/\"><em>Instagram!<br><\/em><\/a>\u23e9&nbsp;<strong><em>Adem\u00e1s, tenemos nuestro&nbsp;<\/em><\/strong><a href=\"https:\/\/whatsapp.com\/channel\/0029VaDZ5zb0gcfDxuwxBM05\"><em>canal de Whatsapp<\/em><\/a><strong><em>&nbsp;con toda la informaci\u00f3n al instante<\/em><\/strong>&nbsp;\ud83c\udfc1<\/p>\n\n\n\n<figure class=\"wp-block-image size-large\"><img decoding=\"async\" src=\"https:\/\/grandepremio.com\/es\/wp-content\/uploads\/2025\/06\/emilia-romanha-2025-f1-quinta-feira-aston-martin-lance-stroll-afp-01-1200x800-1-1024x683.jpg\" alt=\"\" class=\"wp-image-342022\"\/><figcaption class=\"wp-element-caption\">Lance Stroll no disput\u00f3 el GP de Espa\u00f1a tras reportar una dolencia en su mano (Foto: AFP)<\/figcaption><\/figure>\n\n\n\n<p class=\"wp-block-paragraph\">\u00abDurante las \u00faltimas seis semanas, <strong>Lance <\/strong>ha estado experimentando dolor en la mano y la mu\u00f1eca, que, seg\u00fan su m\u00e9dico, est\u00e1 relacionado con el procedimiento al que se someti\u00f3 en 2023\u00bb, comenz\u00f3 <strong>Aston Martin<\/strong> en un comunicado. \u00abComo resultado, el equipo m\u00e9dico confirm\u00f3 que no correr\u00e1 ma\u00f1ana y se someter\u00e1 a un nuevo procedimiento para corregir estos problemas antes de centrarse en la recuperaci\u00f3n\u00bb, concluy\u00f3.<\/p>\n\n\n\n<p class=\"wp-block-paragraph\">Con la nueva intervenci\u00f3n quir\u00fargica prevista, la participaci\u00f3n de <strong>Stroll <\/strong>en su carrera de casa, en <strong>Canad\u00e1<\/strong>, entre el 13 y el 15 de junio, est\u00e1 en duda. Sin embargo, <strong>Aston Martin<\/strong> puede tener problemas para encontrar un sustituto en caso de necesitarlo. <strong>Stoffel Vandoorne<\/strong> y <strong>Felipe Drugovich<\/strong>, los reservas del equipo de <strong>Silverstone<\/strong>, estar\u00e1n en <strong>Francia <\/strong>ese fin de semana para las <strong>24 Horas de Le Mans<\/strong>.<\/p>\n\n\n\n<p class=\"wp-block-paragraph\">Adem\u00e1s del episodio en boxes y el abandono en <strong>Espa\u00f1a<\/strong>, <strong>Stroll <\/strong>tambi\u00e9n fue protagonista tras la clasificaci\u00f3n por no acudir al pesaje obligatorio al terminar la sesi\u00f3n. La <strong>FIA <\/strong>investig\u00f3 y s\u00f3lo advirti\u00f3 al canadiense, que explic\u00f3 que no acudi\u00f3 al pesaje inmediatamente porque necesitaba atenci\u00f3n m\u00e9dica.<\/p>\n\n\n\n<p class=\"wp-block-paragraph\">La&nbsp;<strong>F\u00f3rmula 1<\/strong>&nbsp;regresa del 13 al 15 de junio en&nbsp;<strong>Montreal&nbsp;<\/strong>para disputar el&nbsp;<strong>Gran Premio de Canad\u00e1<\/strong>, d\u00e9cima fecha de la&nbsp;<strong>temporada 2025<\/strong>.<\/p>\n","protected":false},"excerpt":{"rendered":"<p>Tras quedar a 0s5 de Fernando Alonso en la Q2 de la clasificaci\u00f3n, Lance Stroll perdi\u00f3 los nervios en el box del Aston Martin y protagoniz\u00f3 un esc\u00e1ndalo, seg\u00fan la BBC<\/p>\n","protected":false},"author":0,"featured_media":1010341628,"comment_status":"closed","ping_status":"closed","sticky":false,"template":"","format":"standard","meta":{"42wp_featured_image_caption":"","42wp_featured_image_credits":"","42wp_featured_video":"","42wp_featured_image_hidden":false,"42wp_authors_list":[],"footnotes":""},"categories":[5],"tags":[209,181,1710,179,8059,12251,1488,359,9647],"42wp_author":[14239],"class_list":["post-7183","post","type-post","status-publish","format-standard","has-post-thumbnail","hentry","category-f1","tag-aston-martin","tag-f1","tag-f1-2025","tag-formula-1","tag-formula-1-2025","tag-gp-de-espana-2025","tag-grande-premio","tag-lance-stroll","tag-temporada-2025-f1","42wp_author-jp-otrosky"],"_links":{"self":[{"href":"https:\/\/grandepremio.com\/es\/wp-json\/wp\/v2\/posts\/7183","targetHints":{"allow":["GET"]}}],"collection":[{"href":"https:\/\/grandepremio.com\/es\/wp-json\/wp\/v2\/posts"}],"about":[{"href":"https:\/\/grandepremio.com\/es\/wp-json\/wp\/v2\/types\/post"}],"replies":[{"embeddable":true,"href":"https:\/\/grandepremio.com\/es\/wp-json\/wp\/v2\/comments?post=7183"}],"version-history":[{"count":0,"href":"https:\/\/grandepremio.com\/es\/wp-json\/wp\/v2\/posts\/7183\/revisions"}],"wp:featuredmedia":[{"embeddable":true,"href":"https:\/\/grandepremio.com\/es\/wp-json\/wp\/v2\/media\/1010341628"}],"wp:attachment":[{"href":"https:\/\/grandepremio.com\/es\/wp-json\/wp\/v2\/media?parent=7183"}],"wp:term":[{"taxonomy":"category","embeddable":true,"href":"https:\/\/grandepremio.com\/es\/wp-json\/wp\/v2\/categories?post=7183"},{"taxonomy":"post_tag","embeddable":true,"href":"https:\/\/grandepremio.com\/es\/wp-json\/wp\/v2\/tags?post=7183"},{"taxonomy":"42wp_author","embeddable":true,"href":"https:\/\/grandepremio.com\/es\/wp-json\/wp\/v2\/42wp_author?post=7183"}],"curies":[{"name":"wp","href":"https:\/\/api.w.org\/{rel}","templated":true}]}}