{"id":7196,"date":"2025-05-31T16:18:08","date_gmt":"2025-05-31T19:18:08","guid":{"rendered":"https:\/\/grandepremio.com\/es\/2025\/05\/31\/charles-leclerc-ferrari-clasificacion-gp-espana-f1-2025\/"},"modified":"2025-05-31T16:18:12","modified_gmt":"2025-05-31T19:18:12","slug":"charles-leclerc-ferrari-clasificacion-gp-espana-f1-2025","status":"publish","type":"post","link":"https:\/\/grandepremio.com\/es\/f1\/charles-leclerc-ferrari-clasificacion-gp-espana-f1-2025\/","title":{"rendered":"Leclerc acepta &#8220;sacrificio&#8221; de Ferrari en clasificaci\u00f3n y busca el podio en Espa\u00f1a"},"content":{"rendered":"\n<p class=\"wp-block-paragraph\"><strong>Charles Leclerc<\/strong> asumi\u00f3 la responsabilidad de renunciar a un segundo intento de vuelta r\u00e1pida en la Q3 para ahorrarse un juego de neum\u00e1ticos blandos nuevos para el <strong>Gran Premio de Espa\u00f1a<\/strong>. El monegasco acab\u00f3 s\u00e9ptimo e incluso admiti\u00f3 que, para <strong>Ferrari<\/strong>, lo habr\u00eda hecho de otra manera.<\/p>\n\n\n\n<p class=\"wp-block-paragraph\">\ud83d\udfe5&nbsp;<strong><em>\u00a1Todas las novedades te esperan en el canal de&nbsp;<\/em><\/strong><a href=\"https:\/\/www.youtube.com\/@GrandePremioES\"><em>YouTube<\/em><\/a><strong><em>&nbsp;de Grande Pr\u00eamio en Espa\u00f1ol!<\/em><\/strong>&nbsp;\ud83d\udfe8<\/p>\n\n\n\n<p class=\"wp-block-paragraph\">La mejor vuelta de <strong>Leclerc<\/strong> fue de 1:12:131, mientras que su compa\u00f1ero <strong>Lewis Hamilton<\/strong> fue quinto. En declaraciones a la cadena brit\u00e1nica Sky Sports, explic\u00f3 su estrategia y dej\u00f3 claro que apostaba fuerte por el ritmo de carrera del SF-25.<\/p>\n\n\n\n<p class=\"wp-block-paragraph\">&#8220;No me quedaban neum\u00e1ticos. Creo que fuimos uno de los \u00fanicos coches que s\u00f3lo tuvo cuatro juegos nuevos de neum\u00e1ticos blandos durante toda la clasificaci\u00f3n&#8221;, empez\u00f3 <strong>Charles<\/strong>. \u00abTodos los dem\u00e1s ten\u00edan cinco juegos nuevos de neum\u00e1ticos blandos\u00bb, a\u00f1adi\u00f3.<\/p>\n\n\n\n<p class=\"wp-block-paragraph\">&#8220;Ya sab\u00eda que iba a ser dif\u00edcil y s\u00f3lo quer\u00eda usar tres, lo que nos complic\u00f3 mucho la vida. Asumo la responsabilidad por esto, porque el equipo lo quer\u00eda de otra manera, pero estoy muy contento con mi elecci\u00f3n&#8221;, asegur\u00f3.<\/p>\n\n\n\n<p class=\"wp-block-paragraph\">\u23e9\u00a0<strong><em>\u00a1Seguinos en redes por\u00a0<\/em><\/strong><a href=\"https:\/\/twitter.com\/grandepremioES\"><em>Twitter\u00a0<\/em><\/a><strong><em>e\u00a0<\/em><\/strong><a href=\"https:\/\/www.instagram.com\/grandepremioes\/\"><em>Instagram!<br><\/em><\/a>\u23e9\u00a0<strong><em>Adem\u00e1s, tenemos nuestro\u00a0<\/em><\/strong><a href=\"https:\/\/whatsapp.com\/channel\/0029VaDZ5zb0gcfDxuwxBM05\"><em>canal de Whatsapp<\/em><\/a><strong><em>\u00a0con toda la informaci\u00f3n al instante<\/em><\/strong>\u00a0\ud83c\udfc1<\/p>\n\n\n\n<figure class=\"wp-block-image size-full\"><img decoding=\"async\" src=\"https:\/\/grandepremio.com\/es\/wp-content\/uploads\/..\/gp_br_uploads\/2025\/05\/espanha-2025-f1-classificacao-ferrari-charles-leclerc-01.jpg\" alt=\"\" class=\"wp-image-341692\"\/><figcaption class=\"wp-element-caption\">Al igual que Lewis Hamilton, Charles Leclerc destac\u00f3 el funcionamiento de Ferrari en Espa\u00f1a (Foto: Ferrari)<\/figcaption><\/figure>\n\n\n\n<p class=\"wp-block-paragraph\">&#8220;Sacrifiqu\u00e9 mi resultado hoy y espero ser recompensado ma\u00f1ana. Si eso no ocurre, es culpa m\u00eda&#8221;, dijo <strong>Leclerc<\/strong>. Cuando se le pregunt\u00f3 cu\u00e1l ser\u00eda su objetivo para la carrera, fue contundente.<\/p>\n\n\n\n<p class=\"wp-block-paragraph\">&#8220;El podio. Creo que el ritmo de carrera es fuerte, depende de los adelantamientos que hagamos&#8221;, concluy\u00f3.<\/p>\n\n\n\n<p class=\"wp-block-paragraph\">La&nbsp;<strong>F1&nbsp;<\/strong>se encuentra en&nbsp;<strong>Barcelona&nbsp;<\/strong>para disputar el&nbsp;<strong>GP de Espa\u00f1a<\/strong>, novena fecha de la temporada 2025. Este domingo, a partir de las 10:00 (hora de Buenos Aires), comenzar\u00e1 la carrera principal del fin de semana.&nbsp;<strong>GRANDE PREMIO en ESPA\u00d1OL<\/strong>&nbsp;ofrece una cobertura del evento&nbsp;<strong>EN DIRECTO<\/strong>&nbsp;y en&nbsp;<strong>TIEMPO REAL.<\/strong><\/p>\n\n\n\n<figure class=\"wp-block-embed is-type-video is-provider-youtube wp-block-embed-youtube wp-embed-aspect-16-9 wp-has-aspect-ratio\"><div class=\"wp-block-embed__wrapper\">\n<iframe loading=\"lazy\" title=\"GP DE ESPA\u00d1A 2025 - LA PREVIA\" width=\"500\" height=\"281\" src=\"https:\/\/www.youtube.com\/embed\/JPB9HVd32_U?feature=oembed\" frameborder=\"0\" allow=\"accelerometer; autoplay; clipboard-write; encrypted-media; gyroscope; picture-in-picture; web-share\" referrerpolicy=\"strict-origin-when-cross-origin\" allowfullscreen><\/iframe>\n<\/div><\/figure>\n","protected":false},"excerpt":{"rendered":"<p>Charles Leclerc apoy\u00f3 la decisi\u00f3n de hacer s\u00f3lo una vuelta r\u00e1pida en la Q3 para ahorrar neum\u00e1ticos y dijo que si no funciona, es su responsabilidad<\/p>\n","protected":false},"author":0,"featured_media":1010341595,"comment_status":"closed","ping_status":"closed","sticky":false,"template":"","format":"standard","meta":{"42wp_featured_image_caption":"","42wp_featured_image_credits":"","42wp_featured_video":"","42wp_featured_image_hidden":false,"42wp_authors_list":[],"footnotes":""},"categories":[5],"tags":[247,181,1710,185,179,8059,12251,1488,9647],"42wp_author":[14239],"class_list":["post-7196","post","type-post","status-publish","format-standard","has-post-thumbnail","hentry","category-f1","tag-charles-leclerc","tag-f1","tag-f1-2025","tag-ferrari","tag-formula-1","tag-formula-1-2025","tag-gp-de-espana-2025","tag-grande-premio","tag-temporada-2025-f1","42wp_author-jp-otrosky"],"_links":{"self":[{"href":"https:\/\/grandepremio.com\/es\/wp-json\/wp\/v2\/posts\/7196","targetHints":{"allow":["GET"]}}],"collection":[{"href":"https:\/\/grandepremio.com\/es\/wp-json\/wp\/v2\/posts"}],"about":[{"href":"https:\/\/grandepremio.com\/es\/wp-json\/wp\/v2\/types\/post"}],"replies":[{"embeddable":true,"href":"https:\/\/grandepremio.com\/es\/wp-json\/wp\/v2\/comments?post=7196"}],"version-history":[{"count":0,"href":"https:\/\/grandepremio.com\/es\/wp-json\/wp\/v2\/posts\/7196\/revisions"}],"wp:featuredmedia":[{"embeddable":true,"href":"https:\/\/grandepremio.com\/es\/wp-json\/wp\/v2\/media\/1010341595"}],"wp:attachment":[{"href":"https:\/\/grandepremio.com\/es\/wp-json\/wp\/v2\/media?parent=7196"}],"wp:term":[{"taxonomy":"category","embeddable":true,"href":"https:\/\/grandepremio.com\/es\/wp-json\/wp\/v2\/categories?post=7196"},{"taxonomy":"post_tag","embeddable":true,"href":"https:\/\/grandepremio.com\/es\/wp-json\/wp\/v2\/tags?post=7196"},{"taxonomy":"42wp_author","embeddable":true,"href":"https:\/\/grandepremio.com\/es\/wp-json\/wp\/v2\/42wp_author?post=7196"}],"curies":[{"name":"wp","href":"https:\/\/api.w.org\/{rel}","templated":true}]}}