{"id":7198,"date":"2025-05-31T14:48:03","date_gmt":"2025-05-31T17:48:03","guid":{"rendered":"https:\/\/grandepremio.com\/es\/2025\/05\/31\/lewis-hamilton-ferrari-clasificacion-gp-espana-f1-2025\/"},"modified":"2025-05-31T14:48:30","modified_gmt":"2025-05-31T17:48:30","slug":"lewis-hamilton-ferrari-clasificacion-gp-espana-f1-2025","status":"publish","type":"post","link":"https:\/\/grandepremio.com\/es\/f1\/lewis-hamilton-ferrari-clasificacion-gp-espana-f1-2025\/","title":{"rendered":"Hamilton destaca rendimiento de Ferrari en clasificaci\u00f3n y busca el podio en Espa\u00f1a"},"content":{"rendered":"\n<p class=\"wp-block-paragraph\">En una entrevista concedida a GRANDE PR\u00caMIO despu\u00e9s de la clasificaci\u00f3n, <strong>Lewis Hamilton<\/strong> analiz\u00f3 su quinto puesto en la parrilla de salida y afirm\u00f3 que su objetivo es subir al podio con <strong>Ferrari <\/strong>en el <strong>Gran Premio de Espa\u00f1a. <\/strong><\/p>\n\n\n\n<p class=\"wp-block-paragraph\">\ud83d\udfe5&nbsp;<strong><em>\u00a1Todas las novedades te esperan en el canal de&nbsp;<\/em><\/strong><a href=\"https:\/\/www.youtube.com\/@GrandePremioES\"><em>YouTube<\/em><\/a><strong><em>&nbsp;de Grande Pr\u00eamio en Espa\u00f1ol!<\/em><\/strong>&nbsp;\ud83d\udfe8<\/p>\n\n\n\n<p class=\"wp-block-paragraph\">El siete veces campe\u00f3n tambi\u00e9n critic\u00f3 la directiva t\u00e9cnica de la <strong>Federaci\u00f3n Internacional de Automovilismo (FIA)<\/strong> y dijo que la medida es \u00abuna p\u00e9rdida de dinero\u00bb, ya que, seg\u00fan \u00e9l, nada ha cambiado para los equipos. Con un tiempo de 1:12:045 en la Q3, el brit\u00e1nico se qued\u00f3 a 0s499 de <strong>Oscar Piastri,<\/strong> autor de la pole. En cualquier caso, se\u00f1al\u00f3 que el ritmo del <strong>SF-25<\/strong> fue \u00abmucho mejor\u00bb en las actividades de hoy en comparaci\u00f3n con los entrenamientos.<\/p>\n\n\n\n<p class=\"wp-block-paragraph\">&#8220;No dir\u00eda que estaba frustrado, simplemente estaba confuso, porque no cambiamos nada en el coche y de repente perdimos carga aerodin\u00e1mica desde el suelo. Hubo un gran cambio en el equilibrio, y no hab\u00edamos hecho nada. Entr\u00e9 en la FP2 esperando el mismo coche, y no era el mismo. As\u00ed que fue un poco confuso para nosotros&#8221;, dijo <strong>Hamilton<\/strong>.<\/p>\n\n\n\n<p class=\"wp-block-paragraph\">&#8220;Descubrimos lo que era despu\u00e9s y lo corregimos, y el coche es mucho mejor ahora. As\u00ed que claramente hemos mejorado en clasificaci\u00f3n, lo que es muy positivo para nosotros. Tenemos que seguir evolucionando. Est\u00e1 claro que no tenemos el ritmo de los de delante, pero eso es todo&#8221;, continu\u00f3 el brit\u00e1nico, antes de ser preguntado por c\u00f3mo ha afectado el nuevo aler\u00f3n delantero a <strong>Ferrari<\/strong>.<\/p>\n\n\n\n<p class=\"wp-block-paragraph\">\u23e9\u00a0<strong><em>\u00a1Seguinos en redes por\u00a0<\/em><\/strong><a href=\"https:\/\/twitter.com\/grandepremioES\"><em>Twitter\u00a0<\/em><\/a><strong><em>e\u00a0<\/em><\/strong><a href=\"https:\/\/www.instagram.com\/grandepremioes\/\"><em>Instagram!<br><\/em><\/a>\u23e9\u00a0<strong><em>Adem\u00e1s, tenemos nuestro\u00a0<\/em><\/strong><a href=\"https:\/\/whatsapp.com\/channel\/0029VaDZ5zb0gcfDxuwxBM05\"><em>canal de Whatsapp<\/em><\/a><strong><em>\u00a0con toda la informaci\u00f3n al instante<\/em><\/strong>\u00a0\ud83c\udfc1<\/p>\n\n\n\n<figure class=\"wp-block-image size-full\"><img decoding=\"async\" src=\"https:\/\/grandepremio.com\/es\/wp-content\/uploads\/..\/gp_br_uploads\/2025\/05\/espanha-2025-f1-classificacao-ferrari-lewis-hamilton-afp-02.jpg\" alt=\"\" class=\"wp-image-341714\"\/><figcaption class=\"wp-element-caption\">Lewis Hamilton asegura que su objetivo es lograr el podio en el GP de Espa\u00f1a (Foto: AFP) <\/figcaption><\/figure>\n\n\n\n<p class=\"wp-block-paragraph\">&#8220;El equilibrio no es tan bueno como antes. Fue un gasto innecesario para todos. Literalmente no ha cambiado nada. Los alerones de todo el mundo siguen flexando y sin embargo todo el mundo tuvo que hacer alerones nuevos y gastar m\u00e1s dinero. No tiene sentido. Pero es lo que es, y seguimos adelante&#8221;, critic\u00f3.<\/p>\n\n\n\n<p class=\"wp-block-paragraph\">Por \u00faltimo, habl\u00f3 de lo que espera de la novena prueba de la temporada 2025 de <strong>F\u00f3rmula 1<\/strong>: &#8220;Mi objetivo es intentar subir al podio. Hace mucho tiempo que no subo al podio, as\u00ed que estoy centrado en la salida hasta la primera curva. Vi c\u00f3mo fue la salida el a\u00f1o pasado, as\u00ed que intentar\u00e9 hacer una buena salida. Despu\u00e9s, s\u00f3lo es cuesti\u00f3n de gestionar los neum\u00e1ticos, que es todo un reto&#8221;, explic\u00f3.<\/p>\n\n\n\n<p class=\"wp-block-paragraph\">&#8220;Cada fin de semana, llego al circuito por primera vez con el equipo, y el coche es muy diferente al que he pilotado en a\u00f1os anteriores. As\u00ed que, a lo largo del fin de semana, tengo que adaptarme a este nuevo estilo de conducci\u00f3n, que es horrible. No es un estilo agradable de conducir, pero me voy adaptando a los circuitos cada fin de semana. Me gusta esa sensaci\u00f3n de novedad en cada ronda&#8221;, concluy\u00f3 <strong>Hamilton<\/strong>.<\/p>\n\n\n\n<p class=\"wp-block-paragraph\">La&nbsp;<strong>F1&nbsp;<\/strong>se encuentra en&nbsp;<strong>Barcelona&nbsp;<\/strong>para disputar el&nbsp;<strong>GP de Espa\u00f1a<\/strong>, novena fecha de la temporada 2025. Este domingo, a partir de las 10:00 (hora de Buenos Aires), comenzar\u00e1 la carrera principal del fin de semana.&nbsp;<strong>GRANDE PREMIO en ESPA\u00d1OL<\/strong>&nbsp;ofrece una cobertura del evento&nbsp;<strong>EN DIRECTO<\/strong>&nbsp;y en&nbsp;<strong>TIEMPO REAL.<\/strong><\/p>\n\n\n\n<figure class=\"wp-block-embed is-type-video is-provider-youtube wp-block-embed-youtube wp-embed-aspect-16-9 wp-has-aspect-ratio\"><div class=\"wp-block-embed__wrapper\">\n<iframe loading=\"lazy\" title=\"GP DE ESPA\u00d1A 2025 - LA PREVIA\" width=\"500\" height=\"281\" src=\"https:\/\/www.youtube.com\/embed\/JPB9HVd32_U?feature=oembed\" frameborder=\"0\" allow=\"accelerometer; autoplay; clipboard-write; encrypted-media; gyroscope; picture-in-picture; web-share\" referrerpolicy=\"strict-origin-when-cross-origin\" allowfullscreen><\/iframe>\n<\/div><\/figure>\n\n\n\n<p class=\"wp-block-paragraph\"><\/p>\n","protected":false},"excerpt":{"rendered":"<p>Lewis Hamilton tambi\u00e9n volvi\u00f3 a criticar la directiva de la FIA, dejando claro que la medida era una &#8220;p\u00e9rdida de dinero&#8221;, ya que no afectaba en absoluto al rendimiento de los equipos<\/p>\n","protected":false},"author":0,"featured_media":1010341710,"comment_status":"closed","ping_status":"closed","sticky":false,"template":"","format":"standard","meta":{"42wp_featured_image_caption":"","42wp_featured_image_credits":"","42wp_featured_video":"","42wp_featured_image_hidden":false,"42wp_authors_list":[],"footnotes":""},"categories":[5],"tags":[181,1710,179,8059,12251,1488,199,9647],"42wp_author":[14239],"class_list":["post-7198","post","type-post","status-publish","format-standard","has-post-thumbnail","hentry","category-f1","tag-f1","tag-f1-2025","tag-formula-1","tag-formula-1-2025","tag-gp-de-espana-2025","tag-grande-premio","tag-lewis-hamilton","tag-temporada-2025-f1","42wp_author-jp-otrosky"],"_links":{"self":[{"href":"https:\/\/grandepremio.com\/es\/wp-json\/wp\/v2\/posts\/7198","targetHints":{"allow":["GET"]}}],"collection":[{"href":"https:\/\/grandepremio.com\/es\/wp-json\/wp\/v2\/posts"}],"about":[{"href":"https:\/\/grandepremio.com\/es\/wp-json\/wp\/v2\/types\/post"}],"replies":[{"embeddable":true,"href":"https:\/\/grandepremio.com\/es\/wp-json\/wp\/v2\/comments?post=7198"}],"version-history":[{"count":0,"href":"https:\/\/grandepremio.com\/es\/wp-json\/wp\/v2\/posts\/7198\/revisions"}],"wp:featuredmedia":[{"embeddable":true,"href":"https:\/\/grandepremio.com\/es\/wp-json\/wp\/v2\/media\/1010341710"}],"wp:attachment":[{"href":"https:\/\/grandepremio.com\/es\/wp-json\/wp\/v2\/media?parent=7198"}],"wp:term":[{"taxonomy":"category","embeddable":true,"href":"https:\/\/grandepremio.com\/es\/wp-json\/wp\/v2\/categories?post=7198"},{"taxonomy":"post_tag","embeddable":true,"href":"https:\/\/grandepremio.com\/es\/wp-json\/wp\/v2\/tags?post=7198"},{"taxonomy":"42wp_author","embeddable":true,"href":"https:\/\/grandepremio.com\/es\/wp-json\/wp\/v2\/42wp_author?post=7198"}],"curies":[{"name":"wp","href":"https:\/\/api.w.org\/{rel}","templated":true}]}}