{"id":7220,"date":"2025-05-30T17:14:53","date_gmt":"2025-05-30T20:14:53","guid":{"rendered":"https:\/\/grandepremio.com\/es\/2025\/05\/30\/pierre-gasly-alpine-entrenamientos-libres-gp-espana-f1-2025\/"},"modified":"2025-05-30T17:14:57","modified_gmt":"2025-05-30T20:14:57","slug":"pierre-gasly-alpine-entrenamientos-libres-gp-espana-f1-2025","status":"publish","type":"post","link":"https:\/\/grandepremio.com\/es\/f1\/pierre-gasly-alpine-entrenamientos-libres-gp-espana-f1-2025\/","title":{"rendered":"Gasly ve un &#8220;buen d\u00eda&#8221; de Alpine en Espa\u00f1a y dice tener un &#8220;mejor ritmo&#8221; que en M\u00f3naco"},"content":{"rendered":"\n<p class=\"wp-block-paragraph\"><strong>Pierre Gasly<\/strong> termin\u00f3 el viernes satisfecho con el progreso de <strong>Alpine <\/strong>a lo largo del d\u00eda. El franc\u00e9s indic\u00f3 que se encontraba en un \u00abmejor lugar\u00bb que en el mismo punto del fin de semana en <strong>M\u00f3naco<\/strong>, pero subray\u00f3 que tendr\u00eda que mejorar para seguir el ritmo de sus rivales.<\/p>\n\n\n\n<p class=\"wp-block-paragraph\">\ud83d\udfe5&nbsp;<strong><em>\u00a1Todas las novedades te esperan en el canal de&nbsp;<\/em><\/strong><a href=\"https:\/\/www.youtube.com\/@GrandePremioES\"><em>YouTube<\/em><\/a><strong><em>&nbsp;de Grande Pr\u00eamio en Espa\u00f1ol!<\/em><\/strong>&nbsp;\ud83d\udfe8<\/p>\n\n\n\n<p class=\"wp-block-paragraph\">Con 1:13:385 en la mejor de las 30 vueltas que complet\u00f3 por la tarde en <strong>Espa\u00f1a, Gasly<\/strong> fue el octavo m\u00e1s r\u00e1pido, a 0s625 de <strong>Oscar Piastri<\/strong>, que puso a <strong>McLaren<\/strong> en la cima.<\/p>\n\n\n\n<p class=\"wp-block-paragraph\">\u00abTenemos muchas cosas que analizar despu\u00e9s de un agitado d\u00eda de entrenamientos en Barcelona\u00bb, dijo <strong>Gasly<\/strong>. \u00abCon algunas actualizaciones en el coche, las sensaciones cambiaron un poco y, al final, estoy contento con el paso que dimos en t\u00e9rminos de rendimiento de los Libres 1 a los Libres 2\u00bb, continu\u00f3.<\/p>\n\n\n\n<p class=\"wp-block-paragraph\">\u23e9\u00a0<strong><em>\u00a1Seguinos en redes por\u00a0<\/em><\/strong><a href=\"https:\/\/twitter.com\/grandepremioES\"><em>Twitter\u00a0<\/em><\/a><strong><em>e\u00a0<\/em><\/strong><a href=\"https:\/\/www.instagram.com\/grandepremioes\/\"><em>Instagram!<br><\/em><\/a>\u23e9\u00a0<strong><em>Adem\u00e1s, tenemos nuestro\u00a0<\/em><\/strong><a href=\"https:\/\/whatsapp.com\/channel\/0029VaDZ5zb0gcfDxuwxBM05\"><em>canal de Whatsapp<\/em><\/a><strong><em>\u00a0con toda la informaci\u00f3n al instante<\/em><\/strong>\u00a0\ud83c\udfc1<\/p>\n\n\n\n<figure class=\"wp-block-image size-full\"><img decoding=\"async\" src=\"https:\/\/grandepremio.com\/es\/wp-content\/uploads\/..\/gp_br_uploads\/2025\/05\/espanha-2025-f1-treinos-livres-alpine-pierre-gasly-01.jpg\" alt=\"\" class=\"wp-image-340943\"\/><figcaption class=\"wp-element-caption\">Pierre Gasly se muestra optimista, pero admite que a\u00fan hay puntos por mejorar en Alpine (Foto: Alpine)<\/figcaption><\/figure>\n\n\n\n<p class=\"wp-block-paragraph\">&#8220;Hemos mejorado nuestra comprensi\u00f3n de algunas de las nuevas caracter\u00edsticas del coche y definitivamente tenemos m\u00e1s que encontrar ma\u00f1ana. En este punto del fin de semana de carrera, estamos en un lugar mejor que en <strong>M\u00f3naco<\/strong>&#8220;, compar\u00f3.<\/p>\n\n\n\n<p class=\"wp-block-paragraph\">&#8220;El coche parece estar en una buena ventana y ma\u00f1ana ser\u00e1 importante afinar algunos detalles si queremos ir a otro nivel como algunos equipos tienden a hacer el s\u00e1bado. De momento, tengo buenas sensaciones y pretendo llevarlas a la clasificaci\u00f3n&#8221;, concluy\u00f3.<\/p>\n\n\n\n<p class=\"wp-block-paragraph\"><strong>La F\u00f3rmula 1 celebra del 30 de mayo al 1 de junio en Barcelona el Gran Premio de Espa\u00f1a, novena prueba de la temporada 2025.<\/strong><\/p>\n\n\n\n<figure class=\"wp-block-embed is-type-video is-provider-youtube wp-block-embed-youtube wp-embed-aspect-16-9 wp-has-aspect-ratio\"><div class=\"wp-block-embed__wrapper\">\n<iframe loading=\"lazy\" title=\"GP DE ESPA\u00d1A 2025 - LA PREVIA\" width=\"500\" height=\"281\" src=\"https:\/\/www.youtube.com\/embed\/JPB9HVd32_U?feature=oembed\" frameborder=\"0\" allow=\"accelerometer; autoplay; clipboard-write; encrypted-media; gyroscope; picture-in-picture; web-share\" referrerpolicy=\"strict-origin-when-cross-origin\" allowfullscreen><\/iframe>\n<\/div><\/figure>\n\n\n\n<p class=\"wp-block-paragraph\"><\/p>\n","protected":false},"excerpt":{"rendered":"<p>Pierre Gasly, octavo en la primera jornada de entrenamientos del Gran Premio de Espa\u00f1a, se mostr\u00f3 animado por el rendimiento de Alpine, pero reconoci\u00f3 que tendr\u00e1 que mejorar para estar a la altura de sus rivales<\/p>\n","protected":false},"author":0,"featured_media":1010341043,"comment_status":"closed","ping_status":"closed","sticky":false,"template":"","format":"standard","meta":{"42wp_featured_image_caption":"","42wp_featured_image_credits":"","42wp_featured_video":"","42wp_featured_image_hidden":false,"42wp_authors_list":[],"footnotes":""},"categories":[5],"tags":[678,181,1710,179,8059,12251,3376,1488,427,9647],"42wp_author":[14239],"class_list":["post-7220","post","type-post","status-publish","format-standard","has-post-thumbnail","hentry","category-f1","tag-alpine","tag-f1","tag-f1-2025","tag-formula-1","tag-formula-1-2025","tag-gp-de-espana-2025","tag-gp-de-monaco-2025","tag-grande-premio","tag-pierre-gasly","tag-temporada-2025-f1","42wp_author-jp-otrosky"],"_links":{"self":[{"href":"https:\/\/grandepremio.com\/es\/wp-json\/wp\/v2\/posts\/7220","targetHints":{"allow":["GET"]}}],"collection":[{"href":"https:\/\/grandepremio.com\/es\/wp-json\/wp\/v2\/posts"}],"about":[{"href":"https:\/\/grandepremio.com\/es\/wp-json\/wp\/v2\/types\/post"}],"replies":[{"embeddable":true,"href":"https:\/\/grandepremio.com\/es\/wp-json\/wp\/v2\/comments?post=7220"}],"version-history":[{"count":0,"href":"https:\/\/grandepremio.com\/es\/wp-json\/wp\/v2\/posts\/7220\/revisions"}],"wp:featuredmedia":[{"embeddable":true,"href":"https:\/\/grandepremio.com\/es\/wp-json\/wp\/v2\/media\/1010341043"}],"wp:attachment":[{"href":"https:\/\/grandepremio.com\/es\/wp-json\/wp\/v2\/media?parent=7220"}],"wp:term":[{"taxonomy":"category","embeddable":true,"href":"https:\/\/grandepremio.com\/es\/wp-json\/wp\/v2\/categories?post=7220"},{"taxonomy":"post_tag","embeddable":true,"href":"https:\/\/grandepremio.com\/es\/wp-json\/wp\/v2\/tags?post=7220"},{"taxonomy":"42wp_author","embeddable":true,"href":"https:\/\/grandepremio.com\/es\/wp-json\/wp\/v2\/42wp_author?post=7220"}],"curies":[{"name":"wp","href":"https:\/\/api.w.org\/{rel}","templated":true}]}}