{"id":7253,"date":"2025-05-29T12:28:42","date_gmt":"2025-05-29T15:28:42","guid":{"rendered":"https:\/\/grandepremio.com\/es\/2025\/05\/29\/fernando-alonso-aston-martin-prueba-rendimiento-gp-espana-f1-2025\/"},"modified":"2025-05-29T12:29:37","modified_gmt":"2025-05-29T15:29:37","slug":"fernando-alonso-aston-martin-prueba-rendimiento-gp-espana-f1-2025","status":"publish","type":"post","link":"https:\/\/grandepremio.com\/es\/f1\/fernando-alonso-aston-martin-prueba-rendimiento-gp-espana-f1-2025\/","title":{"rendered":"Alonso ve una carrera &#8220;crucial&#8221; para Aston Martin en Espa\u00f1a \u00abVeremos d\u00f3nde estamos\u00bb"},"content":{"rendered":"\n<p class=\"wp-block-paragraph\"><strong>Fernando Alonso<\/strong> llega a <strong>Espa\u00f1a<\/strong> muy motivado. Corriendo delante de su p\u00fablico y tras buenas actuaciones en <strong>Imola <\/strong>y <strong>M\u00f3naco<\/strong>, cree que <strong>Barcelona <\/strong>ser\u00e1 el verdadero term\u00f3metro para medir la eficacia de las actualizaciones del coche. Tambi\u00e9n destac\u00f3 c\u00f3mo la presencia de <strong>Adrian Newey<\/strong> el pasado fin de semana ya ha tenido un impacto positivo en la forma de trabajar del equipo.<\/p>\n\n\n\n<p class=\"wp-block-paragraph\">\ud83d\udfe5&nbsp;<strong><em>\u00a1Todas las novedades te esperan en el canal de&nbsp;<\/em><\/strong><a href=\"https:\/\/www.youtube.com\/@GrandePremioES\"><em>YouTube<\/em><\/a><strong><em>&nbsp;de Grande Pr\u00eamio en Espa\u00f1ol!<\/em><\/strong>&nbsp;\ud83d\udfe8<\/p>\n\n\n\n<p class=\"wp-block-paragraph\"><strong>Alonso <\/strong>suma dos victorias y ha subido al podio otras cinco veces en <strong>Barcelona<\/strong>, con tres equipos diferentes a lo largo de su carrera: <strong>Renault, McLaren<\/strong> y <strong>Ferrari<\/strong>. Preguntado por su palmar\u00e9s, valor\u00f3 la conexi\u00f3n con el p\u00fablico espa\u00f1ol y su conocimiento de la pista.<\/p>\n\n\n\n<p class=\"wp-block-paragraph\">\u00abEs diferente correr delante de tu propia afici\u00f3n. Tenemos familia y amigos en las gradas o incluso en el paddock. Eso nos da una motivaci\u00f3n extra\u00bb, dijo en la rueda de prensa, a la que asisti\u00f3 GRANDE PR\u00caMIO.<\/p>\n\n\n\n<p class=\"wp-block-paragraph\">\u00abEn cuanto a la pista, conocemos <strong>Barcelona<\/strong> muy bien. Hicimos muchas pruebas aqu\u00ed, as\u00ed que pudimos ir al l\u00edmite desde los primeros entrenamientos libres hasta la carrera\u00bb, a\u00f1adi\u00f3.<\/p>\n\n\n\n<p class=\"wp-block-paragraph\">A pesar de no haber puntuado todav\u00eda esta temporada, subray\u00f3 que <strong>Aston Martin<\/strong> ha mostrado progresos en las \u00faltimas rondas. Ahora ve el circuito catal\u00e1n como el verdadero escenario para evaluar la competitividad del equipo.<\/p>\n\n\n\n<p class=\"wp-block-paragraph\">\u23e9\u00a0<strong><em>\u00a1Seguinos en redes por\u00a0<\/em><\/strong><a href=\"https:\/\/twitter.com\/grandepremioES\"><em>Twitter\u00a0<\/em><\/a><strong><em>e\u00a0<\/em><\/strong><a href=\"https:\/\/www.instagram.com\/grandepremioes\/\"><em>Instagram!<\/em><\/a><br>\u23e9\u00a0<strong><em>Adem\u00e1s, tenemos nuestro\u00a0<\/em><\/strong><a href=\"https:\/\/whatsapp.com\/channel\/0029VaDZ5zb0gcfDxuwxBM05\"><em>canal de Whatsapp<\/em><\/a><strong><em>\u00a0con toda la informaci\u00f3n al instante<\/em><\/strong>\u00a0\ud83c\udfc1<\/p>\n\n\n\n<figure class=\"wp-block-image size-full\"><img decoding=\"async\" src=\"https:\/\/grandepremio.com\/es\/wp-content\/uploads\/..\/gp_br_uploads\/2025\/05\/monaco-2025-f1-corrida-aston-martin-fernando-alonso-01.jpg\" alt=\"\" class=\"wp-image-339978\"\/><figcaption class=\"wp-element-caption\">Fernando Alonso conf\u00eda en que Aston Martin continuar\u00e1 con la senda positiva en el GP de Espa\u00f1a (Foto: Aston Martin)<\/figcaption><\/figure>\n\n\n\n<p class=\"wp-block-paragraph\">\u00ab<strong>Barcelona <\/strong>nos dir\u00e1 m\u00e1s sobre el paquete de mejoras. <strong>Imola<\/strong> fue un paso adelante, conseguimos tener un ritmo muy fuerte con los neum\u00e1ticos medios. M\u00f3naco es un lugar muy especial, la clasificaci\u00f3n es el momento clave del fin de semana y tambi\u00e9n hemos hecho algunas buenas vueltas\u00bb, explic\u00f3.<\/p>\n\n\n\n<p class=\"wp-block-paragraph\">\u00abAhora averiguaremos d\u00f3nde estamos realmente en t\u00e9rminos de rendimiento. Muchos equipos traer\u00e1n actualizaciones. Tambi\u00e9n est\u00e1 la nueva directiva sobre los alerones delanteros, veremos c\u00f3mo afecta a los coches\u00bb, a\u00f1adi\u00f3.<\/p>\n\n\n\n<p class=\"wp-block-paragraph\">Otro punto destacado fue la experiencia de trabajar con <strong>Adrian Newey<\/strong> en la pista. El legendario dise\u00f1ador estuvo presente en el <strong>GP de M\u00f3naco,<\/strong> su primera aparici\u00f3n en el paddock como miembro de <strong>Aston Martin<\/strong>.<\/p>\n\n\n\n<p class=\"wp-block-paragraph\">\u00abFue fant\u00e1stico. Vi su forma de ver las cosas, ya sea en el pitlane, en la parrilla o en el box, encontrando puntos en los que podemos mejorar. Su presencia en la sala de reuniones es especial. No intimida, pero el nivel del equipo sube con <strong>Newey<\/strong>. Todo el mundo estaba m\u00e1s concentrado, m\u00e1s atento a los detalles del coche. Espero que el a\u00f1o que viene, con \u00e9l en m\u00e1s carreras, podamos aprender m\u00e1s de \u00e9l y mejorar como equipo\u00bb, concluy\u00f3.<\/p>\n\n\n\n<p class=\"wp-block-paragraph\">La&nbsp;<strong>F\u00f3rmula 1<\/strong>&nbsp;regresa del 30 de mayo al 1 de junio en&nbsp;<strong>Barcelona<\/strong>, sede del&nbsp;<strong>Gran Premio de Espa\u00f1a<\/strong>, novena prueba de la temporada 2025.<\/p>\n\n\n\n<figure class=\"wp-block-embed is-type-video is-provider-youtube wp-block-embed-youtube wp-embed-aspect-16-9 wp-has-aspect-ratio\"><div class=\"wp-block-embed__wrapper\">\n<iframe loading=\"lazy\" title=\"PALOU ARRASA EN INDY, \u00bfY MERECE UN LUGAR EN F1?  | Paddock GP\" width=\"500\" height=\"281\" src=\"https:\/\/www.youtube.com\/embed\/63elE6kgLTo?feature=oembed\" frameborder=\"0\" allow=\"accelerometer; autoplay; clipboard-write; encrypted-media; gyroscope; picture-in-picture; web-share\" referrerpolicy=\"strict-origin-when-cross-origin\" allowfullscreen><\/iframe>\n<\/div><\/figure>\n","protected":false},"excerpt":{"rendered":"<p>Fernando Alonso destac\u00f3 la mejora de Aston Martin en las \u00faltimas carreras tras las actualizaciones, pero dijo que el GP de Espa\u00f1a mostrar\u00e1 el nivel real de competitividad<\/p>\n","protected":false},"author":0,"featured_media":1010340776,"comment_status":"closed","ping_status":"closed","sticky":false,"template":"","format":"standard","meta":{"42wp_featured_image_caption":"","42wp_featured_image_credits":"","42wp_featured_video":"","42wp_featured_image_hidden":false,"42wp_authors_list":[],"footnotes":""},"categories":[5],"tags":[209,181,1710,184,179,8059,12251,1488,9647],"42wp_author":[14239],"class_list":["post-7253","post","type-post","status-publish","format-standard","has-post-thumbnail","hentry","category-f1","tag-aston-martin","tag-f1","tag-f1-2025","tag-fernando-alonso","tag-formula-1","tag-formula-1-2025","tag-gp-de-espana-2025","tag-grande-premio","tag-temporada-2025-f1","42wp_author-jp-otrosky"],"_links":{"self":[{"href":"https:\/\/grandepremio.com\/es\/wp-json\/wp\/v2\/posts\/7253","targetHints":{"allow":["GET"]}}],"collection":[{"href":"https:\/\/grandepremio.com\/es\/wp-json\/wp\/v2\/posts"}],"about":[{"href":"https:\/\/grandepremio.com\/es\/wp-json\/wp\/v2\/types\/post"}],"replies":[{"embeddable":true,"href":"https:\/\/grandepremio.com\/es\/wp-json\/wp\/v2\/comments?post=7253"}],"version-history":[{"count":0,"href":"https:\/\/grandepremio.com\/es\/wp-json\/wp\/v2\/posts\/7253\/revisions"}],"wp:featuredmedia":[{"embeddable":true,"href":"https:\/\/grandepremio.com\/es\/wp-json\/wp\/v2\/media\/1010340776"}],"wp:attachment":[{"href":"https:\/\/grandepremio.com\/es\/wp-json\/wp\/v2\/media?parent=7253"}],"wp:term":[{"taxonomy":"category","embeddable":true,"href":"https:\/\/grandepremio.com\/es\/wp-json\/wp\/v2\/categories?post=7253"},{"taxonomy":"post_tag","embeddable":true,"href":"https:\/\/grandepremio.com\/es\/wp-json\/wp\/v2\/tags?post=7253"},{"taxonomy":"42wp_author","embeddable":true,"href":"https:\/\/grandepremio.com\/es\/wp-json\/wp\/v2\/42wp_author?post=7253"}],"curies":[{"name":"wp","href":"https:\/\/api.w.org\/{rel}","templated":true}]}}