{"id":7265,"date":"2025-05-28T14:58:07","date_gmt":"2025-05-28T17:58:07","guid":{"rendered":"https:\/\/grandepremio.com\/es\/2025\/05\/28\/marini-sufre-lesiones-accidente-entrenamientos-8h-suzuka\/"},"modified":"2025-05-28T14:58:10","modified_gmt":"2025-05-28T17:58:10","slug":"marini-sufre-lesiones-accidente-entrenamientos-8h-suzuka","status":"publish","type":"post","link":"https:\/\/grandepremio.com\/es\/motogp\/marini-sufre-lesiones-accidente-entrenamientos-8h-suzuka\/","title":{"rendered":"Marini sufre varias lesiones tras un accidente en los entrenamientos para las 8H de Suzuka"},"content":{"rendered":"\n<p class=\"wp-block-paragraph\">Se conoci\u00f3 este mi\u00e9rcoles un grave accidente que tuvo <strong>Luca Marini<\/strong> en la previa de las <strong>8 horas de Suzuka<\/strong> del campeonato de endurance de motos (<strong>EWC<\/strong>), por el que debi\u00f3 ser hospitalizado y deber\u00e1 permanecer en Jap\u00f3n hasta tanto pueda estar en condiciones m\u00e9dicas de viajar. Hay que mencionar que a\u00fan estaba siendo evaluado para poder correr.<\/p>\n\n\n\n<p class=\"wp-block-paragraph\">\ud83d\udfe5 <strong><em>\u00a1Todas las novedades te esperan en el canal de <\/em><\/strong><a href=\"https:\/\/www.youtube.com\/@GrandePremioES\"><em>YouTube<\/em><\/a><strong><em> de Grande Pr\u00eamio en Espa\u00f1ol!<\/em><\/strong> \ud83d\udfe8<\/p>\n\n\n\n<p class=\"wp-block-paragraph\">El fabricante japon\u00e9s public\u00f3 un comunicado en el que dio detalles de las lesiones de su piloto: <strong>\u201cTras completar con \u00e9xito el primer d\u00eda, el italiano comenz\u00f3 el segundo d\u00eda de su programa, pero sufri\u00f3 una grave ca\u00edda. Marini, que sufre una luxaci\u00f3n de cadera izquierda, da\u00f1os en los ligamentos de la rodilla izquierda, fracturas en el estern\u00f3n y la clav\u00edcula izquierda, y un neumot\u00f3rax derecho, fue trasladado a un hospital local y se encuentra estable. Marini permanecer\u00e1 en observaci\u00f3n en Jap\u00f3n hasta que se considere que est\u00e1 en condiciones de viajar\u201d.<\/strong><\/p>\n\n\n\n<p class=\"wp-block-paragraph\">Tras el accidente, el piloto de <strong>Honda <\/strong>public\u00f3 un mensaje en las redes sociales para tranquilizar a sus fans: <strong>\u201c\u00a1Gracias a todos por el apoyo! Los mantendr\u00e9 informados\u201d<\/strong>, escribi\u00f3. C\u00f3mo permanecer\u00e1 en el pa\u00eds del sol naciente por varios d\u00edas, se pone en duda su presencia en la pr\u00f3xima ronda de <strong>MotoGP<\/strong>, en <strong>Arag\u00f3n<\/strong>, que ser\u00e1 en diez d\u00edas. <\/p>\n\n\n\n<figure class=\"wp-block-embed is-type-video is-provider-youtube wp-block-embed-youtube wp-embed-aspect-16-9 wp-has-aspect-ratio\"><div class=\"wp-block-embed__wrapper\">\n<iframe loading=\"lazy\" title=\"PALOU ARRASA EN INDY, \u00bfY MERECE UN LUGAR EN F1?  | Paddock GP\" width=\"500\" height=\"281\" src=\"https:\/\/www.youtube.com\/embed\/63elE6kgLTo?feature=oembed\" frameborder=\"0\" allow=\"accelerometer; autoplay; clipboard-write; encrypted-media; gyroscope; picture-in-picture; web-share\" referrerpolicy=\"strict-origin-when-cross-origin\" allowfullscreen><\/iframe>\n<\/div><\/figure>\n\n\n\n<p class=\"wp-block-paragraph\">Cabe mencionar que el hermano de <strong>Valentino Rossi<\/strong> viaj\u00f3 a <strong>Suzuka <\/strong>desde el <strong>GP de Gran Breta\u00f1a<\/strong> para estar presente en los entrenamientos de las 8 Horas, ya que se evaluaba su participaci\u00f3n debido a si era compatible junto a sus compa\u00f1eros de moto por su altura. <strong>Johann Zarco<\/strong> es el otro piloto de <strong>HRC <\/strong>que estar\u00e1 en la prueba de endurance.<\/p>\n\n\n\n<p class=\"wp-block-paragraph\">\u23e9 <strong><em>\u00a1Seguinos en redes por <\/em><\/strong><a href=\"https:\/\/twitter.com\/grandepremioES\"><em>Twitter <\/em><\/a><strong><em>e <\/em><\/strong><a href=\"https:\/\/www.instagram.com\/grandepremioes\/\"><em>Instagram!<\/em><em><br><\/em><\/a>\u23e9 <strong><em>Adem\u00e1s, tenemos nuestro <\/em><\/strong><a href=\"https:\/\/whatsapp.com\/channel\/0029VaDZ5zb0gcfDxuwxBM05\"><em>canal de Whatsapp<\/em><\/a><strong><em> con toda la informaci\u00f3n al instante<\/em><\/strong> \ud83c\udfc1<\/p>\n\n\n\n<p class=\"wp-block-paragraph\">MotoGP vuelve a acelerar entre el 6 y el 8 de junio con el GP de Arag\u00f3n, en Espa\u00f1a, para la octava etapa de la temporada 2025. GRANDE PR\u00caMIO ofrece una cobertura completa del evento.<\/p>\n","protected":false},"excerpt":{"rendered":"<p>Luca Marini realizaba su segundo d\u00eda de entrenamientos con Honda este mi\u00e9rcoles cuando sufri\u00f3 una dur\u00edsima ca\u00edda, que le provoc\u00f3 m\u00faltiples lesiones y fue hospitalizado en la previa de las 8 horas de Suzuka.<\/p>\n","protected":false},"author":0,"featured_media":1010340670,"comment_status":"closed","ping_status":"closed","sticky":false,"template":"","format":"standard","meta":{"42wp_featured_image_caption":"","42wp_featured_image_credits":"","42wp_featured_video":"","42wp_featured_image_hidden":false,"42wp_authors_list":[],"footnotes":""},"categories":[8],"tags":[4572,1008,4573,507,221,1718,1404,1614,1293,3484,1295],"42wp_author":[14237],"class_list":["post-7265","post","type-post","status-publish","format-standard","has-post-thumbnail","hentry","category-motogp","tag-8-horas-de-suzuka","tag-aragon","tag-ewc","tag-gp-de-gran-bretana","tag-honda","tag-hrc","tag-johann-zarco","tag-luca-marini","tag-motogp","tag-suzuka","tag-valentino-rossi","42wp_author-gabriel-garcia"],"_links":{"self":[{"href":"https:\/\/grandepremio.com\/es\/wp-json\/wp\/v2\/posts\/7265","targetHints":{"allow":["GET"]}}],"collection":[{"href":"https:\/\/grandepremio.com\/es\/wp-json\/wp\/v2\/posts"}],"about":[{"href":"https:\/\/grandepremio.com\/es\/wp-json\/wp\/v2\/types\/post"}],"replies":[{"embeddable":true,"href":"https:\/\/grandepremio.com\/es\/wp-json\/wp\/v2\/comments?post=7265"}],"version-history":[{"count":0,"href":"https:\/\/grandepremio.com\/es\/wp-json\/wp\/v2\/posts\/7265\/revisions"}],"wp:featuredmedia":[{"embeddable":true,"href":"https:\/\/grandepremio.com\/es\/wp-json\/wp\/v2\/media\/1010340670"}],"wp:attachment":[{"href":"https:\/\/grandepremio.com\/es\/wp-json\/wp\/v2\/media?parent=7265"}],"wp:term":[{"taxonomy":"category","embeddable":true,"href":"https:\/\/grandepremio.com\/es\/wp-json\/wp\/v2\/categories?post=7265"},{"taxonomy":"post_tag","embeddable":true,"href":"https:\/\/grandepremio.com\/es\/wp-json\/wp\/v2\/tags?post=7265"},{"taxonomy":"42wp_author","embeddable":true,"href":"https:\/\/grandepremio.com\/es\/wp-json\/wp\/v2\/42wp_author?post=7265"}],"curies":[{"name":"wp","href":"https:\/\/api.w.org\/{rel}","templated":true}]}}