{"id":7268,"date":"2025-05-28T12:32:49","date_gmt":"2025-05-28T15:32:49","guid":{"rendered":"https:\/\/grandepremio.com\/es\/2025\/05\/28\/fraga-visita-embajador-brasil-japon-autopolis-super-formula\/"},"modified":"2025-05-28T12:32:53","modified_gmt":"2025-05-28T15:32:53","slug":"fraga-visita-embajador-brasil-japon-autopolis-super-formula","status":"publish","type":"post","link":"https:\/\/grandepremio.com\/es\/super-formula\/fraga-visita-embajador-brasil-japon-autopolis-super-formula\/","title":{"rendered":"Fraga realiza visita al embajador de Brasil en Jap\u00f3n y ve &#8220;positivo&#8221; el P8 en Autopolis"},"content":{"rendered":"\n<p class=\"wp-block-paragraph\">La <strong>S\u00faper F\u00f3rmula<\/strong> sigue enfoc\u00e1ndose en sus esfuerzos por expandir su difusi\u00f3n internacional y, tras su paso por <strong>Autopolis<\/strong>, <a href=\"https:\/\/grandepremio.com\/es\/super-formula\/super-formula-reprograma-autopolis-niebla-fenestraz\/\" target=\"_blank\" rel=\"noreferrer noopener\">que vio la actividad cancelada por la niebla el s\u00e1bado<\/a>, se organiz\u00f3 una visita al Embajador de Brasil en Jap\u00f3n, <strong>Oct\u00e1vio Henrique Dias Garc\u00eda Cortes<\/strong>, para impulsar la participaci\u00f3n y permanencia de <strong>Igor Fraga<\/strong> en suelo japon\u00e9s.<\/p>\n\n\n\n<p class=\"wp-block-paragraph\">\ud83d\udfe5 <strong><em>\u00a1Todas las novedades te esperan en el canal de <\/em><\/strong><a href=\"https:\/\/www.youtube.com\/@GrandePremioES\"><em>YouTube<\/em><\/a><strong><em> de Grande Pr\u00eamio en Espa\u00f1ol!<\/em><\/strong> \ud83d\udfe8<\/p>\n\n\n\n<p class=\"wp-block-paragraph\">Si bien el piloto del equipo <strong>Nakajima Racing<\/strong> evalu\u00f3 en charla con <strong>GRANDE PREMIO<\/strong> que el resultado de la carrera en <strong>Kyushu <\/strong>fue positivo, esperaba algo m\u00e1s del tercer evento del 2025: <strong>\u201cFue bastante positivo teniendo en cuenta que fue un evento de un solo d\u00eda por el mal clima. Fue mi primera vez con el auto de Super F\u00f3rmula en esta pista, dado que ya lo hab\u00eda manejado con el S\u00faper GT, pero es muy diferente con este auto. Tuve poco tiempo para adaptarme para la clasificaci\u00f3n y la carrera. Con todo esto, fui sexto en la clasificaci\u00f3n. En la largada comet\u00ed un error y termin\u00e9 8\u00b0 en la carrera, que creo que es un mal resultado. Al menos pudimos recolectar datos del fin de semana. Hubiera deseado que fuera mejor, pero fue algo positivo lo que conseguimos\u201d.<\/strong><\/p>\n\n\n\n<p class=\"wp-block-paragraph\">Un tema que siempre preocupa es la degradaci\u00f3n de los neum\u00e1ticos de<strong> Yokohama<\/strong> y Fraga coment\u00f3 que se not\u00f3 menos que en otras pistas: <strong>\u201cLa degradaci\u00f3n de los neum\u00e1ticos fue m\u00e1s alta que en otras pistas, pero creo que tampoco fue tan mala para ser honesto, comparado con el hecho de haber parado al comienzo de la carrera, porque pudimos ser algo r\u00e1pidos y mostrar algo de ritmo de carrera\u201d.<\/strong><\/p>\n\n\n\n<figure class=\"wp-block-embed is-type-video is-provider-youtube wp-block-embed-youtube wp-embed-aspect-16-9 wp-has-aspect-ratio\"><div class=\"wp-block-embed__wrapper\">\n<iframe loading=\"lazy\" title=\"PALOU ARRASA EN INDY, \u00bfY MERECE UN LUGAR EN F1?  | Paddock GP\" width=\"500\" height=\"281\" src=\"https:\/\/www.youtube.com\/embed\/63elE6kgLTo?feature=oembed\" frameborder=\"0\" allow=\"accelerometer; autoplay; clipboard-write; encrypted-media; gyroscope; picture-in-picture; web-share\" referrerpolicy=\"strict-origin-when-cross-origin\" allowfullscreen><\/iframe>\n<\/div><\/figure>\n\n\n\n<p class=\"wp-block-paragraph\"><strong>\u201cEl auto de seguridad no nos ayud\u00f3, porque los pilotos que no hab\u00edan parado en boxes tuvieron una detenci\u00f3n &#8216;gratis&#8217; y pudieron hacer una parada mucho m\u00e1s r\u00e1pida. Sin eso, hubiera ganado m\u00e1s posiciones, no s\u00e9 si las hubiese podido defender al final de la carrera, pero hubiera tenido m\u00e1s chances de terminar en una mejor posici\u00f3n. Creo que el auto de seguridad nos ayud\u00f3 en cuanto a los neum\u00e1ticos, pero no en cuanto a la posici\u00f3n en la pista\u201d<\/strong>, admiti\u00f3 Igor sobre el momento de la neutralizaci\u00f3n, por <a href=\"https:\/\/grandepremio.com\/es\/super-formula\/tsuboi-vence-abandono-iwasa-autopolis-fenestraz\/\" target=\"_blank\" rel=\"noreferrer noopener\">la estrategia elegida<\/a> de realizar una parada temprana.<\/p>\n\n\n\n<p class=\"wp-block-paragraph\">De cara al test en<strong> Fuji Speedway <\/strong>el 6 y 7 de junio, el piloto brasile\u00f1o-japon\u00e9s tiene clara la direcci\u00f3n que deben tomar: <strong>\u201cCreo que tenemos algunas cosas pensadas para probar, que algunas alcanzamos a probar este fin de semana y que nos gustaron, as\u00ed que estamos en una buena direcci\u00f3n y tendremos m\u00e1s tiempo para desarrollar una filosof\u00eda del auto, porque cambiamos el car\u00e1cter, y tratamos de hacer ajustes para poder maximizar la performance del auto y extraer todo el rendimiento posible, ser\u00e1 muy bueno tener el test de Fuji para esto\u201d.<\/strong><\/p>\n\n\n\n<p class=\"wp-block-paragraph\"><strong>\u201cEn cu\u00e1nto a mi, hay cosas que no me siento c\u00f3modo con el auto a\u00fan, y creo que tener m\u00e1s tiempo en pista y m\u00e1s tiempo para entender mejor el auto, porque hoy, por ejemplo, no tuve tiempo para tener el &#8216;feeling&#8217; con el auto y fue muy dificil tener que ir r\u00e1pido desde el inicio, y por eso espero estar m\u00e1s cerca en los test en t\u00e9rminos de entender el funcionamiento del auto\u201d<\/strong>, a\u00f1adi\u00f3.<\/p>\n\n\n\n<figure class=\"wp-block-image size-large\"><img decoding=\"async\" src=\"https:\/\/grandepremio.com\/cdn-cgi\/image\/width=893,height=558,fit=contain,gravity=0.5x0.5,quality=75,format=webp\/es\/wp-content\/uploads\/2025\/05\/DSC03356-1024x681.jpg\" alt=\"\" class=\"wp-image-340644\"\/><figcaption class=\"wp-element-caption\">Igor Fraga y el embajador de Brasil en Jap\u00f3n, en el encuentro que mantuvieron este mi\u00e9rcoles en Tokio. (Foto: JRP)<\/figcaption><\/figure>\n\n\n\n<p class=\"wp-block-paragraph\"><strong>IGOR FRAGA Y UN PEDIDO A LA EMBAJADA DE BRASIL EN JAP\u00d3N<\/strong><\/p>\n\n\n\n<p class=\"wp-block-paragraph\">Sin dudas que ha sido un d\u00eda especial este mi\u00e9rcoles para <strong>Igor Fraga<\/strong>, dado que la empresa <strong>JRP<\/strong>, promotora de la S\u00faper F\u00f3rmula, ha organizado una reuni\u00f3n del piloto con las autoridades de la embajada brasile\u00f1a en Jap\u00f3n y ha solicitado un apoyo para reunir sponsor y poder continuar corriendo, de acuerdo con la versi\u00f3n japonesa de <em>Motorsport<\/em>. <em>GRANDE PREMIO<\/em> pudo estar presente como \u00fanico medio escuchando la conversaci\u00f3n ocurrida en Tokio. <\/p>\n\n\n\n<p class=\"wp-block-paragraph\">La charla se desarroll\u00f3 en horas de la madrugada de Brasilia y Buenos Aires, y fue en un marco ameno donde se inviti\u00f3 al embajador extraordinario y plenipotenciario,<strong> Oct\u00e1vio Henrique Dias Garcia C\u00d4RTES,<\/strong> al doble evento en <strong>Fuji <\/strong>de julio, <a href=\"https:\/\/grandepremio.com\/es\/super-formula\/fenestraz-encuentro-embajador-argentino-japon-apoyo\/\" target=\"_blank\" rel=\"noreferrer noopener\">tal como hab\u00eda ocurrido con el embajador argentino cuando <strong>Sacha Fenestraz<\/strong> fue a verlo hace unas semanas<\/a>. Los funcionarios se interesaron por la historia familiar de Fraga, nacido en Kanazawa en 1998, pero que se mud\u00f3 a Brasil a los 12 a\u00f1os y ha vuelto al pa\u00eds del sol naciente luego de una campa\u00f1a en Estados Unidos y un sue\u00f1o trunco de llegar a la <strong>F\u00f3rmula 1<\/strong>.<\/p>\n\n\n\n<figure class=\"wp-block-image size-large\"><img decoding=\"async\" src=\"https:\/\/grandepremio.com\/cdn-cgi\/image\/width=893,height=558,fit=contain,gravity=0.5x0.5,quality=75,format=webp\/es\/wp-content\/uploads\/2025\/05\/DSC03311-1024x680.jpg\" alt=\"\" class=\"wp-image-340645\"\/><figcaption class=\"wp-element-caption\">Fraga se encontr\u00f3 este mi\u00e9rcoles con las autoridades de la embajada de Brasil en Jap\u00f3n y manifest\u00f3 su alegr\u00eda por difundir la cultura de Brasil en Jap\u00f3n. (Foto: Cr\u00e9dito JRP)<\/figcaption><\/figure>\n\n\n\n<p class=\"wp-block-paragraph\">El piloto<em> \u201cgraduado\u201d<\/em> de<strong> Gran Turismo<\/strong> se mostr\u00f3 muy contento con la posibilidad de difundir m\u00e1s la cultura brasile\u00f1a en Jap\u00f3n, por esto anim\u00f3 a sus compatriotas residentes en Jap\u00f3n a alentarlo en las pistas niponas y circularon algunas ideas para incorporar elementos t\u00edpicos brasile\u00f1os para la pr\u00f3xima doble cita de la <strong>S\u00faper F\u00f3rmula<\/strong>. <\/p>\n\n\n\n<p class=\"wp-block-paragraph\">Por \u00faltimo, cabe destacar que Igor habl\u00f3 con medios japoneses y con los funcionarios en un m\u00e1s que fluido japon\u00e9s y portugu\u00e9s, de acuerdo a lo que pudo presenciar este medio y se hizo referencia a la participaci\u00f3n del campe\u00f3n de la Toyota Racing Series de 2020 este fin de semana en las <strong>24 horas de Fuji <\/strong>de la Super Taikyu con un Nissan GT4 del Team, ZeroOne. <\/p>\n\n\n\n<p class=\"wp-block-paragraph\">\u23e9 <strong><em>\u00a1Seguinos en redes por <\/em><\/strong><a href=\"https:\/\/twitter.com\/grandepremioES\"><em>Twitter <\/em><\/a><strong><em>e <\/em><\/strong><a href=\"https:\/\/www.instagram.com\/grandepremioes\/\"><em>Instagram!<\/em><em><br><\/em><\/a>\u23e9 <strong><em>Adem\u00e1s, tenemos nuestro <\/em><\/strong><a href=\"https:\/\/whatsapp.com\/channel\/0029VaDZ5zb0gcfDxuwxBM05\"><em>canal de Whatsapp<\/em><\/a><strong><em> con toda la informaci\u00f3n al instante<\/em><\/strong> \ud83c\udfc1<\/p>\n\n\n\n<p class=\"wp-block-paragraph\">La S\u00faper F\u00f3rmula regresar\u00e1 oficialmente a las pistas el 6 y 7 de junio con test en Fuji Speedway, donde ser\u00e1 la pr\u00f3xima ronda del calendario 2025, entre el 18 y el 20 de julio. Cobertura de GRANDE PREMIO.<\/p>\n","protected":false},"excerpt":{"rendered":"<p>Tras haber finalizado octavo en la carrera de la S\u00faper F\u00f3rmula en Aut\u00f3polis, Igor Fraga y representantes de la categor\u00eda se encontraron este mi\u00e9rcoles con el embajador de Brasil en Jap\u00f3n, Oct\u00e1vio Henrique Dias Garc\u00eda Cortes, y GRANDE PREMIO pudo tener acceso a la conversaci\u00f3n, as\u00ed como tambi\u00e9n al balance del piloto de la pasada competencia.<\/p>\n","protected":false},"author":0,"featured_media":1010340634,"comment_status":"closed","ping_status":"closed","sticky":false,"template":"","format":"standard","meta":{"42wp_featured_image_caption":"","42wp_featured_image_credits":"","42wp_featured_video":"","42wp_featured_image_hidden":false,"42wp_authors_list":[],"footnotes":""},"categories":[45],"tags":[12409,7284,179,7070,286,12408,12369,11230,12407,3007,7286,6689,11395],"42wp_author":[14237],"class_list":["post-7268","post","type-post","status-publish","format-standard","has-post-thumbnail","hentry","category-super-formula","tag-24-horas-de-fuji","tag-autopolis","tag-formula-1","tag-fuji-speedway","tag-igor-fraga","tag-jrp","tag-kyushu","tag-nakajima-racing","tag-octavio-henrique-dias-garcia-cortes","tag-sacha-fenestraz","tag-super-formula-2","tag-supergt","tag-yokohama","42wp_author-gabriel-garcia"],"_links":{"self":[{"href":"https:\/\/grandepremio.com\/es\/wp-json\/wp\/v2\/posts\/7268","targetHints":{"allow":["GET"]}}],"collection":[{"href":"https:\/\/grandepremio.com\/es\/wp-json\/wp\/v2\/posts"}],"about":[{"href":"https:\/\/grandepremio.com\/es\/wp-json\/wp\/v2\/types\/post"}],"replies":[{"embeddable":true,"href":"https:\/\/grandepremio.com\/es\/wp-json\/wp\/v2\/comments?post=7268"}],"version-history":[{"count":0,"href":"https:\/\/grandepremio.com\/es\/wp-json\/wp\/v2\/posts\/7268\/revisions"}],"wp:featuredmedia":[{"embeddable":true,"href":"https:\/\/grandepremio.com\/es\/wp-json\/wp\/v2\/media\/1010340634"}],"wp:attachment":[{"href":"https:\/\/grandepremio.com\/es\/wp-json\/wp\/v2\/media?parent=7268"}],"wp:term":[{"taxonomy":"category","embeddable":true,"href":"https:\/\/grandepremio.com\/es\/wp-json\/wp\/v2\/categories?post=7268"},{"taxonomy":"post_tag","embeddable":true,"href":"https:\/\/grandepremio.com\/es\/wp-json\/wp\/v2\/tags?post=7268"},{"taxonomy":"42wp_author","embeddable":true,"href":"https:\/\/grandepremio.com\/es\/wp-json\/wp\/v2\/42wp_author?post=7268"}],"curies":[{"name":"wp","href":"https:\/\/api.w.org\/{rel}","templated":true}]}}