{"id":7275,"date":"2025-05-28T09:26:07","date_gmt":"2025-05-28T12:26:07","guid":{"rendered":"https:\/\/grandepremio.com\/es\/2025\/05\/28\/ktm-reafirma-compromiso-deporte-motor-parte-nuestro-adn\/"},"modified":"2025-05-28T09:26:11","modified_gmt":"2025-05-28T12:26:11","slug":"ktm-reafirma-compromiso-deporte-motor-parte-nuestro-adn","status":"publish","type":"post","link":"https:\/\/grandepremio.com\/es\/motogp\/ktm-reafirma-compromiso-deporte-motor-parte-nuestro-adn\/","title":{"rendered":"KTM reafirma \u00abcompromiso con el deporte motor\u00bb y destaca: \u00abParte de nuestro ADN\u00bb"},"content":{"rendered":"\n<p class=\"wp-block-paragraph\">El director ejecutivo de <strong>KTM<\/strong>, <strong>Gottfried Neumeister<\/strong>, afirm\u00f3 que la marca mantiene su compromiso con el deporte motor a pesar de la crisis. El ejecutivo expres\u00f3 su confianza en la recuperaci\u00f3n de la compa\u00f1\u00eda tras el acuerdo con <strong>Bajaj<\/strong>.<\/p>\n\n\n\n<p class=\"wp-block-paragraph\">La semana pasada, la empresa con sede en <strong>Mattighofen<\/strong> logr\u00f3 completar la primera fase del proceso de recuperaci\u00f3n y liquidar parte de su deuda. Sin embargo, esto solo fue posible gracias a una importante inversi\u00f3n de la empresa india, que inyect\u00f3 <strong>800 millones de euros<\/strong>.<\/p>\n\n\n\n<p class=\"wp-block-paragraph\">Desde que la crisis se hizo noticia, el futuro de la marca en la competici\u00f3n ha estado en duda. El a\u00f1o pasado, en una de las primeras reuniones con acreedores, el administrador privado designado por la compa\u00f1\u00eda en el proceso de recuperaci\u00f3n indic\u00f3 la salida del <strong>Campeonato Mundial de Motociclismo<\/strong> como una posibilidad para reducir costes.<\/p>\n\n\n\n<p class=\"wp-block-paragraph\">Ahora, sin embargo, Neumeister reafirma su compromiso con lo que considera el \u00abADN\u00bb de KTM. Sin embargo, sin entrar en detalles sobre las categor\u00edas en s\u00ed.<\/p>\n\n\n\n<p class=\"wp-block-paragraph\">\ud83d\udfe5&nbsp;<strong><em>\u00a1Todas las novedades te esperan en el canal de&nbsp;<\/em><\/strong><a href=\"https:\/\/www.youtube.com\/@GrandePremioES\"><em>YouTube<\/em><\/a><strong><em>&nbsp;de Grande Pr\u00eamio en Espa\u00f1ol!<\/em><\/strong>&nbsp;\ud83d\udfe8<\/p>\n\n\n\n<figure class=\"wp-block-image size-full\"><img decoding=\"async\" src=\"https:\/\/grandepremio.com\/es\/wp-content\/uploads\/..\/gp_br_uploads\/2025\/05\/Gottfried-Neumeister-CEO-KTM-AG.jpg\" alt=\"\" class=\"wp-image-339100\"\/><figcaption class=\"wp-element-caption\">Gottfried Neumeister reafirm\u00f3 el compromiso de KTM con el deporte motor. (Foto: KTM)<\/figcaption><\/figure>\n\n\n\n<p class=\"wp-block-paragraph\">\u23e9\u00a0<strong><em>\u00a1Seguinos en redes por\u00a0<\/em><\/strong><a href=\"https:\/\/twitter.com\/grandepremioES\"><em>Twitter\u00a0<\/em><\/a><strong><em>e\u00a0<\/em><\/strong><a href=\"https:\/\/www.instagram.com\/grandepremioes\/\"><em>Instagram!<br><\/em><\/a>\u23e9\u00a0<strong><em>Adem\u00e1s, tenemos nuestro\u00a0<\/em><\/strong><a href=\"https:\/\/whatsapp.com\/channel\/0029VaDZ5zb0gcfDxuwxBM05\"><em>canal de Whatsapp<\/em><\/a><strong><em>\u00a0con toda la informaci\u00f3n al instante<\/em><\/strong>\u00a0\ud83c\udfc1<\/p>\n\n\n\n<p class=\"wp-block-paragraph\">\u00abKTM es una de las marcas de motocicletas m\u00e1s famosas del mundo. Ganamos el <strong>Rally Dakar<\/strong>, las primeras seis carreras de <strong>Supercross<\/strong> en <strong>Estados Unidos<\/strong> en <strong>2025<\/strong> y ya hemos ganado tres t\u00edtulos mundiales m\u00e1s este a\u00f1o\u00bb, declar\u00f3 el directivo en una entrevista con el peri\u00f3dico austr\u00edaco <em>Salzburger Nachrichten<\/em>. \u00abFabricamos las mejores motocicletas del mundo. Una vez que superemos el problema autoinfligido de los altos niveles de inventario, podremos volver a generar ingresos razonables\u201d, a\u00f1adi\u00f3.<\/p>\n\n\n\n<p class=\"wp-block-paragraph\">El ejecutivo, sin embargo, rest\u00f3 importancia a la pregunta de qu\u00e9 marca se utilizar\u00e1, ya que cree que lo m\u00e1s importante es que la gente sepa que la tecnolog\u00eda proviene de <strong>Austria<\/strong>.<\/p>\n\n\n\n<p class=\"wp-block-paragraph\">\u00abNo me importa si se llamar\u00e1 de otra manera. En algunas categor\u00edas de motociclismo, nuestras motos <strong>Husqvarna<\/strong> y <strong>GasGas<\/strong> tambi\u00e9n tienen nombres diferentes. Pero es cuesti\u00f3n de que todos sepan que esta tecnolog\u00eda proviene de Austria\u00bb, argument\u00f3.<\/p>\n\n\n\n<p class=\"wp-block-paragraph\">Finalmente, Neumeister asegur\u00f3 que la marca mantiene su compromiso con el deporte, incluso durante la crisis.<\/p>\n\n\n\n<p class=\"wp-block-paragraph\">\u00abY seguir\u00e1 habiendo un compromiso muy claro con el deporte motor. Es la esencia de la marca KTM. Forma parte de nuestro ADN\u00bb, concluy\u00f3.<\/p>\n\n\n\n<p class=\"wp-block-paragraph\"><strong>MotoGP<\/strong>&nbsp;vuelve a la acci\u00f3n entre el 6 y el 8 de junio, con el&nbsp;<strong>GP de Arag\u00f3n<\/strong>&nbsp;en&nbsp;<strong>Espa\u00f1a<\/strong>, octava prueba de la&nbsp;<strong>temporada 2025<\/strong>.<\/p>\n\n\n\n<figure class=\"wp-block-embed is-type-video is-provider-youtube wp-block-embed-youtube wp-embed-aspect-16-9 wp-has-aspect-ratio\"><div class=\"wp-block-embed__wrapper\">\n<iframe loading=\"lazy\" title=\"PALOU ARRASA EN INDY, \u00bfY MERECE UN LUGAR EN F1?  | Paddock GP\" width=\"500\" height=\"281\" src=\"https:\/\/www.youtube.com\/embed\/63elE6kgLTo?feature=oembed\" frameborder=\"0\" allow=\"accelerometer; autoplay; clipboard-write; encrypted-media; gyroscope; picture-in-picture; web-share\" referrerpolicy=\"strict-origin-when-cross-origin\" allowfullscreen><\/iframe>\n<\/div><\/figure>\n","protected":false},"excerpt":{"rendered":"<p>El CEO de KTM, Gottfried Neumeister, expres\u00f3 su confianza en la recuperaci\u00f3n de la marca tras el acuerdo con Bajaj y asegur\u00f3 que la marca sigue comprometida con el deporte del motor.<\/p>\n","protected":false},"author":0,"featured_media":1010320449,"comment_status":"closed","ping_status":"closed","sticky":false,"template":"","format":"standard","meta":{"42wp_featured_image_caption":"","42wp_featured_image_credits":"","42wp_featured_video":"","42wp_featured_image_hidden":false,"42wp_authors_list":[],"footnotes":""},"categories":[8],"tags":[12386,2035,11572,4981,1381,1293,9621,1956],"42wp_author":[14240],"class_list":["post-7275","post","type-post","status-publish","format-standard","has-post-thumbnail","hentry","category-motogp","tag-bajaj","tag-gasgas","tag-gottfried-neumeister","tag-husqvarna","tag-ktm","tag-motogp","tag-motogp-2025","tag-rally-dakar","42wp_author-ignacio-bogado"],"_links":{"self":[{"href":"https:\/\/grandepremio.com\/es\/wp-json\/wp\/v2\/posts\/7275","targetHints":{"allow":["GET"]}}],"collection":[{"href":"https:\/\/grandepremio.com\/es\/wp-json\/wp\/v2\/posts"}],"about":[{"href":"https:\/\/grandepremio.com\/es\/wp-json\/wp\/v2\/types\/post"}],"replies":[{"embeddable":true,"href":"https:\/\/grandepremio.com\/es\/wp-json\/wp\/v2\/comments?post=7275"}],"version-history":[{"count":0,"href":"https:\/\/grandepremio.com\/es\/wp-json\/wp\/v2\/posts\/7275\/revisions"}],"wp:featuredmedia":[{"embeddable":true,"href":"https:\/\/grandepremio.com\/es\/wp-json\/wp\/v2\/media\/1010320449"}],"wp:attachment":[{"href":"https:\/\/grandepremio.com\/es\/wp-json\/wp\/v2\/media?parent=7275"}],"wp:term":[{"taxonomy":"category","embeddable":true,"href":"https:\/\/grandepremio.com\/es\/wp-json\/wp\/v2\/categories?post=7275"},{"taxonomy":"post_tag","embeddable":true,"href":"https:\/\/grandepremio.com\/es\/wp-json\/wp\/v2\/tags?post=7275"},{"taxonomy":"42wp_author","embeddable":true,"href":"https:\/\/grandepremio.com\/es\/wp-json\/wp\/v2\/42wp_author?post=7275"}],"curies":[{"name":"wp","href":"https:\/\/api.w.org\/{rel}","templated":true}]}}