{"id":7294,"date":"2025-05-27T09:30:24","date_gmt":"2025-05-27T12:30:24","guid":{"rendered":"https:\/\/grandepremio.com\/es\/2025\/05\/27\/newey-reitera-foco-2026-planea-mejoras-en-torno-gp-gran-bretana\/"},"modified":"2025-05-27T09:30:28","modified_gmt":"2025-05-27T12:30:28","slug":"newey-reitera-foco-2026-planea-mejoras-en-torno-gp-gran-bretana","status":"publish","type":"post","link":"https:\/\/grandepremio.com\/es\/f1\/newey-reitera-foco-2026-planea-mejoras-en-torno-gp-gran-bretana\/","title":{"rendered":"Newey reitera foco en 2026, pero planea mejoras \u00aben torno al GP de Gran Breta\u00f1a\u00bb"},"content":{"rendered":"\n<p class=\"wp-block-paragraph\"><strong>Adrian Newey<\/strong> ha revelado que la pr\u00f3xima actualizaci\u00f3n de <strong>Aston Martin<\/strong> llegar\u00e1 alrededor del <strong>Gran Premio de Gran Breta\u00f1a<\/strong>, la carrera que marca el ecuador de la <strong>temporada 2025<\/strong> de <strong>F\u00f3rmula 1<\/strong>. El dise\u00f1ador tambi\u00e9n ha reiterado que est\u00e1 totalmente centrado en el coche del a\u00f1o que viene, pero que tambi\u00e9n ha hablado con el responsable del coche actual.<\/p>\n\n\n\n<p class=\"wp-block-paragraph\">Las primeras mejoras del <strong>AMR25<\/strong> llegaron en el <strong>GP de Emilia-Roma\u00f1a<\/strong> y mostraron una evoluci\u00f3n significativa, sobre todo en clasificaci\u00f3n. En <strong>M\u00f3naco<\/strong>, <strong>Fernando Alonso<\/strong> ocupaba la sexta posici\u00f3n cuando un fallo en el motor lo oblig\u00f3 a retirarse.<\/p>\n\n\n\n<p class=\"wp-block-paragraph\">\u00abSoy bastante disciplinado en ese sentido\u00bb, declar\u00f3 el brit\u00e1nico en una entrevista concedida a la web oficial de la F1. \u00abMe he concentrado mucho en el coche de 2026, pero s\u00ed, he tenido charlas a la hora de comer con el tipo que est\u00e1 trabajando en el coche de este a\u00f1o y seguiremos haci\u00e9ndolo durante unos meses\u00bb, continu\u00f3.<\/p>\n\n\n\n<p class=\"wp-block-paragraph\">\ud83d\udfe5&nbsp;<strong><em>\u00a1Todas las novedades te esperan en el canal de&nbsp;<\/em><\/strong><a href=\"https:\/\/www.youtube.com\/@GrandePremioES\"><em>YouTube<\/em><\/a><strong><em>&nbsp;de Grande Pr\u00eamio en Espa\u00f1ol!<\/em><\/strong>&nbsp;\ud83d\udfe8<\/p>\n\n\n\n<figure class=\"wp-block-image size-large\"><img decoding=\"async\" src=\"https:\/\/grandepremio.com\/es\/wp-content\/uploads\/2025\/04\/adrian-newey-aston-martin-2025-1024x665.jpg\" alt=\"\" class=\"wp-image-323969\"\/><figcaption class=\"wp-element-caption\">Adrian Newey anticip\u00f3 actualizaciones en el AMR25 en Silverstone. (Foto: Aston Martin)<\/figcaption><\/figure>\n\n\n\n<p class=\"wp-block-paragraph\">\u23e9\u00a0<strong><em>\u00a1Seguinos en redes por\u00a0<\/em><\/strong><a href=\"https:\/\/twitter.com\/grandepremioES\"><em>Twitter\u00a0<\/em><\/a><strong><em>e\u00a0<\/em><\/strong><a href=\"https:\/\/www.instagram.com\/grandepremioes\/\"><em>Instagram!<br><\/em><\/a>\u23e9\u00a0<strong><em>Adem\u00e1s, tenemos nuestro\u00a0<\/em><\/strong><a href=\"https:\/\/whatsapp.com\/channel\/0029VaDZ5zb0gcfDxuwxBM05\"><em>canal de Whatsapp<\/em><\/a><strong><em>\u00a0con toda la informaci\u00f3n al instante<\/em><\/strong>\u00a0\ud83c\udfc1<\/p>\n\n\n\n<p class=\"wp-block-paragraph\">\u00abTenemos una actualizaci\u00f3n para el verano (europeo), en torno a <strong>Silverstone<\/strong>, as\u00ed que seguir\u00e9 teniendo algunas conversaciones a la hora del almuerzo con ese grupo, proponiendo algunas ideas y veremos ad\u00f3nde nos lleva\u00bb, afirm\u00f3.<\/p>\n\n\n\n<p class=\"wp-block-paragraph\">El <strong>Gran Premio de M\u00f3naco<\/strong> de 2025 supuso la primera vez que Adrian asist\u00eda a una carrera desde el Gran Premio de Gran Breta\u00f1a del a\u00f1o pasado. Tambi\u00e9n fue la primera vez que ve\u00eda de cerca el trabajo en pista de Aston Martin.<\/p>\n\n\n\n<p class=\"wp-block-paragraph\">\u00abEs la primera vez que veo los coches de este a\u00f1o en su totalidad y he pasado mucho tiempo alejado de ellos. Ser\u00e1 interesante para m\u00ed ver lo que todo el mundo ha hecho durante el invierno y en las primeras carreras, y c\u00f3mo los equipos han cambiado los coches de la temporada pasada a este a\u00f1o\u00bb, concluy\u00f3.<\/p>\n\n\n\n<p class=\"wp-block-paragraph\">Aston Martin es octavo en el <strong>Campeonato del Mundo de Constructores<\/strong> con 14 puntos, todos conseguidos por <strong>Lance Stroll<\/strong>.<\/p>\n\n\n\n<p class=\"wp-block-paragraph\">La&nbsp;<strong>F\u00f3rmula 1<\/strong>&nbsp;regresa del 30 de mayo al 1 de junio en&nbsp;<strong>Barcelona<\/strong>, que recibe el&nbsp;<strong>Gran Premio de Espa\u00f1a<\/strong>, novena prueba de la&nbsp;<strong>temporada 2025<\/strong>.<\/p>\n\n\n\n<figure class=\"wp-block-embed is-type-video is-provider-youtube wp-block-embed-youtube wp-embed-aspect-16-9 wp-has-aspect-ratio\"><div class=\"wp-block-embed__wrapper\">\n<iframe loading=\"lazy\" title=\"NORRIS GANA EN M\u00d3NACO Y VUELVE A LA PELEA EN F1 | Briefing\" width=\"500\" height=\"281\" src=\"https:\/\/www.youtube.com\/embed\/Vv_2HWVWE_0?feature=oembed\" frameborder=\"0\" allow=\"accelerometer; autoplay; clipboard-write; encrypted-media; gyroscope; picture-in-picture; web-share\" referrerpolicy=\"strict-origin-when-cross-origin\" allowfullscreen><\/iframe>\n<\/div><\/figure>\n","protected":false},"excerpt":{"rendered":"<p>Adrian Newey coment\u00f3 que Aston Martin tiene prevista una actualizaci\u00f3n para la competencia en Silverstone y recalc\u00f3 que est\u00e1 centrado en el coche de 2026.<\/p>\n","protected":false},"author":0,"featured_media":1010339147,"comment_status":"closed","ping_status":"closed","sticky":false,"template":"","format":"standard","meta":{"42wp_featured_image_caption":"","42wp_featured_image_credits":"","42wp_featured_video":"","42wp_featured_image_hidden":false,"42wp_authors_list":[],"footnotes":""},"categories":[5],"tags":[742,11652,209,1710,184,179,507,1325,359,480],"42wp_author":[14240],"class_list":["post-7294","post","type-post","status-publish","format-standard","has-post-thumbnail","hentry","category-f1","tag-adrian-newey","tag-amr25","tag-aston-martin","tag-f1-2025","tag-fernando-alonso","tag-formula-1","tag-gp-de-gran-bretana","tag-gp-de-monaco","tag-lance-stroll","tag-silverstone","42wp_author-ignacio-bogado"],"_links":{"self":[{"href":"https:\/\/grandepremio.com\/es\/wp-json\/wp\/v2\/posts\/7294","targetHints":{"allow":["GET"]}}],"collection":[{"href":"https:\/\/grandepremio.com\/es\/wp-json\/wp\/v2\/posts"}],"about":[{"href":"https:\/\/grandepremio.com\/es\/wp-json\/wp\/v2\/types\/post"}],"replies":[{"embeddable":true,"href":"https:\/\/grandepremio.com\/es\/wp-json\/wp\/v2\/comments?post=7294"}],"version-history":[{"count":0,"href":"https:\/\/grandepremio.com\/es\/wp-json\/wp\/v2\/posts\/7294\/revisions"}],"wp:featuredmedia":[{"embeddable":true,"href":"https:\/\/grandepremio.com\/es\/wp-json\/wp\/v2\/media\/1010339147"}],"wp:attachment":[{"href":"https:\/\/grandepremio.com\/es\/wp-json\/wp\/v2\/media?parent=7294"}],"wp:term":[{"taxonomy":"category","embeddable":true,"href":"https:\/\/grandepremio.com\/es\/wp-json\/wp\/v2\/categories?post=7294"},{"taxonomy":"post_tag","embeddable":true,"href":"https:\/\/grandepremio.com\/es\/wp-json\/wp\/v2\/tags?post=7294"},{"taxonomy":"42wp_author","embeddable":true,"href":"https:\/\/grandepremio.com\/es\/wp-json\/wp\/v2\/42wp_author?post=7294"}],"curies":[{"name":"wp","href":"https:\/\/api.w.org\/{rel}","templated":true}]}}