{"id":7303,"date":"2025-05-26T14:01:01","date_gmt":"2025-05-26T17:01:01","guid":{"rendered":"https:\/\/grandepremio.com\/es\/2025\/05\/26\/martin-semanas-dificiles-promete-otra-cara-historia-salida\/"},"modified":"2025-05-26T14:01:06","modified_gmt":"2025-05-26T17:01:06","slug":"martin-semanas-dificiles-promete-otra-cara-historia-salida","status":"publish","type":"post","link":"https:\/\/grandepremio.com\/es\/motogp\/martin-semanas-dificiles-promete-otra-cara-historia-salida\/","title":{"rendered":"Mart\u00edn habla de &#8220;semanas dif\u00edciles&#8221; y promete &#8220;otra cara de la historia&#8221; tras rumores de salida"},"content":{"rendered":"\n<p class=\"wp-block-paragraph\">Se ha desatado una fuerte pol\u00e9mica en <strong>MotoGP <\/strong>por la intenci\u00f3n de <strong>Jorge Mart\u00edn <\/strong>de abandonar <strong>Aprilia <\/strong>para 2026 y fichar por <strong>Honda<\/strong>, que lo habr\u00eda tentado con un contrato. <a href=\"https:\/\/grandepremio.com\/es\/motogp\/aprilia-celebra-triunfo-silverstone-reconciliarse-martin\/\" target=\"_blank\" rel=\"noreferrer noopener\">Tras el triunfo del fabricante en el <strong>GP de Gran Breta\u00f1a<\/strong>, el CEO de la casa de Noale, <strong>Massimo Rivola<\/strong>, le dijo que esperan su recuperaci\u00f3n y que tiene una moto ganadora en el certamen<\/a>.<\/p>\n\n\n\n<p class=\"wp-block-paragraph\">\ud83d\udfe5 <strong><em>\u00a1Todas las novedades te esperan en el canal de <\/em><\/strong><a href=\"https:\/\/www.youtube.com\/@GrandePremioES\"><em>YouTube<\/em><\/a><strong><em> de Grande Pr\u00eamio en Espa\u00f1ol!<\/em><\/strong> \ud83d\udfe8<\/p>\n\n\n\n<p class=\"wp-block-paragraph\">Mart\u00edn, que solo corri\u00f3 este a\u00f1o en el <strong>GP de Qatar<\/strong> a causa de una lesi\u00f3n en la pretemporada, y una ca\u00edda en Lusail lo dej\u00f3 m\u00e1s tiempo fuera de pista, escribi\u00f3 un mensaje en sus redes sociales: <strong>\u201cEstoy contento y agradecido de volver a los entrenamientos. Pronto dar\u00e9 mi versi\u00f3n de los hechos. He pasado unas semanas duras en lo personal. Gracias a todos los que siguen apoy\u00e1ndome y disfrutando del Gran Premio de Gran Breta\u00f1a\u201d.\u00a0<\/strong><\/p>\n\n\n\n<p class=\"wp-block-paragraph\">Hay que recordar que el campe\u00f3n del mundo del Mundial de Motociclismo se perfor\u00f3 el pulm\u00f3n tras un toque con <strong>Fabio Di Giannantonio<\/strong> y sufri\u00f3 varias fracturas por el golpe sobre el asfalto. Jorge public\u00f3 su recorrido de 82 kil\u00f3metros en bicicleta por Espa\u00f1a.<\/p>\n\n\n\n<figure class=\"wp-block-embed is-type-video is-provider-youtube wp-block-embed-youtube wp-embed-aspect-16-9 wp-has-aspect-ratio\"><div class=\"wp-block-embed__wrapper\">\n<iframe loading=\"lazy\" title=\"NORRIS GANA EN M\u00d3NACO Y VUELVE A LA PELEA EN F1 | Briefing\" width=\"500\" height=\"281\" src=\"https:\/\/www.youtube.com\/embed\/Vv_2HWVWE_0?feature=oembed\" frameborder=\"0\" allow=\"accelerometer; autoplay; clipboard-write; encrypted-media; gyroscope; picture-in-picture; web-share\" referrerpolicy=\"strict-origin-when-cross-origin\" allowfullscreen><\/iframe>\n<\/div><\/figure>\n\n\n\n<p class=\"wp-block-paragraph\">De lo que se sabe hasta el momento, Autosport public\u00f3 que Mart\u00edn estuvo en <strong>Le Mans<\/strong> para hablar sobre una cl\u00e1usula de su contrato que le permitir\u00eda recibir ofertas de otros equipos, como Honda, si no estaba en el top 6 del campeonato. <a href=\"https:\/\/grandepremio.com\/es\/motogp\/aprilia-cumplimiento-contrato-jorge-martin-advertencia-rivales-motogp-2025\/\" target=\"_blank\" rel=\"noreferrer noopener\"><strong>GRANDE PR\u00caMIO<\/strong> ha podido saber que Jorge ha ofrecido a Aprilia otras seis carreras, desde el momento en que vuelva a la acci\u00f3n, para que pueda continuar con la evaluaci\u00f3n de la RS-GP y seguir haciendo uso de la cl\u00e1usula.<\/a><\/p>\n\n\n\n<p class=\"wp-block-paragraph\">Para 2026, Honda quiere reemplazar a <strong>Luca Marini<\/strong>, al que se le vence su contrato al final de esta temporada, lo mismo que el de <strong>Johann Zarco<\/strong>, que corre en el equipo LCR, cliente de HRC. La <em>\u201cf\u00e1brica del ala\u201d<\/em> ya tiene a un buen amigo de Mart\u00edn, <strong>Aleix Espargar\u00f3<\/strong>, como piloto de pruebas.\u00a0<\/p>\n\n\n\n<p class=\"wp-block-paragraph\">\u23e9 <strong><em>\u00a1Seguinos en redes por <\/em><\/strong><a href=\"https:\/\/twitter.com\/grandepremioES\"><em>Twitter <\/em><\/a><strong><em>e <\/em><\/strong><a href=\"https:\/\/www.instagram.com\/grandepremioes\/\"><em>Instagram!<\/em><em><br><\/em><\/a>\u23e9 <strong><em>Adem\u00e1s, tenemos nuestro <\/em><\/strong><a href=\"https:\/\/whatsapp.com\/channel\/0029VaDZ5zb0gcfDxuwxBM05\"><em>canal de Whatsapp<\/em><\/a><strong><em> con toda la informaci\u00f3n al instante<\/em><\/strong> \ud83c\udfc1<\/p>\n\n\n\n<p class=\"wp-block-paragraph\">MotoGP volver\u00e1 a las pistas en dos semanas, del 6 al 8 de junio, con el Gran Premio de Arag\u00f3n en el circuito de Motorland, cobertura de GRANDE PREMIO en Espa\u00f1ol.&nbsp;<\/p>\n","protected":false},"excerpt":{"rendered":"<p>Jorge Mart\u00edn ha tomado las redes sociales para anunciar que ha vuelto a los entrenamientos tras su \u00faltima lesi\u00f3n y quiere presentar su versi\u00f3n de la pol\u00e9mica que rodea a una posible salida prematura de Aprilia.<\/p>\n","protected":false},"author":0,"featured_media":1010340345,"comment_status":"closed","ping_status":"closed","sticky":false,"template":"","format":"standard","meta":{"42wp_featured_image_caption":"","42wp_featured_image_credits":"","42wp_featured_video":"","42wp_featured_image_hidden":false,"42wp_authors_list":[],"footnotes":""},"categories":[8],"tags":[1377,1394,2059,507,1563,221,1404,1526,298,1614,4701,1293],"42wp_author":[14237],"class_list":["post-7303","post","type-post","status-publish","format-standard","has-post-thumbnail","hentry","category-motogp","tag-aleix-espargaro","tag-aprilia","tag-fabio-di-giannantonio","tag-gp-de-gran-bretana","tag-gp-de-qatar","tag-honda","tag-johann-zarco","tag-jorge-martin","tag-le-mans","tag-luca-marini","tag-massimo-rivola","tag-motogp","42wp_author-gabriel-garcia"],"_links":{"self":[{"href":"https:\/\/grandepremio.com\/es\/wp-json\/wp\/v2\/posts\/7303","targetHints":{"allow":["GET"]}}],"collection":[{"href":"https:\/\/grandepremio.com\/es\/wp-json\/wp\/v2\/posts"}],"about":[{"href":"https:\/\/grandepremio.com\/es\/wp-json\/wp\/v2\/types\/post"}],"replies":[{"embeddable":true,"href":"https:\/\/grandepremio.com\/es\/wp-json\/wp\/v2\/comments?post=7303"}],"version-history":[{"count":0,"href":"https:\/\/grandepremio.com\/es\/wp-json\/wp\/v2\/posts\/7303\/revisions"}],"wp:featuredmedia":[{"embeddable":true,"href":"https:\/\/grandepremio.com\/es\/wp-json\/wp\/v2\/media\/1010340345"}],"wp:attachment":[{"href":"https:\/\/grandepremio.com\/es\/wp-json\/wp\/v2\/media?parent=7303"}],"wp:term":[{"taxonomy":"category","embeddable":true,"href":"https:\/\/grandepremio.com\/es\/wp-json\/wp\/v2\/categories?post=7303"},{"taxonomy":"post_tag","embeddable":true,"href":"https:\/\/grandepremio.com\/es\/wp-json\/wp\/v2\/tags?post=7303"},{"taxonomy":"42wp_author","embeddable":true,"href":"https:\/\/grandepremio.com\/es\/wp-json\/wp\/v2\/42wp_author?post=7303"}],"curies":[{"name":"wp","href":"https:\/\/api.w.org\/{rel}","templated":true}]}}