{"id":7310,"date":"2025-05-26T10:01:02","date_gmt":"2025-05-26T13:01:02","guid":{"rendered":"https:\/\/grandepremio.com\/es\/2025\/05\/26\/yuki-tsunoda-red-bull-frustracion-gp-monaco-f1-2025\/"},"modified":"2025-05-26T10:01:06","modified_gmt":"2025-05-26T13:01:06","slug":"yuki-tsunoda-red-bull-frustracion-gp-monaco-f1-2025","status":"publish","type":"post","link":"https:\/\/grandepremio.com\/es\/f1\/yuki-tsunoda-red-bull-frustracion-gp-monaco-f1-2025\/","title":{"rendered":"Tsunoda asume la culpa del \u00abfrustrante\u00bb GP de M\u00f3naco: \u00abMe perjudiqu\u00e9 en la clasificaci\u00f3n\u00bb"},"content":{"rendered":"\n<p class=\"wp-block-paragraph\">El <strong>Gran Premio de M\u00f3naco<\/strong>, termin\u00f3 el s\u00e1bado para <strong>Yuki Tsunoda<\/strong>. Al menos as\u00ed es como el piloto de <strong>Red Bull <\/strong>vio su situaci\u00f3n en <strong>Montecarlo<\/strong>, afirmando que no hab\u00eda mucho que pudiera hacer en la carrera para recuperar las posiciones perdidas en una mala sesi\u00f3n de clasificaci\u00f3n.<\/p>\n\n\n\n<p class=\"wp-block-paragraph\">\ud83d\udfe5&nbsp;<strong><em>\u00a1Todas las novedades te esperan en el canal de&nbsp;<\/em><\/strong><a href=\"https:\/\/www.youtube.com\/@GrandePremioES\"><em>YouTube<\/em><\/a><strong><em>&nbsp;de Grande Pr\u00eamio en Espa\u00f1ol!<\/em><\/strong>&nbsp;\ud83d\udfe8<\/p>\n\n\n\n<p class=\"wp-block-paragraph\">El s\u00e1bado, <strong>Tsunoda<\/strong> fue eliminado en la <strong>Q2 <\/strong>de la sesi\u00f3n clasificatoria y tuvo que empezar la carrera en la decimosegunda posici\u00f3n. Como resultado, acab\u00f3 atrapado en el tr\u00e1fico del pelot\u00f3n intermedio, como muchos a lo largo de la carrera, y no pudo acercarse m\u00e1s a la zona de puntos.<\/p>\n\n\n\n<p class=\"wp-block-paragraph\">Adem\u00e1s, <strong>Tsunoda <\/strong>termin\u00f3 la carrera en la decimos\u00e9ptima posici\u00f3n. A falta de que sucedieran muchas cosas delante de \u00e9l para ganar algunas posiciones valiosas, la \u00fanica acci\u00f3n que vio el piloto japon\u00e9s a lo largo de las 78 vueltas fue a <strong>Pierre Gasly<\/strong>, que lo embisti\u00f3 por detr\u00e1s a la salida del t\u00fanel en los primeros compases de la carrera.<\/p>\n\n\n\n<p class=\"wp-block-paragraph\">\u23e9\u00a0<strong><em>\u00a1Seguinos en redes por\u00a0<\/em><\/strong><a href=\"https:\/\/twitter.com\/grandepremioES\"><em>Twitter\u00a0<\/em><\/a><strong><em>e\u00a0<\/em><\/strong><a href=\"https:\/\/www.instagram.com\/grandepremioes\/\"><em>Instagram!<br><\/em><\/a>\u23e9\u00a0<strong><em>Adem\u00e1s, tenemos nuestro\u00a0<\/em><\/strong><a href=\"https:\/\/whatsapp.com\/channel\/0029VaDZ5zb0gcfDxuwxBM05\"><em>canal de Whatsapp<\/em><\/a><strong><em>\u00a0con toda la informaci\u00f3n al instante<\/em><\/strong>\u00a0\ud83c\udfc1<\/p>\n\n\n\n<figure class=\"wp-block-image size-large\"><img decoding=\"async\" src=\"https:\/\/grandepremio.com\/es\/wp-content\/uploads\/2025\/05\/SI202505250569-1024x672.jpg\" alt=\"\" class=\"wp-image-340260\"\/><figcaption class=\"wp-element-caption\">Yuki Tsunoda lamenta no haber clasificado en una mejor posici\u00f3n en M\u00f3naco el s\u00e1bado (Foto: Red Bull Content Pool)<\/figcaption><\/figure>\n\n\n\n<p class=\"wp-block-paragraph\">\u00abHa sido un fin de semana frustrante para m\u00ed en general, pero no hab\u00eda mucho que podr\u00eda haber hecho diferente hoy. Depende de m\u00ed clasificarme mejor. Ayer no me ayud\u00e9 a m\u00ed mismo y tampoco ayud\u00e9 a mi equipo. Si te clasificas tan atr\u00e1s, no puedes esperar que pasen muchas cosas en la carrera, y la verdad es que no han pasado muchas, aparte de que <strong>Pierre <\/strong>me ha golpeado. Me encontr\u00e9 con mucho tr\u00e1fico y me pareci\u00f3 la carrera m\u00e1s larga de mi vida\u00bb.<\/p>\n\n\n\n<p class=\"wp-block-paragraph\">\u00ab<strong>M\u00f3naco <\/strong>no es divertido cuando vas solo o atascado detr\u00e1s de otros coches. No siento que <strong>M\u00f3naco <\/strong>se haya visto demasiado afectado por las limitaciones del coche desde <strong>Imola<\/strong>. El ritmo era bueno, y las sensaciones eran positivas en la FP3 y la Q1. Pero al final no pude juntarlo todo. Espero que el pr\u00f3ximo fin de semana pueda conseguirlo\u00bb, concluy\u00f3 <strong>Tsunoda<\/strong>.<\/p>\n\n\n\n<p class=\"wp-block-paragraph\">La&nbsp;<strong>F\u00f3rmula 1<\/strong>&nbsp;regresa del 30 de mayo al 1 de junio en&nbsp;<strong>Barcelona<\/strong>, sede del&nbsp;<strong>Gran Premio de Espa\u00f1a<\/strong>, novena prueba de la temporada 2025.<\/p>\n\n\n\n<figure class=\"wp-block-embed is-type-video is-provider-youtube wp-block-embed-youtube wp-embed-aspect-16-9 wp-has-aspect-ratio\"><div class=\"wp-block-embed__wrapper\">\n<iframe loading=\"lazy\" title=\"NORRIS GANA EN M\u00d3NACO Y VUELVE A LA PELEA EN F1 | Briefing\" width=\"500\" height=\"281\" src=\"https:\/\/www.youtube.com\/embed\/Vv_2HWVWE_0?feature=oembed\" frameborder=\"0\" allow=\"accelerometer; autoplay; clipboard-write; encrypted-media; gyroscope; picture-in-picture; web-share\" referrerpolicy=\"strict-origin-when-cross-origin\" allowfullscreen><\/iframe>\n<\/div><\/figure>\n","protected":false},"excerpt":{"rendered":"<p>Yuki Tsunoda asumi\u00f3 que la carrera ya estaba perdida cuando qued\u00f3 eliminado en la Q2 de la clasificaci\u00f3n para el Gran Premio de M\u00f3naco.<\/p>\n","protected":false},"author":0,"featured_media":1010340261,"comment_status":"closed","ping_status":"closed","sticky":false,"template":"","format":"standard","meta":{"42wp_featured_image_caption":"","42wp_featured_image_credits":"","42wp_featured_video":"","42wp_featured_image_hidden":false,"42wp_authors_list":[],"footnotes":""},"categories":[5],"tags":[181,1710,179,8059,3376,1488,206,9647,368],"42wp_author":[14239],"class_list":["post-7310","post","type-post","status-publish","format-standard","has-post-thumbnail","hentry","category-f1","tag-f1","tag-f1-2025","tag-formula-1","tag-formula-1-2025","tag-gp-de-monaco-2025","tag-grande-premio","tag-red-bull","tag-temporada-2025-f1","tag-yuki-tsunoda","42wp_author-jp-otrosky"],"_links":{"self":[{"href":"https:\/\/grandepremio.com\/es\/wp-json\/wp\/v2\/posts\/7310","targetHints":{"allow":["GET"]}}],"collection":[{"href":"https:\/\/grandepremio.com\/es\/wp-json\/wp\/v2\/posts"}],"about":[{"href":"https:\/\/grandepremio.com\/es\/wp-json\/wp\/v2\/types\/post"}],"replies":[{"embeddable":true,"href":"https:\/\/grandepremio.com\/es\/wp-json\/wp\/v2\/comments?post=7310"}],"version-history":[{"count":0,"href":"https:\/\/grandepremio.com\/es\/wp-json\/wp\/v2\/posts\/7310\/revisions"}],"wp:featuredmedia":[{"embeddable":true,"href":"https:\/\/grandepremio.com\/es\/wp-json\/wp\/v2\/media\/1010340261"}],"wp:attachment":[{"href":"https:\/\/grandepremio.com\/es\/wp-json\/wp\/v2\/media?parent=7310"}],"wp:term":[{"taxonomy":"category","embeddable":true,"href":"https:\/\/grandepremio.com\/es\/wp-json\/wp\/v2\/categories?post=7310"},{"taxonomy":"post_tag","embeddable":true,"href":"https:\/\/grandepremio.com\/es\/wp-json\/wp\/v2\/tags?post=7310"},{"taxonomy":"42wp_author","embeddable":true,"href":"https:\/\/grandepremio.com\/es\/wp-json\/wp\/v2\/42wp_author?post=7310"}],"curies":[{"name":"wp","href":"https:\/\/api.w.org\/{rel}","templated":true}]}}