{"id":7317,"date":"2025-05-25T16:39:42","date_gmt":"2025-05-25T19:39:42","guid":{"rendered":"https:\/\/grandepremio.com\/es\/2025\/05\/25\/norris-mclaren-leclerc-ferrari-mercedes-russell-antonelli-semaforo-gp-monaco-2025\/"},"modified":"2025-05-25T16:39:46","modified_gmt":"2025-05-25T19:39:46","slug":"norris-mclaren-leclerc-ferrari-mercedes-russell-antonelli-semaforo-gp-monaco-2025","status":"publish","type":"post","link":"https:\/\/grandepremio.com\/es\/f1\/norris-mclaren-leclerc-ferrari-mercedes-russell-antonelli-semaforo-gp-monaco-2025\/","title":{"rendered":"Norris reaparece y Mercedes falla con la estrategia: El Sem\u00e1foro del GP de M\u00f3naco"},"content":{"rendered":"\n<p class=\"wp-block-paragraph\">La <strong>F1 <\/strong>disput\u00f3 este domingo una nueva edici\u00f3n del <strong>GP de M\u00f3naco<\/strong>, que acab\u00f3 con la victoria de <strong>Lando Norris.<\/strong> La tradicional carrera en las calles del <strong>Principado <\/strong>estuvo marcada por la realizaci\u00f3n de una estrategia con dos paradas obligatorias en boxes. <\/p>\n\n\n\n<p class=\"wp-block-paragraph\">\ud83d\udfe5&nbsp;<strong><em>\u00a1Todas las novedades te esperan en el canal de&nbsp;<\/em><\/strong><a href=\"https:\/\/www.youtube.com\/@GrandePremioES\"><em>YouTube<\/em><\/a><strong><em>&nbsp;de Grande Pr\u00eamio en Espa\u00f1ol!<\/em><\/strong>&nbsp;\ud83d\udfe8<\/p>\n\n\n\n<p class=\"wp-block-paragraph\">Esta norma trajo consigo un nuevo panorama para los equipos y pilotos, que debieron modificar sus planes de trabajo habituales para maximizar el rendimiento en el estrecho trazado monegasco, ofreciendo un desarrollo diferente al de cualquier otra competencia de <strong>F1<\/strong>. <\/p>\n\n\n\n<p class=\"wp-block-paragraph\">La octava fecha del <strong>Campeonato <\/strong>tuvo distintos puntos de inter\u00e9s, como disputa por la victoria se cerr\u00f3 entre <strong>Lando Norris<\/strong> y <strong>Charles Leclerc, Oscar Piastri<\/strong>, nuevamente, tuvo que conformarse con el tercer puesto, y <strong>Max Verstappen<\/strong> apost\u00f3 por una detenci\u00f3n tard\u00eda y qued\u00f3 fuera del podio.<\/p>\n\n\n\n<p class=\"wp-block-paragraph\">Con respecto a los pilotos hispanohablantes, <strong>Carlos Sainz<\/strong> finaliz\u00f3 d\u00e9cimo con <strong>Williams<\/strong>, mientras que el argentino <strong>Franco Colapinto<\/strong> avanz\u00f3 cinco posiciones y complet\u00f3 la carrera en el decimotercer puesto. <strong>Fernando Alonso<\/strong>, por su parte, abandon\u00f3 la carrera por problemas mec\u00e1nicos en su <strong>Aston Martin<\/strong>.<\/p>\n\n\n\n<p class=\"wp-block-paragraph\">\u23e9&nbsp;<strong><em>\u00a1Seguinos en redes por&nbsp;<\/em><\/strong><a href=\"https:\/\/twitter.com\/grandepremioES\"><em>Twitter&nbsp;<\/em><\/a><strong><em>e&nbsp;<\/em><\/strong><a href=\"https:\/\/www.instagram.com\/grandepremioes\/\"><em>Instagram!<br><\/em><\/a>\u23e9&nbsp;<strong><em>Adem\u00e1s, tenemos nuestro&nbsp;<\/em><\/strong><a href=\"https:\/\/whatsapp.com\/channel\/0029VaDZ5zb0gcfDxuwxBM05\"><em>canal de Whatsapp<\/em><\/a><strong><em>&nbsp;con toda la informaci\u00f3n al instante<\/em><\/strong>&nbsp;\ud83c\udfc1<\/p>\n\n\n\n<figure class=\"wp-block-image size-full\"><img decoding=\"async\" src=\"https:\/\/grandepremio.com\/es\/wp-content\/uploads\/..\/gp_br_uploads\/2025\/05\/monaco-2025-f1-corrida-mclaren-lando-norris-afp-24.jpg\" alt=\"\" class=\"wp-image-340068\"\/><figcaption class=\"wp-element-caption\">Lando Norris gan\u00f3 el GP de M\u00f3naco de 2025 (Foto: AFP) <\/figcaption><\/figure>\n\n\n\n<p class=\"wp-block-paragraph\"><strong>En &#8220;El Sem\u00e1foro&#8221; analizaremos qui\u00e9nes se destacaron, pasaron desapercibidos o decepcionaron en el GP de M\u00f3naco, octava fecha de la temporada 2025 de F1.<\/strong><\/p>\n\n\n\n<p class=\"has-medium-font-size wp-block-paragraph\"><strong>Luz verde &#8211; Lando Norris:<\/strong><\/p>\n\n\n\n<p class=\"wp-block-paragraph\">El piloto de <strong>McLaren <\/strong>fue el gran protagonista del <strong>GP de M\u00f3naco<\/strong>, logrando su segunda victoria de 2025 y evidenciando una recuperaci\u00f3n no solo de rendimiento, sino de motivaci\u00f3n y confianza en s\u00ed mismo. El s\u00e1bado logr\u00f3 la pole position al vencer en los instantes finales a <strong>Charles Leclerc,<\/strong> principal candidato a quedarse con la victoria, y el domingo concret\u00f3 una estrategia correcta que le permiti\u00f3 mantener su dominio a lo largo de 78 vueltas. <\/p>\n\n\n\n<p class=\"wp-block-paragraph\">Con el triunfo en el <strong>Principado<\/strong>, <strong>Norris<\/strong> recorta la diferencia a solo tres unidades con <strong>Oscar Piastri,<\/strong> ubic\u00e1ndose segundo en el <strong>Mundial <\/strong>con 158 puntos. Este resultado, adem\u00e1s, implica un nuevo posicionamiento del #4 en <strong>McLaren<\/strong>, volviendo a la disputa directa con su compa\u00f1ero de equipo y coloc\u00e1ndose nuevamente como uno de los candidatos al t\u00edtulo en la Temporada 2025 de <strong>F1<\/strong>.<\/p>\n\n\n\n<p class=\"has-medium-font-size wp-block-paragraph\"><strong>Luz amarilla &#8211; Charles Leclerc:<\/strong><\/p>\n\n\n\n<p class=\"wp-block-paragraph\">Aunque finaliz\u00f3 segundo en <strong>M\u00f3naco <\/strong>y consolid\u00f3 la mejora mostrada por <strong>Ferrari <\/strong>en <strong>Imola<\/strong>, el resultado final no conform\u00f3 a <strong>Charles Leclerc<\/strong>. El piloto local, que hab\u00eda ganado el <strong>Gran Premio<\/strong> en la edici\u00f3n de 2024, se perfilaba como uno de los candidatos principales a llevarse la victoria y, de hecho, lider\u00f3 los entrenamientos libres de este fin de semana, reafirmando la tendencia esperada por el #16. <\/p>\n\n\n\n<p class=\"wp-block-paragraph\">Sin embargo, <strong>Leclerc <\/strong>perdi\u00f3 la pole ante <strong>Lando Norris<\/strong> y en carrera no pudo alcanzar al brit\u00e1nico, debiendo conformarse con el segundo puesto en la competencia dominical, igualando su performance del s\u00e1bado. A pesar de la evoluci\u00f3n mostrada por la <strong>SF-25<\/strong>, el monegasco abandona su carrera de casa con un resultado agridulce, lejos de cumplir lo esperado por \u00e9l y los aficionados locales.<\/p>\n\n\n\n<figure class=\"wp-block-image size-large\"><img decoding=\"async\" src=\"https:\/\/grandepremio.com\/es\/wp-content\/uploads\/2025\/05\/683359cc69d8110020d98387-250525_r08_monaco_dp_xb5_0923-1024x683.jpg\" alt=\"\" class=\"wp-image-340124\"\/><figcaption class=\"wp-element-caption\">Charles Leclerc sali\u00f3 inconforme del GP de M\u00f3naco (Foto: Ferrari)<\/figcaption><\/figure>\n\n\n\n<p class=\"has-medium-font-size wp-block-paragraph\"><strong>Luz roja &#8211; Mercedes:<\/strong><\/p>\n\n\n\n<p class=\"wp-block-paragraph\"><strong>Mercedes <\/strong>fue uno de los equipos m\u00e1s afectados por la elecci\u00f3n de estrategia en el <strong>GP de M\u00f3naco<\/strong>. Aunque <strong>Andrea Kimi Antonelli<\/strong> y <strong>George Russell<\/strong> reconocieron que se avecinaba una fecha dif\u00edcil para ellos, el equipo de <strong>Brackley <\/strong>estuvo lejos de mostrarse competitivo en las calles del <strong>Principado. Antonelli<\/strong> se estrell\u00f3 en el final de la Q1 y <strong>George Russell<\/strong> tuvo un problema mec\u00e1nico en la Q2 del s\u00e1bado, clasificando lejos del top-10.<\/p>\n\n\n\n<p class=\"wp-block-paragraph\">En carrera, el equipo retras\u00f3 el ingreso de sus pilotos a boxes y gener\u00f3 una p\u00e9rdida de posiciones para ambos, colocando a <strong>Russell <\/strong>und\u00e9cimo, fuera de la zona de puntos, mientras que <strong>Antonelli <\/strong>concluy\u00f3 18\u00b0, \u00faltimo entre los pilotos que completaron la carrera. Por primera vez en la temporada, ambos <strong>Mercedes <\/strong>quedaron fuera de la zona de puntos, un resultado que genera preocupaci\u00f3n de cara a las pr\u00f3ximas competencias y la eventual evoluci\u00f3n de equipos como <strong>Ferrari <\/strong>o <strong>Red Bull.<\/strong><\/p>\n\n\n\n<p class=\"wp-block-paragraph\">La&nbsp;<strong>F\u00f3rmula 1<\/strong>&nbsp;regresa del 30 de mayo al 1 de junio en&nbsp;<strong>Barcelona<\/strong>, sede del&nbsp;<strong>Gran Premio de Espa\u00f1a<\/strong>, novena prueba de la temporada 2025.<\/p>\n\n\n\n<figure class=\"wp-block-embed is-type-video is-provider-youtube wp-block-embed-youtube wp-embed-aspect-16-9 wp-has-aspect-ratio\"><div class=\"wp-block-embed__wrapper\">\n<iframe loading=\"lazy\" title=\"NORRIS GANA EN M\u00d3NACO Y VUELVE A LA PELEA EN F1 | Briefing\" width=\"500\" height=\"281\" src=\"https:\/\/www.youtube.com\/embed\/Vv_2HWVWE_0?feature=oembed\" frameborder=\"0\" allow=\"accelerometer; autoplay; clipboard-write; encrypted-media; gyroscope; picture-in-picture; web-share\" referrerpolicy=\"strict-origin-when-cross-origin\" allowfullscreen><\/iframe>\n<\/div><\/figure>\n","protected":false},"excerpt":{"rendered":"<p>La F1 disput\u00f3, en M\u00f3naco, la octava fecha de la temporada 2025. \u00bfQui\u00e9nes fueron los pilotos que se destacaron, pasaron desapercibidos o decepcionaron en la tradicional carrera del Principado?<\/p>\n","protected":false},"author":0,"featured_media":1010339962,"comment_status":"closed","ping_status":"closed","sticky":false,"template":"","format":"standard","meta":{"42wp_featured_image_caption":"","42wp_featured_image_credits":"","42wp_featured_video":"","42wp_featured_image_hidden":false,"42wp_authors_list":[],"footnotes":""},"categories":[5],"tags":[6800,247,181,1710,185,179,8059,253,3376,1488,268,269,197,9647],"42wp_author":[14239],"class_list":["post-7317","post","type-post","status-publish","format-standard","has-post-thumbnail","hentry","category-f1","tag-andrea-kimi-antonelli","tag-charles-leclerc","tag-f1","tag-f1-2025","tag-ferrari","tag-formula-1","tag-formula-1-2025","tag-george-russell","tag-gp-de-monaco-2025","tag-grande-premio","tag-lando-norris","tag-mclaren","tag-mercedes","tag-temporada-2025-f1","42wp_author-jp-otrosky"],"_links":{"self":[{"href":"https:\/\/grandepremio.com\/es\/wp-json\/wp\/v2\/posts\/7317","targetHints":{"allow":["GET"]}}],"collection":[{"href":"https:\/\/grandepremio.com\/es\/wp-json\/wp\/v2\/posts"}],"about":[{"href":"https:\/\/grandepremio.com\/es\/wp-json\/wp\/v2\/types\/post"}],"replies":[{"embeddable":true,"href":"https:\/\/grandepremio.com\/es\/wp-json\/wp\/v2\/comments?post=7317"}],"version-history":[{"count":0,"href":"https:\/\/grandepremio.com\/es\/wp-json\/wp\/v2\/posts\/7317\/revisions"}],"wp:featuredmedia":[{"embeddable":true,"href":"https:\/\/grandepremio.com\/es\/wp-json\/wp\/v2\/media\/1010339962"}],"wp:attachment":[{"href":"https:\/\/grandepremio.com\/es\/wp-json\/wp\/v2\/media?parent=7317"}],"wp:term":[{"taxonomy":"category","embeddable":true,"href":"https:\/\/grandepremio.com\/es\/wp-json\/wp\/v2\/categories?post=7317"},{"taxonomy":"post_tag","embeddable":true,"href":"https:\/\/grandepremio.com\/es\/wp-json\/wp\/v2\/tags?post=7317"},{"taxonomy":"42wp_author","embeddable":true,"href":"https:\/\/grandepremio.com\/es\/wp-json\/wp\/v2\/42wp_author?post=7317"}],"curies":[{"name":"wp","href":"https:\/\/api.w.org\/{rel}","templated":true}]}}