{"id":7319,"date":"2025-05-25T15:45:54","date_gmt":"2025-05-25T18:45:54","guid":{"rendered":"https:\/\/grandepremio.com\/es\/2025\/05\/25\/mercedes-quiere-tiempo-maximo-evitar-juego-equipo-monaco\/"},"modified":"2025-05-25T15:45:58","modified_gmt":"2025-05-25T18:45:58","slug":"mercedes-quiere-tiempo-maximo-evitar-juego-equipo-monaco","status":"publish","type":"post","link":"https:\/\/grandepremio.com\/es\/f1\/mercedes-quiere-tiempo-maximo-evitar-juego-equipo-monaco\/","title":{"rendered":"Mercedes quiere un &#8220;tiempo m\u00e1ximo por vuelta&#8221; para evitar juego de equipo en M\u00f3naco"},"content":{"rendered":"\n<p class=\"wp-block-paragraph\">Para <strong>Toto Wolff<\/strong>, el jefe de <strong>Mercedes<\/strong>, la idea de la <strong>F\u00f3rmula 1<\/strong> de implementar dos paradas en boxes en el <strong>GP de M\u00f3naco <\/strong>es v\u00e1lida, aunque a ellos les result\u00f3 perjudicial, dado que fueron v\u00edctima de los juegos de equipo de <strong>Williams<\/strong> y<strong> Racing Bulls<\/strong>, que utilizaron a sus pilotos para lentificar al pelot\u00f3n y permitir <em>\u201cparadas gratis\u201d <\/em>a sus competidores.\u00a0<\/p>\n\n\n\n<p class=\"wp-block-paragraph\">\ud83d\udfe5 <strong><em>\u00a1Todas las novedades te esperan en el canal de <\/em><\/strong><a href=\"https:\/\/www.youtube.com\/@GrandePremioES\"><em>YouTube<\/em><\/a><strong><em> de Grande Pr\u00eamio en Espa\u00f1ol!<\/em><\/strong> \ud83d\udfe8<\/p>\n\n\n\n<p class=\"wp-block-paragraph\">Debido a esta situaci\u00f3n, el equipo de <strong>Brackley<\/strong> se qued\u00f3 sin sumar puntos, por un pase y siga a <strong>George Russell<\/strong> y <strong>Andrea Kimi Antonelli<\/strong> hizo sus dos detenciones cerca del final, lo que les impidi\u00f3 luchar con <strong>Alexander Albon<\/strong> y <strong>Carlos Sainz<\/strong> por las \u00faltimas plazas puntuables.\u00a0<\/p>\n\n\n\n<p class=\"wp-block-paragraph\">Al cabo de la carrera, Wolff habl\u00f3 con <em>Sky Sports<\/em> sobre lo ocurrido en pista: <strong>\u201cTen\u00edamos que intentar algo. Lo veo desde una perspectiva diferente. Es un gran espect\u00e1culo. Las gradas estaban llenas. Hab\u00eda espectadores por todas partes, en los balcones y en los barcos. Mucho espect\u00e1culo, con todo el mundo bebiendo vino y cenando\u201d.<\/strong><\/p>\n\n\n\n<p class=\"wp-block-paragraph\"><strong>\u201cEl s\u00e1bado es el d\u00eda en que el deporte cobra vida. El domingo intentamos algo, no funcion\u00f3, y quiz\u00e1s el a\u00f1o que viene tengamos que encontrar alguna regulaci\u00f3n en la que quiz\u00e1s podamos establecer un tiempo m\u00e1ximo por vuelta, para que no se produzca esta ralentizaci\u00f3n\u201d,<\/strong> propuso el directivo austr\u00edaco.\u00a0<\/p>\n\n\n\n<p class=\"wp-block-paragraph\">Wolff puntualiz\u00f3 que se deben encontrar soluciones a las carreras lineales, ya que <strong>Lando Norris<\/strong> hizo su vuelta m\u00e1s r\u00e1pida sobre el final, con gomas de 30 giros: <strong>&#8220;Es un caso aislado. El piloto puede ir despacio. Puede evitar tomar riesgos y, si va primero, puede dictar el ritmo que quiera. Lando [Norris] hizo la vuelta m\u00e1s r\u00e1pida al final con neum\u00e1ticos de 30 vueltas. Para el deporte, para los propios domingos, podemos hacerlo mejor y podemos pensar en una soluci\u00f3n. En general, como evento, es algo que no queremos perder&#8221;.<\/strong><\/p>\n\n\n\n<p class=\"wp-block-paragraph\">\u23e9 <strong><em>\u00a1Seguinos en redes por <\/em><\/strong><a href=\"https:\/\/twitter.com\/grandepremioES\"><em>Twitter <\/em><\/a><strong><em>e <\/em><\/strong><a href=\"https:\/\/www.instagram.com\/grandepremioes\/\"><em>Instagram!<\/em><em><br><\/em><\/a>\u23e9 <strong><em>Adem\u00e1s, tenemos nuestro <\/em><\/strong><a href=\"https:\/\/whatsapp.com\/channel\/0029VaDZ5zb0gcfDxuwxBM05\"><em>canal de Whatsapp<\/em><\/a><strong><em> con toda la informaci\u00f3n al instante<\/em><\/strong> \ud83c\udfc1<\/p>\n\n\n\n<p class=\"wp-block-paragraph\">La F\u00f3rmula 1 regresa del 30 de mayo al 1 de junio en el circuito de Barcelona, que albergar\u00e1 el Gran Premio de Espa\u00f1a, novena prueba de la temporada 2025. Cobertura de GRANDE PREMIO.<\/p>\n","protected":false},"excerpt":{"rendered":"<p>Toto Wolff ha dicho que la F\u00f3rmula 1 necesita evitar que los pilotos adopten la estrategia de ralentizar y retrasar al pelot\u00f3n para ayudar a su compa\u00f1ero de equipo en Montecarlo y propuso un tiempo m\u00e1ximo por vuelta. <\/p>\n","protected":false},"author":0,"featured_media":1010339109,"comment_status":"closed","ping_status":"closed","sticky":false,"template":"","format":"standard","meta":{"42wp_featured_image_caption":"","42wp_featured_image_credits":"","42wp_featured_video":"","42wp_featured_image_hidden":false,"42wp_authors_list":[],"footnotes":""},"categories":[5],"tags":[293,6800,399,302,179,253,1325,268,197,9812,569,204],"42wp_author":[14237],"class_list":["post-7319","post","type-post","status-publish","format-standard","has-post-thumbnail","hentry","category-f1","tag-alexander-albon","tag-andrea-kimi-antonelli","tag-brackley","tag-carlos-sainz","tag-formula-1","tag-george-russell","tag-gp-de-monaco","tag-lando-norris","tag-mercedes","tag-racing-bulls","tag-toto-wolff","tag-williams","42wp_author-gabriel-garcia"],"_links":{"self":[{"href":"https:\/\/grandepremio.com\/es\/wp-json\/wp\/v2\/posts\/7319","targetHints":{"allow":["GET"]}}],"collection":[{"href":"https:\/\/grandepremio.com\/es\/wp-json\/wp\/v2\/posts"}],"about":[{"href":"https:\/\/grandepremio.com\/es\/wp-json\/wp\/v2\/types\/post"}],"replies":[{"embeddable":true,"href":"https:\/\/grandepremio.com\/es\/wp-json\/wp\/v2\/comments?post=7319"}],"version-history":[{"count":0,"href":"https:\/\/grandepremio.com\/es\/wp-json\/wp\/v2\/posts\/7319\/revisions"}],"wp:featuredmedia":[{"embeddable":true,"href":"https:\/\/grandepremio.com\/es\/wp-json\/wp\/v2\/media\/1010339109"}],"wp:attachment":[{"href":"https:\/\/grandepremio.com\/es\/wp-json\/wp\/v2\/media?parent=7319"}],"wp:term":[{"taxonomy":"category","embeddable":true,"href":"https:\/\/grandepremio.com\/es\/wp-json\/wp\/v2\/categories?post=7319"},{"taxonomy":"post_tag","embeddable":true,"href":"https:\/\/grandepremio.com\/es\/wp-json\/wp\/v2\/tags?post=7319"},{"taxonomy":"42wp_author","embeddable":true,"href":"https:\/\/grandepremio.com\/es\/wp-json\/wp\/v2\/42wp_author?post=7319"}],"curies":[{"name":"wp","href":"https:\/\/api.w.org\/{rel}","templated":true}]}}