{"id":7353,"date":"2025-05-24T07:22:00","date_gmt":"2025-05-24T10:22:00","guid":{"rendered":"https:\/\/grandepremio.com\/es\/2025\/05\/24\/pato-oward-experiencia-oportunidad-ganar-indy-500\/"},"modified":"2025-05-24T07:22:58","modified_gmt":"2025-05-24T10:22:58","slug":"pato-oward-experiencia-oportunidad-ganar-indy-500","status":"publish","type":"post","link":"https:\/\/grandepremio.com\/es\/indy\/pato-oward-experiencia-oportunidad-ganar-indy-500\/","title":{"rendered":"O&#8217;Ward destaca experiencia y palpita &#8220;mejor  oportunidad&#8221; para ganar la Indy 500"},"content":{"rendered":"\n<p class=\"wp-block-paragraph\"><strong>Pato O&#8217;Ward<\/strong> estuvo muy cerca de conquistar<strong> las 500 Millas de Indian\u00e1polis<\/strong>, al terminar segundo en las ediciones de 2022 y 2024. Partiendo desde la primera fila, el mexicano es considerado uno de los favoritos para la carrera de este a\u00f1o. Y en una entrevista exclusiva con<strong> GRANDE PR\u00caMIO<\/strong>, el piloto de <strong>McLaren<\/strong> manifest\u00f3 que est\u00e1 ante la mejor oportunidad de vencer esta competencia.<\/p>\n\n\n\n<p class=\"wp-block-paragraph\">La escena de O&#8217;Ward lamentando su derrota en las 500 Millas de Indian\u00e1polis de 2024 reson\u00f3 tanto como las celebraciones de <strong>Josef Newgarden<\/strong> por su victoria tras adelantarlo en la curva 3 en la \u00faltima vuelta. Lecciones que hacen a\u00fan m\u00e1s fuerte al mexicano para este domingo, d\u00eda de la carrera m\u00e1s importante del calendario de la Indy.<\/p>\n\n\n\n<p class=\"wp-block-paragraph\">\u00abEs mi mejor oportunidad. Tengo m\u00e1s experiencia, estoy en mi mejor posici\u00f3n de salida, llegu\u00e9 a la primera fila, y ahora s\u00f3lo tenemos que mejorar un poco el auto [en el Carb Day] para poder aprovecharlo esta vez\u00bb, expres\u00f3 O&#8217;Ward en exclusiva a <strong>GRANDE PR\u00caMIO<\/strong>. <a href=\"https:\/\/grandepremio.com\/es\/indy\/newgarden-polemica-lidera-carb-day-indy-500-oward-palou\/\">Posteriormente en la tanda, el mexicano fue octavo.<\/a><\/p>\n\n\n\n<p class=\"wp-block-paragraph\"><strong><em>\u00a1Todas las novedades te esperan en el canal de\u00a0<a href=\"https:\/\/www.youtube.com\/@GrandePremioES\" target=\"_blank\" rel=\"noreferrer noopener\">YouTube<\/a>\u00a0de Grande Pr\u00eamio en Espa\u00f1ol!<\/em><\/strong><\/p>\n\n\n\n<figure class=\"wp-block-image size-full\"><img decoding=\"async\" src=\"https:\/\/grandepremio.com\/es\/wp-content\/uploads\/2025\/05\/Pato-O_Ward-Indianapolis-500-Practice-By_-Amber-Pietz_Large-Image-Without-Watermark_m129762-scaled-1.webp\" alt=\"\" class=\"wp-image-328568\"\/><figcaption class=\"wp-element-caption\">Pato O&#8217;Ward fue octavo en el Carb Day. (Foto: IndyCar)<br><\/figcaption><\/figure>\n\n\n\n<p class=\"wp-block-paragraph\"><strong><em>\u00a1Seguinos en redes por\u00a0<a href=\"https:\/\/twitter.com\/grandepremioES\" target=\"_blank\" rel=\"noreferrer noopener\">Twitter\u00a0<\/a>e\u00a0<a href=\"https:\/\/www.instagram.com\/grandepremioes\/\" target=\"_blank\" rel=\"noreferrer noopener\">Instagram!<\/a><\/em><\/strong><br><strong><em>Adem\u00e1s, tenemos nuestro\u00a0<a href=\"https:\/\/whatsapp.com\/channel\/0029VaDZ5zb0gcfDxuwxBM05\" target=\"_blank\" rel=\"noreferrer noopener\">canal de Whatsapp<\/a>\u00a0con toda la informaci\u00f3n al instante<\/em><\/strong><\/p>\n\n\n\n<p class=\"wp-block-paragraph\">En la entrevista, O&#8217;Ward asegur\u00f3 que ten\u00eda una puesta a punto para el auto con vistas a la carrera. Aunque ve posibilidades de mejora, lament\u00f3 el hecho de tener que asumir algunos riesgos con los reglajes para las <strong>500 Millas de Indian\u00e1polis.<\/strong><\/p>\n\n\n\n<p class=\"wp-block-paragraph\">\u00abEncontr\u00e9 una puesta a punto [para el coche], pero con riesgos que no me gustar\u00eda correr. S\u00f3lo s\u00e9 lo que tengo que hacer con el auto y empujarlo a hacer ciertas cosas\u00bb, concluy\u00f3 O&#8217;Ward.<\/p>\n\n\n\n<p class=\"wp-block-paragraph\"><strong>Las 500 Millas de Indian\u00e1polis se celebran este domingo, con cobertura completa de GRANDE PR\u00caMIO en Espa\u00f1ol. La pole ser\u00e1 para el debutante ruso Robert Shwartzman, de Prema.<\/strong><\/p>\n\n\n\n<p class=\"wp-block-paragraph\"><\/p>\n","protected":false},"excerpt":{"rendered":"<p>Luego de haber sido segundo en 2024, el mexicano Pato O&#8217;Ward busca la revancha y asegur\u00f3 que est\u00e1 ante el mejor panorama para lograr conquistar las 500 Millas de Indian\u00e1polis este domingo con McLaren.<\/p>\n","protected":false},"author":0,"featured_media":1010329261,"comment_status":"closed","ping_status":"closed","sticky":false,"template":"","format":"standard","meta":{"42wp_featured_image_caption":"","42wp_featured_image_credits":"","42wp_featured_video":"","42wp_featured_image_hidden":false,"42wp_authors_list":[],"footnotes":""},"categories":[7],"tags":[598,925,10163,619,1419],"42wp_author":[14223],"class_list":["post-7353","post","type-post","status-publish","format-standard","has-post-thumbnail","hentry","category-indy","tag-500-millas-de-indianapolis","tag-indy","tag-indy-2025","tag-indy-500","tag-pato-oward","42wp_author-esteban-nieto"],"_links":{"self":[{"href":"https:\/\/grandepremio.com\/es\/wp-json\/wp\/v2\/posts\/7353","targetHints":{"allow":["GET"]}}],"collection":[{"href":"https:\/\/grandepremio.com\/es\/wp-json\/wp\/v2\/posts"}],"about":[{"href":"https:\/\/grandepremio.com\/es\/wp-json\/wp\/v2\/types\/post"}],"replies":[{"embeddable":true,"href":"https:\/\/grandepremio.com\/es\/wp-json\/wp\/v2\/comments?post=7353"}],"version-history":[{"count":0,"href":"https:\/\/grandepremio.com\/es\/wp-json\/wp\/v2\/posts\/7353\/revisions"}],"wp:featuredmedia":[{"embeddable":true,"href":"https:\/\/grandepremio.com\/es\/wp-json\/wp\/v2\/media\/1010329261"}],"wp:attachment":[{"href":"https:\/\/grandepremio.com\/es\/wp-json\/wp\/v2\/media?parent=7353"}],"wp:term":[{"taxonomy":"category","embeddable":true,"href":"https:\/\/grandepremio.com\/es\/wp-json\/wp\/v2\/categories?post=7353"},{"taxonomy":"post_tag","embeddable":true,"href":"https:\/\/grandepremio.com\/es\/wp-json\/wp\/v2\/tags?post=7353"},{"taxonomy":"42wp_author","embeddable":true,"href":"https:\/\/grandepremio.com\/es\/wp-json\/wp\/v2\/42wp_author?post=7353"}],"curies":[{"name":"wp","href":"https:\/\/api.w.org\/{rel}","templated":true}]}}