{"id":7378,"date":"2025-05-23T11:28:39","date_gmt":"2025-05-23T14:28:39","guid":{"rendered":"https:\/\/grandepremio.com\/es\/2025\/05\/23\/stroll-recibe-un-puesto-sancion-grilla-gp-monaco-incidente-leclerc\/"},"modified":"2025-05-23T11:28:44","modified_gmt":"2025-05-23T14:28:44","slug":"stroll-recibe-un-puesto-sancion-grilla-gp-monaco-incidente-leclerc","status":"publish","type":"post","link":"https:\/\/grandepremio.com\/es\/f1\/stroll-recibe-un-puesto-sancion-grilla-gp-monaco-incidente-leclerc\/","title":{"rendered":"Stroll recibe un puesto de sanci\u00f3n para la grilla del GP de M\u00f3naco por el incidente con Leclerc"},"content":{"rendered":"\n<p class=\"wp-block-paragraph\">Luego de bloquear a <strong>Charles Leclerc<\/strong> y provocar el <a href=\"https:\/\/grandepremio.com\/es\/video\/f1\/leclerc-golpea-stroll-curva-hotel-provoca-primera-bandera-roja-fp1-gp-monaco\/\">primer incidente del <strong>Gran Premio de M\u00f3naco<\/strong><\/a>, <strong>Lance Stroll<\/strong> recibi\u00f3 un puesto de sanci\u00f3n en la grilla para la carrera de este domingo luego de que los comisarios lo vieran responsable por el choque con el piloto de <strong>Ferrari<\/strong>.<\/p>\n\n\n\n<p class=\"wp-block-paragraph\">Apenas pasados unos minutos del inicio de la <strong>FP1<\/strong> en <strong>Montecarlo<\/strong>, el monegasco se encontraba en sus primeros intentos de vuelta r\u00e1pida y al llegar a la curva 6 del <strong>Hotel<\/strong>, se encontr\u00f3 con el <strong>Aston Martin<\/strong> del canadiense que se reincorpor\u00f3 a la trazada sin advertir las banderas azules y a la <strong>SF-25<\/strong> de Leclerc por detr\u00e1s.<\/p>\n\n\n\n<p class=\"wp-block-paragraph\">\ud83d\udfe5&nbsp;<strong><em>\u00a1Todas las novedades te esperan en el canal de&nbsp;<\/em><\/strong><a href=\"https:\/\/www.youtube.com\/@GrandePremioES\"><em>YouTube<\/em><\/a><strong><em>&nbsp;de Grande Pr\u00eamio en Espa\u00f1ol!<\/em><\/strong>&nbsp;\ud83d\udfe8<\/p>\n\n\n\n<figure class=\"wp-block-image size-large\"><img decoding=\"async\" src=\"https:\/\/grandepremio.com\/es\/wp-content\/uploads\/2025\/05\/GroYxJ_WgAA6Luf-1024x576.jpeg\" alt=\"\" class=\"wp-image-328972\"\/><figcaption class=\"wp-element-caption\">Charles Leclerc sufri\u00f3 da\u00f1os en su Ferrari tras chocar con Stroll en la FP1. (Foto: Reproducci\u00f3n\/F1)<\/figcaption><\/figure>\n\n\n\n<p class=\"wp-block-paragraph\">\u23e9\u00a0<strong><em>\u00a1Seguinos en redes por\u00a0<\/em><\/strong><a href=\"https:\/\/twitter.com\/grandepremioES\"><em>Twitter\u00a0<\/em><\/a><strong><em>e\u00a0<\/em><\/strong><a href=\"https:\/\/www.instagram.com\/grandepremioes\/\"><em>Instagram!<br><\/em><\/a>\u23e9\u00a0<strong><em>Adem\u00e1s, tenemos nuestro\u00a0<\/em><\/strong><a href=\"https:\/\/whatsapp.com\/channel\/0029VaDZ5zb0gcfDxuwxBM05\"><em>canal de Whatsapp<\/em><\/a><strong><em>\u00a0con toda la informaci\u00f3n al instante<\/em><\/strong>\u00a0\ud83c\udfc1<\/p>\n\n\n\n<p class=\"wp-block-paragraph\">Charles no pudo evitar a Stroll y lo golpe\u00f3 en la parte trasera del <strong>AMR25<\/strong> da\u00f1ando el ala delantera de su Ferrari, mientras que el canadiense regres\u00f3 a boxes y no volvi\u00f3 a salir a pista en toda la sesi\u00f3n para reparar el monoplaza. Por su parte, el ganador en <strong>Montecarlo<\/strong> en <strong>2024<\/strong> pudo seguir en pista y <a href=\"https:\/\/grandepremio.com\/es\/f1\/charles-leclerc-primer-entrenamiento-monaco-formula-1-2025\/\">quedarse con el mejor tiempo en la sesi\u00f3n<\/a>.<\/p>\n\n\n\n<p class=\"wp-block-paragraph\">Con la maniobra investigada tras la sesi\u00f3n, los comisarios de la <strong>Federaci\u00f3n Internacional del Autom\u00f3vil (FIA)<\/strong> determinaron que Lance tuvo toda la responsabilidad del incidente que provoc\u00f3 la primera bandera roja del fin de semana en M\u00f3naco, a\u00fan cuando el equipo advirti\u00f3 por radio del coche de Leclerc y la se\u00f1alizaci\u00f3n con banderas azules. Por eso, el piloto del coche #18 recibi\u00f3 un puesto de penalidad para la grilla y un punto de superlicencia, llegando a tres en total.<\/p>\n\n\n\n<p class=\"wp-block-paragraph\">La&nbsp;<strong>F\u00f3rmula 1<\/strong>&nbsp;regresa el pr\u00f3ximo fin de semana, del 23 al 25 de mayo, con el&nbsp;<strong>Gran Premio de M\u00f3naco<\/strong>.<\/p>\n\n\n\n<figure class=\"wp-block-embed is-type-video is-provider-youtube wp-block-embed-youtube wp-embed-aspect-16-9 wp-has-aspect-ratio\"><div class=\"wp-block-embed__wrapper\">\n<iframe loading=\"lazy\" title=\"GP DE M\u00d3NACO 2025 - LA PREVIA\" width=\"500\" height=\"281\" src=\"https:\/\/www.youtube.com\/embed\/YBi4JINytZ8?feature=oembed\" frameborder=\"0\" allow=\"accelerometer; autoplay; clipboard-write; encrypted-media; gyroscope; picture-in-picture; web-share\" referrerpolicy=\"strict-origin-when-cross-origin\" allowfullscreen><\/iframe>\n<\/div><\/figure>\n","protected":false},"excerpt":{"rendered":"<p>La FIA public\u00f3 la penalidad para Lance Stroll luego de considerarlo culpable por el choque con Charles Leclerc durante la FP1 en Montecarlo y perder\u00e1 un lugar en la grilla, adem\u00e1s de un punto de superlicencia.<\/p>\n","protected":false},"author":0,"featured_media":1010329012,"comment_status":"closed","ping_status":"closed","sticky":false,"template":"","format":"standard","meta":{"42wp_featured_image_caption":"","42wp_featured_image_credits":"","42wp_featured_video":"","42wp_featured_image_hidden":false,"42wp_authors_list":[],"footnotes":""},"categories":[5],"tags":[11652,209,247,1710,185,179,1325,359,2621,11776],"42wp_author":[14240],"class_list":["post-7378","post","type-post","status-publish","format-standard","has-post-thumbnail","hentry","category-f1","tag-amr25","tag-aston-martin","tag-charles-leclerc","tag-f1-2025","tag-ferrari","tag-formula-1","tag-gp-de-monaco","tag-lance-stroll","tag-montecarlo","tag-sf-25","42wp_author-ignacio-bogado"],"_links":{"self":[{"href":"https:\/\/grandepremio.com\/es\/wp-json\/wp\/v2\/posts\/7378","targetHints":{"allow":["GET"]}}],"collection":[{"href":"https:\/\/grandepremio.com\/es\/wp-json\/wp\/v2\/posts"}],"about":[{"href":"https:\/\/grandepremio.com\/es\/wp-json\/wp\/v2\/types\/post"}],"replies":[{"embeddable":true,"href":"https:\/\/grandepremio.com\/es\/wp-json\/wp\/v2\/comments?post=7378"}],"version-history":[{"count":0,"href":"https:\/\/grandepremio.com\/es\/wp-json\/wp\/v2\/posts\/7378\/revisions"}],"wp:featuredmedia":[{"embeddable":true,"href":"https:\/\/grandepremio.com\/es\/wp-json\/wp\/v2\/media\/1010329012"}],"wp:attachment":[{"href":"https:\/\/grandepremio.com\/es\/wp-json\/wp\/v2\/media?parent=7378"}],"wp:term":[{"taxonomy":"category","embeddable":true,"href":"https:\/\/grandepremio.com\/es\/wp-json\/wp\/v2\/categories?post=7378"},{"taxonomy":"post_tag","embeddable":true,"href":"https:\/\/grandepremio.com\/es\/wp-json\/wp\/v2\/tags?post=7378"},{"taxonomy":"42wp_author","embeddable":true,"href":"https:\/\/grandepremio.com\/es\/wp-json\/wp\/v2\/42wp_author?post=7378"}],"curies":[{"name":"wp","href":"https:\/\/api.w.org\/{rel}","templated":true}]}}