{"id":7389,"date":"2025-05-22T13:48:49","date_gmt":"2025-05-22T16:48:49","guid":{"rendered":"https:\/\/grandepremio.com\/es\/2025\/05\/22\/leclerc-gasly-lamentan-abusos-doohan-piden-respeto\/"},"modified":"2025-05-22T13:48:53","modified_gmt":"2025-05-22T16:48:53","slug":"leclerc-gasly-lamentan-abusos-doohan-piden-respeto","status":"publish","type":"post","link":"https:\/\/grandepremio.com\/es\/f1\/leclerc-gasly-lamentan-abusos-doohan-piden-respeto\/","title":{"rendered":"Leclerc y Gasly lamentan los abusos en l\u00ednea contra Doohan y piden &#8220;respeto ante todo&#8221;"},"content":{"rendered":"\n<p class=\"wp-block-paragraph\">La semana pasada volvi\u00f3 <strong>Franco Colapinto<\/strong> a la <strong>F\u00f3rmula 1 <\/strong>con el equipo <strong>Alpine<\/strong> y se produjo una gran pol\u00e9mica en las redes sociales por los insultos de algunos fan\u00e1ticos del piloto argentino a <strong>Yuki Tsunoda<\/strong> tras un incidente menor en la FP1 del <strong>GP de Emilia Roma\u00f1a<\/strong> y una <em>fake news<\/em> en contra de <strong>Jack Doohan<\/strong>.\u00a0<\/p>\n\n\n\n<p class=\"wp-block-paragraph\">\ud83d\udfe5 <strong><em>\u00a1Todas las novedades te esperan en el canal de <\/em><\/strong><a href=\"https:\/\/www.youtube.com\/@GrandePremioES\"><em>YouTube<\/em><\/a><strong><em> de Grande Pr\u00eamio en Espa\u00f1ol!<\/em><\/strong> \ud83d\udfe8<\/p>\n\n\n\n<p class=\"wp-block-paragraph\">Por esto, la <strong><a href=\"https:\/\/grandepremio.com\/es\/f1\/fia-emite-comunicado-defendiendo-tsunoda-tras-ataques-redes\/\" target=\"_blank\" rel=\"noreferrer noopener\">FIA<\/a> <\/strong>y el equipo <a href=\"https:\/\/grandepremio.com\/es\/f1\/alpine-comunicado-redes-sociales-repudio-insultos-jack-doohan-f1-2025\/\" target=\"_blank\" rel=\"noreferrer noopener\">Alpine<\/a> publicaron sendos comunicados en apoyo a los competidores y pidiendo calma y respeto a los que han agredido en redes sociales, algo repetido por el piloto argentino en la jornada de hoy en la previa del <strong>GP de M\u00f3naco<\/strong>, luego de que el australiano publicara un descargo sobre la falsa noticia que hab\u00eda generado una ola de odio contra su familia.\u00a0<\/p>\n\n\n\n<p class=\"wp-block-paragraph\">GRANDE PR\u00caMIO, que estuvo presente en la conferencia de prensa previa a la carrera de <strong>F1 2025<\/strong> en el principado, consult\u00f3 por el tema a <strong>Charles Leclerc<\/strong> y el piloto de <strong>Ferrari <\/strong>coment\u00f3: <strong>\u201cNo conoc\u00eda la situaci\u00f3n, pero es algo que, como pilotos, no queremos ver nunca. Hay mucho respeto. Crec\u00ed con la F1 como meta y admirando lo incre\u00edble que era tener tantos aficionados de diferentes equipos, pero con mucho respeto. Eso es lo que quiero ver en todo momento, independientemente de la situaci\u00f3n\u201d.<\/strong><\/p>\n\n\n\n<p class=\"wp-block-paragraph\"><strong>\u201cEspecialmente con las redes sociales, las cosas se han vuelto cada vez m\u00e1s t\u00f3xicas y hay mucha informaci\u00f3n cruzada circulando. Pero creo que lo m\u00e1s importante es tener respeto en primer lugar. Es una pena ver algo as\u00ed en nuestro deporte\u201d<\/strong>, se\u00f1al\u00f3 el monegasco.<\/p>\n\n\n\n<figure class=\"wp-block-embed is-type-video is-provider-youtube wp-block-embed-youtube wp-embed-aspect-16-9 wp-has-aspect-ratio\"><div class=\"wp-block-embed__wrapper\">\n<iframe loading=\"lazy\" title=\"GP DE M\u00d3NACO 2025 - LA PREVIA\" width=\"500\" height=\"281\" src=\"https:\/\/www.youtube.com\/embed\/YBi4JINytZ8?feature=oembed\" frameborder=\"0\" allow=\"accelerometer; autoplay; clipboard-write; encrypted-media; gyroscope; picture-in-picture; web-share\" referrerpolicy=\"strict-origin-when-cross-origin\" allowfullscreen><\/iframe>\n<\/div><\/figure>\n\n\n\n<p class=\"wp-block-paragraph\">Hay que recordar que la fake news se trataba de una historia falsa en la que, supuestamente, <strong>Mick Doohan<\/strong>, el ex campe\u00f3n de 500cc, se re\u00eda del accidente en la Q1 de \u00cdmola, que no era cierto, pero que medios argentinos reprodujeron como cierto, <a href=\"https:\/\/grandepremio.com\/es\/f1\/doohan-niega-posteo-asociado-su-padre-reclama-dejen-acosar-mi-familia\/\" target=\"_blank\" rel=\"noreferrer noopener\">lo que deriv\u00f3 en los mensajes de Jack en sus redes sociales<\/a>.\u00a0<\/p>\n\n\n\n<p class=\"wp-block-paragraph\"><strong>Pierre Gasly<\/strong>, compa\u00f1ero del piloto argentino, alab\u00f3 la comunidad que se gener\u00f3 en el paddock y conden\u00f3 los insultos: <strong>\u201cEstoy con Charles. No hay m\u00e1s espacio para el abuso en ning\u00fan sitio ni de ninguna manera. Es muy triste ver algo as\u00ed, porque todo el mundo ha hecho muy bien en este sentido, la comunidad que hemos creado aqu\u00ed a lo largo de los a\u00f1os, ofreciendo apoyo sin difundir odio hacia nadie\u201d.<\/strong><\/p>\n\n\n\n<p class=\"wp-block-paragraph\"><strong>\u201cLa gente puede apoyar a cualquier piloto, a muchos equipos: lo que no queremos es este tipo de cosas. Espero que la gente entienda que somos humanos m\u00e1s all\u00e1 de pilotos, mec\u00e1nicos, ingenieros, de quien sea. Lo importante es priorizar el respeto\u201d<\/strong>, concluy\u00f3 el franc\u00e9s.<\/p>\n\n\n\n<p class=\"wp-block-paragraph\">\u23e9 <strong><em>\u00a1Seguinos en redes por <\/em><\/strong><a href=\"https:\/\/twitter.com\/grandepremioES\"><em>Twitter <\/em><\/a><strong><em>e <\/em><\/strong><a href=\"https:\/\/www.instagram.com\/grandepremioes\/\"><em>Instagram!<\/em><em><br><\/em><\/a>\u23e9 <strong><em>Adem\u00e1s, tenemos nuestro <\/em><\/strong><a href=\"https:\/\/whatsapp.com\/channel\/0029VaDZ5zb0gcfDxuwxBM05\"><em>canal de Whatsapp<\/em><\/a><strong><em> con toda la informaci\u00f3n al instante<\/em><\/strong> \ud83c\udfc1<\/p>\n\n\n\n<p class=\"wp-block-paragraph\">La F\u00f3rmula 1 regresa el pr\u00f3ximo fin de semana, del 23 al 25 de mayo, con el Gran Premio de M\u00f3naco, que tendr\u00e1 la cobertura de GRANDE PREMIO.&nbsp;<\/p>\n","protected":false},"excerpt":{"rendered":"<p>Charles Leclerc y Pierre Gasly se han pronunciado sobre la situaci\u00f3n de abuso en l\u00ednea contra Jack Doohan por parte de fan\u00e1ticos de Franco Colapinto desde que Alpine lo reemplazara por el piloto argentino, al ser consultados por GRANDE PREMIO. <\/p>\n","protected":false},"author":0,"featured_media":1010328872,"comment_status":"closed","ping_status":"closed","sticky":false,"template":"","format":"standard","meta":{"42wp_featured_image_caption":"","42wp_featured_image_credits":"","42wp_featured_video":"","42wp_featured_image_hidden":false,"42wp_authors_list":[],"footnotes":""},"categories":[5],"tags":[678,247,1710,185,263,179,814,2527,1325,1488,1011,1398,427,368],"42wp_author":[14237],"class_list":["post-7389","post","type-post","status-publish","format-standard","has-post-thumbnail","hentry","category-f1","tag-alpine","tag-charles-leclerc","tag-f1-2025","tag-ferrari","tag-fia","tag-formula-1","tag-franco-colapinto","tag-gp-de-emilia-romana","tag-gp-de-monaco","tag-grande-premio","tag-jack-doohan","tag-mick-doohan","tag-pierre-gasly","tag-yuki-tsunoda","42wp_author-gabriel-garcia"],"_links":{"self":[{"href":"https:\/\/grandepremio.com\/es\/wp-json\/wp\/v2\/posts\/7389","targetHints":{"allow":["GET"]}}],"collection":[{"href":"https:\/\/grandepremio.com\/es\/wp-json\/wp\/v2\/posts"}],"about":[{"href":"https:\/\/grandepremio.com\/es\/wp-json\/wp\/v2\/types\/post"}],"replies":[{"embeddable":true,"href":"https:\/\/grandepremio.com\/es\/wp-json\/wp\/v2\/comments?post=7389"}],"version-history":[{"count":0,"href":"https:\/\/grandepremio.com\/es\/wp-json\/wp\/v2\/posts\/7389\/revisions"}],"wp:featuredmedia":[{"embeddable":true,"href":"https:\/\/grandepremio.com\/es\/wp-json\/wp\/v2\/media\/1010328872"}],"wp:attachment":[{"href":"https:\/\/grandepremio.com\/es\/wp-json\/wp\/v2\/media?parent=7389"}],"wp:term":[{"taxonomy":"category","embeddable":true,"href":"https:\/\/grandepremio.com\/es\/wp-json\/wp\/v2\/categories?post=7389"},{"taxonomy":"post_tag","embeddable":true,"href":"https:\/\/grandepremio.com\/es\/wp-json\/wp\/v2\/tags?post=7389"},{"taxonomy":"42wp_author","embeddable":true,"href":"https:\/\/grandepremio.com\/es\/wp-json\/wp\/v2\/42wp_author?post=7389"}],"curies":[{"name":"wp","href":"https:\/\/api.w.org\/{rel}","templated":true}]}}