{"id":7391,"date":"2025-05-22T12:41:42","date_gmt":"2025-05-22T15:41:42","guid":{"rendered":"https:\/\/grandepremio.com\/es\/2025\/05\/22\/aston-martin-newey-monaco-ver-operacion-f1-2025\/"},"modified":"2025-05-22T12:41:46","modified_gmt":"2025-05-22T15:41:46","slug":"aston-martin-newey-monaco-ver-operacion-f1-2025","status":"publish","type":"post","link":"https:\/\/grandepremio.com\/es\/f1\/aston-martin-newey-monaco-ver-operacion-f1-2025\/","title":{"rendered":"Aston Martin explica que Newey s\u00f3lo est\u00e1 en M\u00f3naco para ver la &#8220;operaci\u00f3n de carreras&#8221;"},"content":{"rendered":"\n<p class=\"wp-block-paragraph\">Mientras que sigue embarcado en construir el mejor coche posible para <strong>Aston Martin<\/strong> de cara a la temporada 2026 de la<strong> F\u00f3rmula 1,<\/strong> el <strong>GP de M\u00f3naco<\/strong> de la<strong> F1 2025<\/strong> ver\u00e1 por primera vez en pista a <strong>Adrian Newey<\/strong> con el equipo de <strong>Silverstone<\/strong>, aunque solo ser\u00e1 para observar c\u00f3mo se desempe\u00f1a la operaci\u00f3n, seg\u00fan declar\u00f3 el jefe, <strong>Andy Cowell<\/strong>.\u00a0<\/p>\n\n\n\n<p class=\"wp-block-paragraph\">\ud83d\udfe5 <strong><em>\u00a1Todas las novedades te esperan en el canal de <\/em><\/strong><a href=\"https:\/\/www.youtube.com\/@GrandePremioES\"><em>YouTube<\/em><\/a><strong><em> de Grande Pr\u00eamio en Espa\u00f1ol!<\/em><\/strong> \ud83d\udfe8<\/p>\n\n\n\n<p class=\"wp-block-paragraph\">Cowell indic\u00f3 en la previa de la octava carrera de este a\u00f1o que el <em>\u201cgenio de la aerodin\u00e1mica\u201d<\/em> quiere comprender de cerca lo que se est\u00e1 haciendo y poder identificar \u00e1reas de mejora, en tanto que contin\u00faan los trabajos en la f\u00e1brica para el nuevo coche del a\u00f1o venidero.\u00a0<\/p>\n\n\n\n<p class=\"wp-block-paragraph\"><strong>\u201cEste fin de semana, Newey est\u00e1 aqu\u00ed para ver c\u00f3mo funcionamos en el entorno de carrera, c\u00f3mo optimizamos el coche que tenemos, jugar con la estrategia. Tener su experiencia y su visi\u00f3n para entender lo que va bien y lo que no nos ayuda a crear una lista de cosas por hacer para ser un equipo m\u00e1s fuerte\u201d<\/strong>, explic\u00f3 el directivo.<\/p>\n\n\n\n<p class=\"wp-block-paragraph\"><strong>\u201cCuando lleg\u00f3, a principios de marzo, lo dejamos claro: queremos que se centre en 2026 y en la arquitectura del coche. En eso es en lo que ha estado trabajando de forma prioritaria. Nuestros almuerzos no son s\u00f3lo sobre lo que est\u00e1 comiendo o lo que hizo el fin de semana. Tambi\u00e9n hablamos sobre el AMR25 y lo que podr\u00eda ser un problema con el coche\u201d<\/strong>, a\u00f1adi\u00f3.\u00a0<\/p>\n\n\n\n<figure class=\"wp-block-embed is-type-video is-provider-youtube wp-block-embed-youtube wp-embed-aspect-16-9 wp-has-aspect-ratio\"><div class=\"wp-block-embed__wrapper\">\n<iframe loading=\"lazy\" title=\"GP DE M\u00d3NACO 2025 - LA PREVIA\" width=\"500\" height=\"281\" src=\"https:\/\/www.youtube.com\/embed\/YBi4JINytZ8?feature=oembed\" frameborder=\"0\" allow=\"accelerometer; autoplay; clipboard-write; encrypted-media; gyroscope; picture-in-picture; web-share\" referrerpolicy=\"strict-origin-when-cross-origin\" allowfullscreen><\/iframe>\n<\/div><\/figure>\n\n\n\n<p class=\"wp-block-paragraph\"><strong>\u201cPero tenemos un equipo de ingenier\u00eda independiente trabajando en este proyecto. Adrian est\u00e1 centrado en el coche de 2026 y, con ello, est\u00e1 conociendo nuestras herramientas, como el CFD, el t\u00fanel de viento y toda la cadena de informaci\u00f3n, desde el dise\u00f1o hasta el resultado\u201d<\/strong>, dijo Cowell.\u00a0<\/p>\n\n\n\n<p class=\"wp-block-paragraph\">Por otro lado, el jefe del equipo de <strong>Lawrence Stroll<\/strong> destac\u00f3 la experiencia de Newey para trasladar lo que se hace en la f\u00e1brica a la pista: <strong>\u201cTengo mucho inter\u00e9s en que la estructura de ingenier\u00eda de Silverstone cree un buen coche de carreras. Lo llevamos a la pista, maximizamos su rendimiento, recogemos todos los puntos posibles y luego damos feedback sobre lo que falta para volver a empezar el ciclo. Su presencia aqu\u00ed ayuda a conectar todos esos puntos\u201d.\u00a0<\/strong><\/p>\n\n\n\n<p class=\"wp-block-paragraph\"><strong>\u201cLe proporcionamos la estructura ideal para trabajar, con un tablero de dibujo y una ruta r\u00e1pida al t\u00fanel de viento. Lo que hace es evaluar la calidad de cada paso que damos, desde la idea hasta el resultado, tanto en t\u00e9rminos de precisi\u00f3n como de tiempo, porque \u00e9sta es una industria que exige ciclos de aprendizaje cada vez m\u00e1s r\u00e1pidos. Pero tambi\u00e9n hay que ser preciso, y nos ayuda a medirlo\u201d<\/strong>, concluy\u00f3.<\/p>\n\n\n\n<p class=\"wp-block-paragraph\">\u23e9 <strong><em>\u00a1Seguinos en redes por <\/em><\/strong><a href=\"https:\/\/twitter.com\/grandepremioES\"><em>Twitter <\/em><\/a><strong><em>e <\/em><\/strong><a href=\"https:\/\/www.instagram.com\/grandepremioes\/\"><em>Instagram!<\/em><em><br><\/em><\/a>\u23e9 <strong><em>Adem\u00e1s, tenemos nuestro <\/em><\/strong><a href=\"https:\/\/whatsapp.com\/channel\/0029VaDZ5zb0gcfDxuwxBM05\"><em>canal de Whatsapp<\/em><\/a><strong><em> con toda la informaci\u00f3n al instante<\/em><\/strong> \ud83c\udfc1<\/p>\n\n\n\n<p class=\"wp-block-paragraph\">La F\u00f3rmula 1 regresa el pr\u00f3ximo fin de semana, del 23 al 25 de mayo, con el Gran Premio de M\u00f3naco, que tendr\u00e1 la cobertura de GRANDE PREMIO.&nbsp;<\/p>\n","protected":false},"excerpt":{"rendered":"<p>Andy Cowell, el jefe de equipo, explic\u00f3 que Adrian Newey estar\u00e1 en el Gran Premio de M\u00f3naco para ver la operaci\u00f3n de carreras de Aston Martin y ayudar a integrarse con la f\u00e1brica, pero asegur\u00f3 que el foco est\u00e1 en 2026.<\/p>\n","protected":false},"author":0,"featured_media":1010328863,"comment_status":"closed","ping_status":"closed","sticky":false,"template":"","format":"standard","meta":{"42wp_featured_image_caption":"","42wp_featured_image_credits":"","42wp_featured_video":"","42wp_featured_image_hidden":false,"42wp_authors_list":[],"footnotes":""},"categories":[5],"tags":[742,11652,10503,209,1710,179,1325,970,480],"42wp_author":[14237],"class_list":["post-7391","post","type-post","status-publish","format-standard","has-post-thumbnail","hentry","category-f1","tag-adrian-newey","tag-amr25","tag-andy-cowell","tag-aston-martin","tag-f1-2025","tag-formula-1","tag-gp-de-monaco","tag-lawrence-stroll","tag-silverstone","42wp_author-gabriel-garcia"],"_links":{"self":[{"href":"https:\/\/grandepremio.com\/es\/wp-json\/wp\/v2\/posts\/7391","targetHints":{"allow":["GET"]}}],"collection":[{"href":"https:\/\/grandepremio.com\/es\/wp-json\/wp\/v2\/posts"}],"about":[{"href":"https:\/\/grandepremio.com\/es\/wp-json\/wp\/v2\/types\/post"}],"replies":[{"embeddable":true,"href":"https:\/\/grandepremio.com\/es\/wp-json\/wp\/v2\/comments?post=7391"}],"version-history":[{"count":0,"href":"https:\/\/grandepremio.com\/es\/wp-json\/wp\/v2\/posts\/7391\/revisions"}],"wp:featuredmedia":[{"embeddable":true,"href":"https:\/\/grandepremio.com\/es\/wp-json\/wp\/v2\/media\/1010328863"}],"wp:attachment":[{"href":"https:\/\/grandepremio.com\/es\/wp-json\/wp\/v2\/media?parent=7391"}],"wp:term":[{"taxonomy":"category","embeddable":true,"href":"https:\/\/grandepremio.com\/es\/wp-json\/wp\/v2\/categories?post=7391"},{"taxonomy":"post_tag","embeddable":true,"href":"https:\/\/grandepremio.com\/es\/wp-json\/wp\/v2\/tags?post=7391"},{"taxonomy":"42wp_author","embeddable":true,"href":"https:\/\/grandepremio.com\/es\/wp-json\/wp\/v2\/42wp_author?post=7391"}],"curies":[{"name":"wp","href":"https:\/\/api.w.org\/{rel}","templated":true}]}}