{"id":7434,"date":"2025-05-20T08:21:56","date_gmt":"2025-05-20T11:21:56","guid":{"rendered":"https:\/\/grandepremio.com\/es\/2025\/05\/20\/alpine-comunicado-redes-sociales-repudio-insultos-jack-doohan-f1-2025\/"},"modified":"2025-05-20T08:22:00","modified_gmt":"2025-05-20T11:22:00","slug":"alpine-comunicado-redes-sociales-repudio-insultos-jack-doohan-f1-2025","status":"publish","type":"post","link":"https:\/\/grandepremio.com\/es\/f1\/alpine-comunicado-redes-sociales-repudio-insultos-jack-doohan-f1-2025\/","title":{"rendered":"Alpine repudia acoso virtual a pilotos de F1: &#8220;Detr\u00e1s del casco, hay una persona&#8221;"},"content":{"rendered":"\n<p class=\"wp-block-paragraph\"><strong>Alpine <\/strong>se pronunci\u00f3 oficialmente sobre los ataques virtuales relacionados con los pilotos del equipo el pasado fin de semana. <strong>Jack Doohan<\/strong>, reserva de la escuder\u00eda, fue blanco de mensajes de odio tras la difusi\u00f3n de una captura falsa, atribuido a su padre <strong>Mick<\/strong>, en el que se criticaba la actuaci\u00f3n de <strong>Franco Colapinto<\/strong>, que sustituy\u00f3 al australiano como piloto titular en Imola.<\/p>\n\n\n\n<p class=\"wp-block-paragraph\">\ud83d\udfe5&nbsp;<strong><em>\u00a1Todas las novedades te esperan en el canal de&nbsp;<\/em><\/strong><a href=\"https:\/\/www.youtube.com\/@GrandePremioES\"><em>YouTube<\/em><\/a><strong><em>&nbsp;de Grande Pr\u00eamio en Espa\u00f1ol!<\/em><\/strong>&nbsp;\ud83d\udfe8<\/p>\n\n\n\n<p class=\"wp-block-paragraph\">Otro episodio fue con el propio <strong>Colapinto<\/strong>, ya que aficionados argentinos enviaron mensajes de odio a <strong>Yuki Tsunoda<\/strong>, de <strong>Red Bull,<\/strong> por un incidente en la primera sesi\u00f3n de entrenamientos libres. La propia <strong>FIA <\/strong>intervino en la situaci\u00f3n publicando un comunicado oficial en el que condenaba los ataques.<\/p>\n\n\n\n<p class=\"wp-block-paragraph\">\u00abComo equipo de <strong>F1<\/strong>, creemos que somos afortunados de formar parte de un deporte global que despierta grandes pasiones y emociones, con una comunidad cada vez mayor de aficionados que siguen con entusiasmo todos los movimientos de sus pilotos favoritos, ya sea un adelantamiento en la pista o el estilo que llevan cuando llegan al paddock\u00bb, dijo el equipo, sin mencionar a <strong>Doohan <\/strong>ni a <strong>Colapinto <\/strong>por su nombre.<\/p>\n\n\n\n<p class=\"wp-block-paragraph\">\u00abAnimamos a todo el mundo a que recuerde que detr\u00e1s del rostro de estos atletas sobrehumanos, hay una persona. Un individuo con sentimientos, familia, amigos y seres queridos. Como equipo, no podemos aceptar el abuso online y pedimos a todos los aficionados a este deporte que amamos que sean amables y respetuosos\u00bb, concluy\u00f3 el comunicado.<\/p>\n\n\n\n<p class=\"wp-block-paragraph\"><strong>Jack<\/strong>, por su parte, tambi\u00e9n se pronunci\u00f3 en las redes sociales sobre los ataques que ha sufrido a ra\u00edz de la publicaci\u00f3n relacionada con <strong>Mick Doohan<\/strong>. El australiano fue descartado para dejar paso a <strong>Colapinto <\/strong>tras s\u00f3lo seis carreras en 2025.<\/p>\n\n\n\n<p class=\"wp-block-paragraph\">\u23e9\u00a0<strong><em>\u00a1Seguinos en redes por\u00a0<\/em><\/strong><a href=\"https:\/\/twitter.com\/grandepremioES\"><em>Twitter\u00a0<\/em><\/a><strong><em>e\u00a0<\/em><\/strong><a href=\"https:\/\/www.instagram.com\/grandepremioes\/\"><em>Instagram!<br><\/em><\/a>\u23e9\u00a0<strong><em>Adem\u00e1s, tenemos nuestro\u00a0<\/em><\/strong><a href=\"https:\/\/whatsapp.com\/channel\/0029VaDZ5zb0gcfDxuwxBM05\"><em>canal de Whatsapp<\/em><\/a><strong><em>\u00a0con toda la informaci\u00f3n al instante<\/em><\/strong>\u00a0\ud83c\udfc1<\/p>\n\n\n\n<figure class=\"wp-block-image size-large\"><img decoding=\"async\" src=\"https:\/\/grandepremio.com\/es\/wp-content\/uploads\/2025\/05\/GrPQWosW8AAbDhT-1-1024x768.jpeg\" alt=\"\" class=\"wp-image-328637\"\/><figcaption class=\"wp-element-caption\">El GP de Emilia-Roma\u00f1a fue la primera competencia de Franco Colapinto como piloto de Alpine (Foto: Alpine)<\/figcaption><\/figure>\n\n\n\n<p class=\"wp-block-paragraph\">\u00abComo pueden ver, la historia es completamente falsa. Fue fabricada por aficionados argentinos, intentando retratarme a m\u00ed y a mi familia de forma negativa. Editaron el contenido original para que pareciera que lo hab\u00eda publicado mi padre, lo cual es mentira\u00bb, escribi\u00f3. \u00abNo pens\u00e9 que tendr\u00eda que llegar a esto. Por favor, dejen de acosar a mi familia\u00bb, mencion\u00f3.<\/p>\n\n\n\n<p class=\"wp-block-paragraph\">Horas m\u00e1s tarde, el australiano rectific\u00f3 su mensaje original y aclar\u00f3 que la captura de pantalla no fue hecha por aficionados argentinos, sino por un usuario en la red social <strong>X <\/strong>(anteriormente <strong>Twitter<\/strong>).<\/p>\n\n\n\n<p class=\"wp-block-paragraph\">&#8220;Correcci\u00f3n: la fuente original del mensaje no es argentina. Sin embargo, muchos portales argentinos replicaron la imagen falsa aumentando el acoso hacia mi familia&#8221;, concluy\u00f3.<\/p>\n\n\n\n<p class=\"wp-block-paragraph\">La&nbsp;<strong>F\u00f3rmula 1<\/strong>&nbsp;regresa el pr\u00f3ximo fin de semana, del 23 al 25 de mayo, con el&nbsp;<strong>Gran Premio de M\u00f3naco<\/strong>.<\/p>\n\n\n\n<figure class=\"wp-block-embed is-type-video is-provider-youtube wp-block-embed-youtube wp-embed-aspect-16-9 wp-has-aspect-ratio\"><div class=\"wp-block-embed__wrapper\">\n<iframe loading=\"lazy\" title=\"VERSTAPPEN VUELVE A GANAR Y COLAPINTO CUMPLE EN \u00cdMOLA  | Briefing\" width=\"500\" height=\"281\" src=\"https:\/\/www.youtube.com\/embed\/g0S8pHcxpO0?feature=oembed\" frameborder=\"0\" allow=\"accelerometer; autoplay; clipboard-write; encrypted-media; gyroscope; picture-in-picture; web-share\" referrerpolicy=\"strict-origin-when-cross-origin\" allowfullscreen><\/iframe>\n<\/div><\/figure>\n","protected":false},"excerpt":{"rendered":"<p>A ra\u00edz de los casos de maltrato en l\u00ednea en los que se vieron implicados Jack Doohan y Franco Colapinto, Alpine emiti\u00f3 un comunicado en el que ped\u00eda respeto para los pilotos, aunque sin dar nombres<\/p>\n","protected":false},"author":0,"featured_media":1010328636,"comment_status":"closed","ping_status":"closed","sticky":false,"template":"","format":"standard","meta":{"42wp_featured_image_caption":"","42wp_featured_image_credits":"","42wp_featured_video":"","42wp_featured_image_hidden":false,"42wp_authors_list":[],"footnotes":""},"categories":[5],"tags":[678,181,1710,2326,179,8059,814,1488,1011,427,9647],"42wp_author":[14239],"class_list":["post-7434","post","type-post","status-publish","format-standard","has-post-thumbnail","hentry","category-f1","tag-alpine","tag-f1","tag-f1-2025","tag-flavio-briatore","tag-formula-1","tag-formula-1-2025","tag-franco-colapinto","tag-grande-premio","tag-jack-doohan","tag-pierre-gasly","tag-temporada-2025-f1","42wp_author-jp-otrosky"],"_links":{"self":[{"href":"https:\/\/grandepremio.com\/es\/wp-json\/wp\/v2\/posts\/7434","targetHints":{"allow":["GET"]}}],"collection":[{"href":"https:\/\/grandepremio.com\/es\/wp-json\/wp\/v2\/posts"}],"about":[{"href":"https:\/\/grandepremio.com\/es\/wp-json\/wp\/v2\/types\/post"}],"replies":[{"embeddable":true,"href":"https:\/\/grandepremio.com\/es\/wp-json\/wp\/v2\/comments?post=7434"}],"version-history":[{"count":0,"href":"https:\/\/grandepremio.com\/es\/wp-json\/wp\/v2\/posts\/7434\/revisions"}],"wp:featuredmedia":[{"embeddable":true,"href":"https:\/\/grandepremio.com\/es\/wp-json\/wp\/v2\/media\/1010328636"}],"wp:attachment":[{"href":"https:\/\/grandepremio.com\/es\/wp-json\/wp\/v2\/media?parent=7434"}],"wp:term":[{"taxonomy":"category","embeddable":true,"href":"https:\/\/grandepremio.com\/es\/wp-json\/wp\/v2\/categories?post=7434"},{"taxonomy":"post_tag","embeddable":true,"href":"https:\/\/grandepremio.com\/es\/wp-json\/wp\/v2\/tags?post=7434"},{"taxonomy":"42wp_author","embeddable":true,"href":"https:\/\/grandepremio.com\/es\/wp-json\/wp\/v2\/42wp_author?post=7434"}],"curies":[{"name":"wp","href":"https:\/\/api.w.org\/{rel}","templated":true}]}}