{"id":7459,"date":"2025-05-18T19:18:20","date_gmt":"2025-05-18T22:18:20","guid":{"rendered":"https:\/\/grandepremio.com\/es\/2025\/05\/18\/mercedes-alerta-preocupante-actuacion-imola\/"},"modified":"2025-05-18T19:18:24","modified_gmt":"2025-05-18T22:18:24","slug":"mercedes-alerta-preocupante-actuacion-imola","status":"publish","type":"post","link":"https:\/\/grandepremio.com\/es\/f1\/mercedes-alerta-preocupante-actuacion-imola\/","title":{"rendered":"Mercedes, en alerta tras su preocupante actuaci\u00f3n en Imola: &#8220;Lo m\u00e1s dif\u00edcil del a\u00f1o&#8221;"},"content":{"rendered":"\n<p class=\"wp-block-paragraph\">Para el equipo <strong>Mercedes<\/strong>, el fin de semana del <strong>GP de Emilia Roma\u00f1a<\/strong> en <strong>\u00cdmola <\/strong>no ha sido el mejor. Si bien <strong>George Russell<\/strong> clasific\u00f3 en la tercera posici\u00f3n, el brit\u00e1nico cay\u00f3 hasta el s\u00e9ptimo puesto en la carrera de la<strong> F\u00f3rmula 1<\/strong> y <strong><strong>George Russell<\/strong><\/strong> debi\u00f3 abandonar por un fallo en los frenos.\u00a0<\/p>\n\n\n\n<p class=\"wp-block-paragraph\">\ud83d\udfe5 <strong><em>\u00a1Todas las novedades te esperan en el canal de <\/em><\/strong><a href=\"https:\/\/www.youtube.com\/@GrandePremioES\"><em>YouTube<\/em><\/a><strong><em> de Grande Pr\u00eamio en Espa\u00f1ol!<\/em><\/strong> \ud83d\udfe8<\/p>\n\n\n\n<p class=\"wp-block-paragraph\"><strong>Bradley Lord<\/strong>, director de comunicaciones de la escuder\u00eda de <strong>Brackley<\/strong>, explic\u00f3 los problemas en los dos autos y calific\u00f3 lo sucedido hoy como un resultado\u00a0<em>\u201cpor debajo de los est\u00e1ndares que establecemos como equipo\u201d<\/em>. Incluso, han sido superados en rendimiento por <strong>Williams<\/strong>, que sum\u00f3 puntos con sus dos autos.\u00a0<\/p>\n\n\n\n<p class=\"wp-block-paragraph\">\u201cEste ha sido sin duda el GP m\u00e1s duro de la temporada\u201d, comenz\u00f3 Lord, que sustituy\u00f3 a <strong>Toto Wolff<\/strong> en los boxes de Mercedes en Imola. \u201cLograr un s\u00e9ptimo puesto y retirarse est\u00e1 muy por debajo de los est\u00e1ndares que nos fijamos como equipo\u201d.<\/p>\n\n\n\n<p class=\"wp-block-paragraph\"><strong>\u201cDesde las primeras vueltas, George report\u00f3 falta de estabilidad en la parte trasera y tuvo dificultades para controlar la temperatura de los neum\u00e1ticos traseros, lo que provoc\u00f3 un desgaste acelerado. Esto nos oblig\u00f3 a detenernos pronto y a adoptar una estrategia de dos paradas\u201d<\/strong>, explic\u00f3.<\/p>\n\n\n\n<figure class=\"wp-block-embed is-type-video is-provider-youtube wp-block-embed-youtube wp-embed-aspect-16-9 wp-has-aspect-ratio\"><div class=\"wp-block-embed__wrapper\">\n<iframe loading=\"lazy\" title=\"VERSTAPPEN VUELVE A GANAR Y COLAPINTO CUMPLE EN \u00cdMOLA  | Briefing\" width=\"500\" height=\"281\" src=\"https:\/\/www.youtube.com\/embed\/g0S8pHcxpO0?feature=oembed\" frameborder=\"0\" allow=\"accelerometer; autoplay; clipboard-write; encrypted-media; gyroscope; picture-in-picture; web-share\" referrerpolicy=\"strict-origin-when-cross-origin\" allowfullscreen><\/iframe>\n<\/div><\/figure>\n\n\n\n<p class=\"wp-block-paragraph\"><strong>\u201cHizo su segunda parada bajo el coche de seguridad virtual y volv\u00eda a la contienda por los puntos cuando el coche de seguridad sali\u00f3 por el abandono de Kimi. Estaba claro que estar\u00edamos en pista durante ese periodo y George luch\u00f3 con todas sus fuerzas hasta la bandera a cuadros. No pudo contener al Ferrari de Lewis, que llevaba neum\u00e1ticos nuevos, pero logr\u00f3 mantener la posici\u00f3n hasta el final\u201d<\/strong>, se\u00f1al\u00f3 Lord, que ejerci\u00f3 la voz cantante en \u00cdmola.\u00a0<\/p>\n\n\n\n<p class=\"wp-block-paragraph\">Sobre la carrera en general, adem\u00e1s del abandono por los problemas de frenos en el auto de Antonelli, Lord fue muy cr\u00edtico y espera una reacci\u00f3n para el GP de M\u00f3naco: <strong>\u201cEl rendimiento hoy fue preocupante: aunque George clasific\u00f3 bien, no pudimos competir con los autos que nos rodeaban y sufrimos una limitaci\u00f3n de ritmo significativa debido al sobrecalentamiento de los neum\u00e1ticos en el eje trasero. El principal objetivo del trabajo en los pr\u00f3ximos d\u00edas ser\u00e1 entender por qu\u00e9 sufrimos tanto y luego aprovechar al m\u00e1ximo las oportunidades de recuperaci\u00f3n la pr\u00f3xima semana en M\u00f3naco\u201d.<\/strong><\/p>\n\n\n\n<p class=\"wp-block-paragraph\">\u23e9 <strong><em>\u00a1Seguinos en redes por <\/em><\/strong><a href=\"https:\/\/twitter.com\/grandepremioES\"><em>Twitter <\/em><\/a><strong><em>e <\/em><\/strong><a href=\"https:\/\/www.instagram.com\/grandepremioes\/\"><em>Instagram!<\/em><em><br><\/em><\/a>\u23e9 <strong><em>Adem\u00e1s, tenemos nuestro <\/em><\/strong><a href=\"https:\/\/whatsapp.com\/channel\/0029VaDZ5zb0gcfDxuwxBM05\"><em>canal de Whatsapp<\/em><\/a><strong><em> con toda la informaci\u00f3n al instante<\/em><\/strong> \ud83c\udfc1<\/p>\n\n\n\n<p class=\"wp-block-paragraph\">La F\u00f3rmula 1 regresa el pr\u00f3ximo fin de semana, del 23 al 25 de mayo, con el Gran Premio de M\u00f3naco, que tendr\u00e1 la cobertura de GRANDE PREMIO.&nbsp;<\/p>\n","protected":false},"excerpt":{"rendered":"<p>El director de comunicaciones de Mercedes, Bradley Lord, explic\u00f3 que George Russell sufri\u00f3 un sobrecalentamiento de los neum\u00e1ticos traseros, mientras que Andrea Kimi Antonelli se retir\u00f3 debido al desgaste del acelerador durante el Gran Premio de Emilia Roma\u00f1a de la F\u00f3rmula 1.<\/p>\n","protected":false},"author":0,"featured_media":1010328485,"comment_status":"closed","ping_status":"closed","sticky":false,"template":"","format":"standard","meta":{"42wp_featured_image_caption":"","42wp_featured_image_credits":"","42wp_featured_video":"","42wp_featured_image_hidden":false,"42wp_authors_list":[],"footnotes":""},"categories":[5],"tags":[399,9163,253,8886,2527,2528,197,569,204],"42wp_author":[14237],"class_list":["post-7459","post","type-post","status-publish","format-standard","has-post-thumbnail","hentry","category-f1","tag-brackley","tag-bradley-lord","tag-george-russell","tag-george-russelll","tag-gp-de-emilia-romana","tag-imola-2","tag-mercedes","tag-toto-wolff","tag-williams","42wp_author-gabriel-garcia"],"_links":{"self":[{"href":"https:\/\/grandepremio.com\/es\/wp-json\/wp\/v2\/posts\/7459","targetHints":{"allow":["GET"]}}],"collection":[{"href":"https:\/\/grandepremio.com\/es\/wp-json\/wp\/v2\/posts"}],"about":[{"href":"https:\/\/grandepremio.com\/es\/wp-json\/wp\/v2\/types\/post"}],"replies":[{"embeddable":true,"href":"https:\/\/grandepremio.com\/es\/wp-json\/wp\/v2\/comments?post=7459"}],"version-history":[{"count":0,"href":"https:\/\/grandepremio.com\/es\/wp-json\/wp\/v2\/posts\/7459\/revisions"}],"wp:featuredmedia":[{"embeddable":true,"href":"https:\/\/grandepremio.com\/es\/wp-json\/wp\/v2\/media\/1010328485"}],"wp:attachment":[{"href":"https:\/\/grandepremio.com\/es\/wp-json\/wp\/v2\/media?parent=7459"}],"wp:term":[{"taxonomy":"category","embeddable":true,"href":"https:\/\/grandepremio.com\/es\/wp-json\/wp\/v2\/categories?post=7459"},{"taxonomy":"post_tag","embeddable":true,"href":"https:\/\/grandepremio.com\/es\/wp-json\/wp\/v2\/tags?post=7459"},{"taxonomy":"42wp_author","embeddable":true,"href":"https:\/\/grandepremio.com\/es\/wp-json\/wp\/v2\/42wp_author?post=7459"}],"curies":[{"name":"wp","href":"https:\/\/api.w.org\/{rel}","templated":true}]}}