{"id":7470,"date":"2025-05-18T14:05:41","date_gmt":"2025-05-18T17:05:41","guid":{"rendered":"https:\/\/grandepremio.com\/es\/2025\/05\/18\/hamilton-elogia-ferrari-perfecto-celebra-positivas-imola\/"},"modified":"2025-05-18T14:05:46","modified_gmt":"2025-05-18T17:05:46","slug":"hamilton-elogia-ferrari-perfecto-celebra-positivas-imola","status":"publish","type":"post","link":"https:\/\/grandepremio.com\/es\/f1\/hamilton-elogia-ferrari-perfecto-celebra-positivas-imola\/","title":{"rendered":"Hamilton elogia a un Ferrari \u00abperfecto\u00bb y celebra \u00abmuchas cosas positivas\u00bb en Imola"},"content":{"rendered":"\n<p class=\"wp-block-paragraph\">Despu\u00e9s de sufrir mucho en la clasificaci\u00f3n y ocupar s\u00f3lo el 12\u00ba lugar de cara a la grilla del <strong>GP de Emilia Roma\u00f1a<\/strong>, <strong>Lewis Hamilton<\/strong> se recuper\u00f3 y finaliz\u00f3 en la cuarta posici\u00f3n con <strong>Ferrari <\/strong>en <strong>\u00cdmola<\/strong>. En declaraciones a <strong>GRANDE PR\u00caMIO<\/strong>, el siete veces campe\u00f3n alab\u00f3 la <em>\u201csinergia\u201d<\/em> del equipo y aprob\u00f3 las decisiones que se tomaron a lo largo de las 63 vueltas.<\/p>\n\n\n\n<p class=\"wp-block-paragraph\">\ud83d\udfe5 <strong><em>\u00a1Todas las novedades te esperan en el canal de <\/em><\/strong><a href=\"https:\/\/www.youtube.com\/@GrandePremioES\"><em>YouTube<\/em><\/a><strong><em> de Grande Pr\u00eamio en Espa\u00f1ol!<\/em><\/strong> \ud83d\udfe8<\/p>\n\n\n\n<p class=\"wp-block-paragraph\">Hamilton opt\u00f3 por una estrategia diferente y arranc\u00f3 la carrera en Italia con las gomas duras, mientras que el resto decidi\u00f3 largar con los neum\u00e1ticos medios y, con ello, pudo avanzar y llegar en un meritorio top cinco, teniendo en cuenta que se destacaba lo dif\u00edcil de avanzar en el <strong>Circuito Enzo y Dino Ferrari<\/strong>.<\/p>\n\n\n\n<p class=\"wp-block-paragraph\">Tras la s\u00e9ptima prueba de la temporada 2025 de <strong>F\u00f3rmula 1<\/strong>, Hamilton fue preguntado por GRANDE PR\u00caMIO qu\u00e9 an\u00e1lisis pod\u00eda hacer: <strong>\u201cMuchas cosas positivas. En primer lugar, la estrategia fue realmente fant\u00e1stica, el equipo tom\u00f3 decisiones perfectas. Me sent\u00ed muy confiado con el coche en China, y volv\u00ed a sentir lo mismo [en Imola]\u201d.\u00a0<\/strong><\/p>\n\n\n\n<figure class=\"wp-block-embed is-type-video is-provider-youtube wp-block-embed-youtube wp-embed-aspect-16-9 wp-has-aspect-ratio\"><div class=\"wp-block-embed__wrapper\">\n<iframe loading=\"lazy\" title=\"GP DE EMILIA ROMA\u00d1A 2025-LA PREVIA\" width=\"500\" height=\"281\" src=\"https:\/\/www.youtube.com\/embed\/x3xTBXBAiOM?feature=oembed\" frameborder=\"0\" allow=\"accelerometer; autoplay; clipboard-write; encrypted-media; gyroscope; picture-in-picture; web-share\" referrerpolicy=\"strict-origin-when-cross-origin\" allowfullscreen><\/iframe>\n<\/div><\/figure>\n\n\n\n<p class=\"wp-block-paragraph\"><strong>&#8220;Sent\u00ed una verdadera sinergia [en el equipo] y creo que la puesta a punto fue genial. Mejoramos un poco nuestro rendimiento en carrera. Tenemos que liberar el potencial en clasificaci\u00f3n. Si hubi\u00e9ramos clasificado mejor, habr\u00edamos estado luchando por un podio, algo que ni siquiera cre\u00edamos posible&#8221;<\/strong>, concluy\u00f3.<\/p>\n\n\n\n<p class=\"wp-block-paragraph\">\u23e9 <strong><em>\u00a1Seguinos en redes por <\/em><\/strong><a href=\"https:\/\/twitter.com\/grandepremioES\"><em>Twitter <\/em><\/a><strong><em>e <\/em><\/strong><a href=\"https:\/\/www.instagram.com\/grandepremioes\/\"><em>Instagram!<\/em><em><br><\/em><\/a>\u23e9 <strong><em>Adem\u00e1s, tenemos nuestro <\/em><\/strong><a href=\"https:\/\/whatsapp.com\/channel\/0029VaDZ5zb0gcfDxuwxBM05\"><em>canal de Whatsapp<\/em><\/a><strong><em> con toda la informaci\u00f3n al instante<\/em><\/strong> \ud83c\udfc1<\/p>\n\n\n\n<p class=\"wp-block-paragraph\">La F\u00f3rmula 1 regresa el pr\u00f3ximo fin de semana, del 23 al 25 de mayo, con el Gran Premio de M\u00f3naco, que tendr\u00e1 la cobertura de GRANDE PREMIO.&nbsp;<\/p>\n","protected":false},"excerpt":{"rendered":"<p>Aunque alab\u00f3 el ritmo de Ferrari en el Gran Premio de Emilia-Roma\u00f1a de la F\u00f3rmula 1, Lewis Hamilton reiter\u00f3 que el equipo necesita \u00abdesbloquear el rendimiento\u00bb en la clasificaci\u00f3n. <\/p>\n","protected":false},"author":0,"featured_media":1010328421,"comment_status":"closed","ping_status":"closed","sticky":false,"template":"","format":"standard","meta":{"42wp_featured_image_caption":"","42wp_featured_image_credits":"","42wp_featured_video":"","42wp_featured_image_hidden":false,"42wp_authors_list":[],"footnotes":""},"categories":[5],"tags":[10209,185,179,2527,1488,2528,199],"42wp_author":[14237],"class_list":["post-7470","post","type-post","status-publish","format-standard","has-post-thumbnail","hentry","category-f1","tag-circuito-enzo-y-dino-ferrari","tag-ferrari","tag-formula-1","tag-gp-de-emilia-romana","tag-grande-premio","tag-imola-2","tag-lewis-hamilton","42wp_author-gabriel-garcia"],"_links":{"self":[{"href":"https:\/\/grandepremio.com\/es\/wp-json\/wp\/v2\/posts\/7470","targetHints":{"allow":["GET"]}}],"collection":[{"href":"https:\/\/grandepremio.com\/es\/wp-json\/wp\/v2\/posts"}],"about":[{"href":"https:\/\/grandepremio.com\/es\/wp-json\/wp\/v2\/types\/post"}],"replies":[{"embeddable":true,"href":"https:\/\/grandepremio.com\/es\/wp-json\/wp\/v2\/comments?post=7470"}],"version-history":[{"count":0,"href":"https:\/\/grandepremio.com\/es\/wp-json\/wp\/v2\/posts\/7470\/revisions"}],"wp:featuredmedia":[{"embeddable":true,"href":"https:\/\/grandepremio.com\/es\/wp-json\/wp\/v2\/media\/1010328421"}],"wp:attachment":[{"href":"https:\/\/grandepremio.com\/es\/wp-json\/wp\/v2\/media?parent=7470"}],"wp:term":[{"taxonomy":"category","embeddable":true,"href":"https:\/\/grandepremio.com\/es\/wp-json\/wp\/v2\/categories?post=7470"},{"taxonomy":"post_tag","embeddable":true,"href":"https:\/\/grandepremio.com\/es\/wp-json\/wp\/v2\/tags?post=7470"},{"taxonomy":"42wp_author","embeddable":true,"href":"https:\/\/grandepremio.com\/es\/wp-json\/wp\/v2\/42wp_author?post=7470"}],"curies":[{"name":"wp","href":"https:\/\/api.w.org\/{rel}","templated":true}]}}