{"id":7473,"date":"2025-05-18T13:44:29","date_gmt":"2025-05-18T16:44:29","guid":{"rendered":"https:\/\/grandepremio.com\/es\/2025\/05\/18\/norris-dice-2o-puesto-maximo-posibl-imola\/"},"modified":"2025-05-18T13:44:33","modified_gmt":"2025-05-18T16:44:33","slug":"norris-dice-2o-puesto-maximo-posibl-imola","status":"publish","type":"post","link":"https:\/\/grandepremio.com\/es\/f1\/norris-dice-2o-puesto-maximo-posibl-imola\/","title":{"rendered":"Norris dice que el 2\u00ba puesto es lo m\u00e1ximo posible en \u00cdmola: &#8220;Verstappen fue m\u00e1s r\u00e1pido&#8221;"},"content":{"rendered":"\n<p class=\"wp-block-paragraph\"><strong>Lando Norris<\/strong> deb\u00eda recuperarse de una clasificaci\u00f3n en la que se ubic\u00f3 cuarto, incluso detr\u00e1s de <strong>George Russell<\/strong>, y as\u00ed lo pudo hacer en parte, ya que adelant\u00f3 al brit\u00e1nico y a su compa\u00f1ero de equipo, <strong>Oscar Piastri<\/strong>, para acabar segundo como escolta de <strong>Max Verstappen<\/strong> en el <strong>GP de Emilia Roma\u00f1a<\/strong> de la <strong>F\u00f3rmula 1<\/strong>.\u00a0<\/p>\n\n\n\n<p class=\"wp-block-paragraph\">\ud83d\udfe5 <strong><em>\u00a1Todas las novedades te esperan en el canal de <\/em><\/strong><a href=\"https:\/\/www.youtube.com\/@GrandePremioES\"><em>YouTube<\/em><\/a><strong><em> de Grande Pr\u00eamio en Espa\u00f1ol!<\/em><\/strong> \ud83d\udfe8<\/p>\n\n\n\n<p class=\"wp-block-paragraph\">Al final de la carrera, Norris lament\u00f3 no haber podido alcanzar a Verstappen en <strong>\u00cdmola<\/strong>: <strong>\u201cHa sido una carrera larga, dif\u00edcil de adelantar. Hice todo lo que pude, Max hizo una gran carrera. Red Bull trabaj\u00f3 muy bien, eran m\u00e1s r\u00e1pidos y no pudimos alcanzarlos\u201d.<\/strong><\/p>\n\n\n\n<p class=\"wp-block-paragraph\"><strong>\u201cTuve una buena carrera con Oscar, que siempre es tensa pero divertida. Como equipo, segundo y tercero es genial. Por supuesto que me hubiera gustado llevarme la victoria, pero Max ha sido m\u00e1s r\u00e1pido hoy\u201d<\/strong>, a\u00f1adi\u00f3.\u00a0<\/p>\n\n\n\n<p class=\"wp-block-paragraph\">M\u00e1s all\u00e1 de la dificultad de adelantar en el circuito de Imola, consigui\u00f3 hacer grandes maniobras en <strong>Tamburello<\/strong> y <strong>Villeneuve<\/strong>, ambas por el exterior de las curvas. Preguntado al respecto, destac\u00f3 las oportunidades que se le presentaron, especialmente con el piloto de <strong>Mercedes<\/strong>.<\/p>\n\n\n\n<p class=\"wp-block-paragraph\"><strong>\u201cPude ver que George ten\u00eda problemas con los neum\u00e1ticos. Era una situaci\u00f3n que ten\u00eda que aprovechar. Siempre es arriesgado [adelantar por el exterior], lo ideal es no arriesgar tanto. Pero es una carrera, y \u00e9l es un piloto justo. La carrera fue buena, con algunos adelantamientos muy buenos\u201d<\/strong>, concluy\u00f3.<\/p>\n\n\n\n<p class=\"wp-block-paragraph\">\u23e9 <strong><em>\u00a1Seguinos en redes por <\/em><\/strong><a href=\"https:\/\/twitter.com\/grandepremioES\"><em>Twitter <\/em><\/a><strong><em>e <\/em><\/strong><a href=\"https:\/\/www.instagram.com\/grandepremioes\/\"><em>Instagram!<\/em><em><br><\/em><\/a>\u23e9 <strong><em>Adem\u00e1s, tenemos nuestro <\/em><\/strong><a href=\"https:\/\/whatsapp.com\/channel\/0029VaDZ5zb0gcfDxuwxBM05\"><em>canal de Whatsapp<\/em><\/a><strong><em> con toda la informaci\u00f3n al instante<\/em><\/strong> \ud83c\udfc1<\/p>\n\n\n\n<p class=\"wp-block-paragraph\">La F\u00f3rmula 1 regresa el pr\u00f3ximo fin de semana, del 23 al 25 de mayo, con el Gran Premio de M\u00f3naco, que tendr\u00e1 la cobertura de GRANDE PREMIO.<\/p>\n","protected":false},"excerpt":{"rendered":"<p>Lando Norris logr\u00f3 este domingo el segundo puesto en el Gran Premio de Emilia-Roma\u00f1a de la F\u00f3rmula 1. Tras salir cuarto, celebr\u00f3 los adelantamientos, pero lament\u00f3 no poder alcanzar a Max Verstappen.<\/p>\n","protected":false},"author":0,"featured_media":1010328408,"comment_status":"closed","ping_status":"closed","sticky":false,"template":"","format":"standard","meta":{"42wp_featured_image_caption":"","42wp_featured_image_credits":"","42wp_featured_video":"","42wp_featured_image_hidden":false,"42wp_authors_list":[],"footnotes":""},"categories":[5],"tags":[179,253,2527,2528,268,249,197,278,6849,1257],"42wp_author":[14237],"class_list":["post-7473","post","type-post","status-publish","format-standard","has-post-thumbnail","hentry","category-f1","tag-formula-1","tag-george-russell","tag-gp-de-emilia-romana","tag-imola-2","tag-lando-norris","tag-max-verstappen","tag-mercedes","tag-oscar-piastri","tag-tamburello","tag-villeneuve","42wp_author-gabriel-garcia"],"_links":{"self":[{"href":"https:\/\/grandepremio.com\/es\/wp-json\/wp\/v2\/posts\/7473","targetHints":{"allow":["GET"]}}],"collection":[{"href":"https:\/\/grandepremio.com\/es\/wp-json\/wp\/v2\/posts"}],"about":[{"href":"https:\/\/grandepremio.com\/es\/wp-json\/wp\/v2\/types\/post"}],"replies":[{"embeddable":true,"href":"https:\/\/grandepremio.com\/es\/wp-json\/wp\/v2\/comments?post=7473"}],"version-history":[{"count":0,"href":"https:\/\/grandepremio.com\/es\/wp-json\/wp\/v2\/posts\/7473\/revisions"}],"wp:featuredmedia":[{"embeddable":true,"href":"https:\/\/grandepremio.com\/es\/wp-json\/wp\/v2\/media\/1010328408"}],"wp:attachment":[{"href":"https:\/\/grandepremio.com\/es\/wp-json\/wp\/v2\/media?parent=7473"}],"wp:term":[{"taxonomy":"category","embeddable":true,"href":"https:\/\/grandepremio.com\/es\/wp-json\/wp\/v2\/categories?post=7473"},{"taxonomy":"post_tag","embeddable":true,"href":"https:\/\/grandepremio.com\/es\/wp-json\/wp\/v2\/tags?post=7473"},{"taxonomy":"42wp_author","embeddable":true,"href":"https:\/\/grandepremio.com\/es\/wp-json\/wp\/v2\/42wp_author?post=7473"}],"curies":[{"name":"wp","href":"https:\/\/api.w.org\/{rel}","templated":true}]}}