{"id":7474,"date":"2025-05-18T13:00:08","date_gmt":"2025-05-18T16:00:08","guid":{"rendered":"https:\/\/grandepremio.com\/es\/2025\/05\/18\/verstappen-celebra-brillante-ejecucion-imola\/"},"modified":"2025-05-18T13:00:12","modified_gmt":"2025-05-18T16:00:12","slug":"verstappen-celebra-brillante-ejecucion-imola","status":"publish","type":"post","link":"https:\/\/grandepremio.com\/es\/f1\/verstappen-celebra-brillante-ejecucion-imola\/","title":{"rendered":"Verstappen dice que &#8220;la salida no fue genial&#8221; pero celebra &#8220;brillante ejecuci\u00f3n&#8221; en Imola"},"content":{"rendered":"\n<p class=\"wp-block-paragraph\"><strong>Max Verstappen<\/strong> se volvi\u00f3 a imponer a los <strong>McLaren <\/strong>en el <strong>GP de Emilia Roma\u00f1a<\/strong> de este domingo en <strong>\u00cdmola <\/strong>y recort\u00f3 la ventaja en el campeonato de piloto de la <strong>F\u00f3rmula 1<\/strong> que le lleva<strong> Oscar Piastri<\/strong>, que acab\u00f3 tercero, incluso por detr\u00e1s de <strong>Lando Norris<\/strong>.\u00a0<\/p>\n\n\n\n<p class=\"wp-block-paragraph\">\ud83d\udfe5 <strong><em>\u00a1Todas las novedades te esperan en el canal de <\/em><\/strong><a href=\"https:\/\/www.youtube.com\/@GrandePremioES\"><em>YouTube<\/em><\/a><strong><em> de Grande Pr\u00eamio en Espa\u00f1ol!<\/em><\/strong> \ud83d\udfe8<\/p>\n\n\n\n<p class=\"wp-block-paragraph\">Si bien le gan\u00f3 la posici\u00f3n al australiano en la largada, el piloto de<strong> Red Bull<\/strong> dijo que no hab\u00eda pensado hacerlo de esa manera, pero que aprovech\u00f3 la situaci\u00f3n y se apoy\u00f3 en el gran rendimiento del coche para asegurarse la victoria. Tras esto, domin\u00f3 a pesar de dos neutralizaciones y nadie pudo alcanzarlo.\u00a0<\/p>\n\n\n\n<p class=\"wp-block-paragraph\">Verstappen, por su parte, agradeci\u00f3 al equipo el trabajo realizado durante el fin de semana al cabo de la carrera: <strong>\u201cBrillante fin de semana. Brillante ejecuci\u00f3n. \u00a1Muchas gracias! \u00a1Y por nuestra carrera n\u00famero 400! Fue un s\u00e1bado y un domingo muy fuertes. Bien merecido. Gran trabajo\u201d.\u00a0<\/strong><\/p>\n\n\n\n<p class=\"wp-block-paragraph\">A continuaci\u00f3n, entrevistado justo despu\u00e9s de bajarse del coche, Max revel\u00f3 que la salida no hab\u00eda ido seg\u00fan lo previsto: <strong>&#8220;La salida en s\u00ed no fue particularmente buena, pero a\u00fan as\u00ed consegu\u00ed la l\u00ednea exterior, la l\u00ednea normal, as\u00ed que fue algo as\u00ed como: &#8216;bueno, probar\u00e9 por fuera&#8217;. Y funcion\u00f3 muy bien<\/strong>. <strong>Por supuesto, liber\u00f3 nuestro ritmo, porque est\u00e1bamos en cabeza, el coche era bueno. Pude cuidar mis neum\u00e1ticos. Fue una gran mejora respecto al viernes, as\u00ed que estoy muy contento con eso&#8221;.<\/strong><\/p>\n\n\n\n<p class=\"wp-block-paragraph\"><strong>\u201cEl coche de seguridad virtual fue muy \u00fatil para hacer la parada. Incluso entonces, con el compuesto duro, nuestro ritmo era fuerte, pero luego hubo otro coche de seguridad, por lo que el pelot\u00f3n se mantuvo junto una vez m\u00e1s. Pero en la reanudaci\u00f3n, lo hemos manejado todo muy bien y nos lo hemos llevado a casa\u201d<\/strong>, a\u00f1adi\u00f3 el compa\u00f1ero de <strong>Yuki Tsunoda<\/strong>.\u00a0<\/p>\n\n\n\n<p class=\"wp-block-paragraph\">Por \u00faltimo, Max expres\u00f3 su orgullo por el trabajo del equipo en un fin de semana importante para la marca energ\u00e9tica:<strong> \u201cEstoy incre\u00edblemente orgulloso de todos. Ha sido una semana muy importante para nosotros. El coche ha funcionado muy bien. Adem\u00e1s, creo que la ejecuci\u00f3n de toda la carrera -cu\u00e1ndo parar y las propias paradas en boxes- fue muy buena\u201d.<\/strong><\/p>\n\n\n\n<p class=\"wp-block-paragraph\">\u23e9 <strong><em>\u00a1Seguinos en redes por <\/em><\/strong><a href=\"https:\/\/twitter.com\/grandepremioES\"><em>Twitter <\/em><\/a><strong><em>e <\/em><\/strong><a href=\"https:\/\/www.instagram.com\/grandepremioes\/\"><em>Instagram!<\/em><em><br><\/em><\/a>\u23e9 <strong><em>Adem\u00e1s, tenemos nuestro <\/em><\/strong><a href=\"https:\/\/whatsapp.com\/channel\/0029VaDZ5zb0gcfDxuwxBM05\"><em>canal de Whatsapp<\/em><\/a><strong><em> con toda la informaci\u00f3n al instante<\/em><\/strong> \ud83c\udfc1<\/p>\n\n\n\n<p class=\"wp-block-paragraph\">La F\u00f3rmula 1 regresa el pr\u00f3ximo fin de semana, del 23 al 25 de mayo, con el Gran Premio de M\u00f3naco, cobertura completa de GRANDE PREMIO.<\/p>\n","protected":false},"excerpt":{"rendered":"<p>Max Verstappen celebr\u00f3 la mejora del coche durante el fin de semana en Imola y se\u00f1al\u00f3 el preciso trabajo en boxes de Red Bull como la clave del fin de semana del Gran Premio de la Emilia Roma\u00f1a, que termin\u00f3 de la mejor manera con su segunda victoria de 2025. <\/p>\n","protected":false},"author":0,"featured_media":1010328401,"comment_status":"closed","ping_status":"closed","sticky":false,"template":"","format":"standard","meta":{"42wp_featured_image_caption":"","42wp_featured_image_credits":"","42wp_featured_video":"","42wp_featured_image_hidden":false,"42wp_authors_list":[],"footnotes":""},"categories":[5],"tags":[179,2527,2528,268,249,269,278,206,368],"42wp_author":[14237],"class_list":["post-7474","post","type-post","status-publish","format-standard","has-post-thumbnail","hentry","category-f1","tag-formula-1","tag-gp-de-emilia-romana","tag-imola-2","tag-lando-norris","tag-max-verstappen","tag-mclaren","tag-oscar-piastri","tag-red-bull","tag-yuki-tsunoda","42wp_author-gabriel-garcia"],"_links":{"self":[{"href":"https:\/\/grandepremio.com\/es\/wp-json\/wp\/v2\/posts\/7474","targetHints":{"allow":["GET"]}}],"collection":[{"href":"https:\/\/grandepremio.com\/es\/wp-json\/wp\/v2\/posts"}],"about":[{"href":"https:\/\/grandepremio.com\/es\/wp-json\/wp\/v2\/types\/post"}],"replies":[{"embeddable":true,"href":"https:\/\/grandepremio.com\/es\/wp-json\/wp\/v2\/comments?post=7474"}],"version-history":[{"count":0,"href":"https:\/\/grandepremio.com\/es\/wp-json\/wp\/v2\/posts\/7474\/revisions"}],"wp:featuredmedia":[{"embeddable":true,"href":"https:\/\/grandepremio.com\/es\/wp-json\/wp\/v2\/media\/1010328401"}],"wp:attachment":[{"href":"https:\/\/grandepremio.com\/es\/wp-json\/wp\/v2\/media?parent=7474"}],"wp:term":[{"taxonomy":"category","embeddable":true,"href":"https:\/\/grandepremio.com\/es\/wp-json\/wp\/v2\/categories?post=7474"},{"taxonomy":"post_tag","embeddable":true,"href":"https:\/\/grandepremio.com\/es\/wp-json\/wp\/v2\/tags?post=7474"},{"taxonomy":"42wp_author","embeddable":true,"href":"https:\/\/grandepremio.com\/es\/wp-json\/wp\/v2\/42wp_author?post=7474"}],"curies":[{"name":"wp","href":"https:\/\/api.w.org\/{rel}","templated":true}]}}