{"id":7482,"date":"2025-05-17T19:22:10","date_gmt":"2025-05-17T22:22:10","guid":{"rendered":"https:\/\/grandepremio.com\/es\/2025\/05\/17\/palou-pole-provisional-indy-500-veeka-marco-andretti\/"},"modified":"2025-05-17T19:22:14","modified_gmt":"2025-05-17T22:22:14","slug":"palou-pole-provisional-indy-500-veeka-marco-andretti","status":"publish","type":"post","link":"https:\/\/grandepremio.com\/es\/indy\/palou-pole-provisional-indy-500-veeka-marco-andretti\/","title":{"rendered":"Palou logra la pole provisional para Indy 500; Veekay y Marco Andretti, al Bump Day"},"content":{"rendered":"\n<p class=\"wp-block-paragraph\">El campe\u00f3n y el l\u00edder del certamen de la <strong>Indy 2025<\/strong>, <strong>\u00c1lex Palou<\/strong>, marc\u00f3 el mejor tiempo en la clasificaci\u00f3n general de las <strong>500 Millas de Indianapolis<\/strong> y parte como el principal candidato a asegurar la mejor posici\u00f3n de salida para la carrera del domingo venidero.\u00a0<\/p>\n\n\n\n<p class=\"wp-block-paragraph\">\ud83d\udfe5 <strong><em>\u00a1Todas las novedades te esperan en el canal de <\/em><\/strong><a href=\"https:\/\/www.youtube.com\/@GrandePremioES\"><em>YouTube<\/em><\/a><strong><em> de Grande Pr\u00eamio en Espa\u00f1ol!<\/em><\/strong> \ud83d\udfe8<\/p>\n\n\n\n<p class=\"wp-block-paragraph\">Palou complet\u00f3 el promedio de velocidad por encima de las 233 millas por hora para sus cuatro vueltas y va por su segunda pole en el evento en la jornada de ma\u00f1ana. <strong>Scott McLaughlin<\/strong> y <strong>Josef Newgarden<\/strong>, de <strong>Penske<\/strong>, escoltaron al de <strong>Ganassi <\/strong>a una corta distancia, siendo los tres pilotos que estuvieron con el promedio por encima de las 233 mp\/h.\u00a0<\/p>\n\n\n\n<p class=\"wp-block-paragraph\">A<strong> Patricio O\u2019Ward<\/strong> le jug\u00f3 a favor haber salido entre los primeros y se garantiz\u00f3 un lugar en el <strong>Fast 12<\/strong> en cuarta plaza, delante de <strong>Scott Dixon<\/strong> y de la sorpresa del d\u00eda, que fue el Prema de <strong>Robert Shwartzman<\/strong>. Adem\u00e1s, disputar\u00e1n la pole <strong>David Malukas<\/strong>, F\u00e9lix Rosenqvist; Takuma Sato; <strong>Will Power<\/strong>; Marcus Ericsson y Christian Lundgaard, que se clasific\u00f3 con un intento en los minutos finales.\u00a0<\/p>\n\n\n\n<figure class=\"wp-block-embed is-type-video is-provider-youtube wp-block-embed-youtube wp-embed-aspect-16-9 wp-has-aspect-ratio\"><div class=\"wp-block-embed__wrapper\">\n<iframe loading=\"lazy\" title=\"GP DE EMILIA ROMA\u00d1A 2025-LA PREVIA\" width=\"500\" height=\"281\" src=\"https:\/\/www.youtube.com\/embed\/x3xTBXBAiOM?feature=oembed\" frameborder=\"0\" allow=\"accelerometer; autoplay; clipboard-write; encrypted-media; gyroscope; picture-in-picture; web-share\" referrerpolicy=\"strict-origin-when-cross-origin\" allowfullscreen><\/iframe>\n<\/div><\/figure>\n\n\n\n<p class=\"wp-block-paragraph\"><strong>Colton Herta<\/strong> protagoniz\u00f3 un fuert\u00edsimo accidente, en el que se golpe\u00f3 contra el muro, volc\u00f3 y pudo volver a pista a clasificar y tomar\u00e1 parte de la largada en el 29\u00b0 puesto. <strong>Conor Daly<\/strong> fue el \u00faltimo en poder salir a la pista y casi clasific\u00f3 al<strong> Juncos Hollinger Racing<\/strong> al Fast 12, pero se qued\u00f3 muy corto en el 13\u00b0 lugar.<\/p>\n\n\n\n<p class=\"wp-block-paragraph\">Por \u00faltimo, y a pesar de varios intentos de salir a pista para mejorar el tiempo, <strong>Rinus Veekay<\/strong> y <strong>Marco Andretti<\/strong> no pudieron meterse dentro de los 30 mejores y deber\u00e1n pasar ma\u00f1ana por la sesi\u00f3n de Bump Day junto a <strong>Jacob Abel<\/strong> y <strong>Marcus Armstrong<\/strong>, que se accident\u00f3 en el entrenamiento de la ma\u00f1ana.\u00a0<\/p>\n\n\n\n<p class=\"wp-block-paragraph\">\u23e9 <strong><em>\u00a1Seguinos en redes por <\/em><\/strong><a href=\"https:\/\/twitter.com\/grandepremioES\"><em>Twitter <\/em><\/a><strong><em>e <\/em><\/strong><a href=\"https:\/\/www.instagram.com\/grandepremioes\/\"><em>Instagram!<\/em><em><br><\/em><\/a>\u23e9 <strong><em>Adem\u00e1s, tenemos nuestro <\/em><\/strong><a href=\"https:\/\/whatsapp.com\/channel\/0029VaDZ5zb0gcfDxuwxBM05\"><em>canal de Whatsapp<\/em><\/a><strong><em> con toda la informaci\u00f3n al instante<\/em><\/strong> \ud83c\udfc1<\/p>\n\n\n\n<p class=\"wp-block-paragraph\">La IndyCar volver\u00e1 a pista ma\u00f1ana, desde las 14:00, hora de Brasilia y Buenos Aires, con un entrenamiento del top 12, en tanto que el Fast 12 comenzar\u00e1 a las 17:05. Cobertura de GRANDE PREMIO.<\/p>\n","protected":false},"excerpt":{"rendered":"<p>\u00c1lex Palou sigue confirmando su candidatura a ganar las 500 millas de Indianapolis con la pole provisional tras el primer d\u00eda de clasificaci\u00f3n, mientras que Rinus Veekay y Marco Andretti ser\u00e1n dos de los cuatro pilotos que deber\u00e1n pasar por el Bump Day, y uno no participar\u00e1 de la carrera. <\/p>\n","protected":false},"author":0,"featured_media":1010328325,"comment_status":"closed","ping_status":"closed","sticky":false,"template":"","format":"standard","meta":{"42wp_featured_image_caption":"","42wp_featured_image_credits":"","42wp_featured_video":"","42wp_featured_image_hidden":false,"42wp_authors_list":[],"footnotes":""},"categories":[7],"tags":[7555,1667,736,2742,2829,10561,987,10163,6000,866,3508,596,258,7300,1108,2650,369,973,1783,735],"42wp_author":[14237],"class_list":["post-7482","post","type-post","status-publish","format-standard","has-post-thumbnail","hentry","category-indy","tag-500-millas-de-indianapolis-2","tag-alex-palou-2","tag-colton-herta","tag-conor-daly","tag-david-malukas","tag-fast-12","tag-ganassi","tag-indy-2025","tag-jacob-abel","tag-josef-newgarden","tag-juncos-hollinger-racing","tag-marco-andretti","tag-marcus-armstrong","tag-patricio-oward-2","tag-penske","tag-rinus-veekay","tag-robert-shwartzman","tag-scott-dixon","tag-scott-mclaughlin","tag-will-power","42wp_author-gabriel-garcia"],"_links":{"self":[{"href":"https:\/\/grandepremio.com\/es\/wp-json\/wp\/v2\/posts\/7482","targetHints":{"allow":["GET"]}}],"collection":[{"href":"https:\/\/grandepremio.com\/es\/wp-json\/wp\/v2\/posts"}],"about":[{"href":"https:\/\/grandepremio.com\/es\/wp-json\/wp\/v2\/types\/post"}],"replies":[{"embeddable":true,"href":"https:\/\/grandepremio.com\/es\/wp-json\/wp\/v2\/comments?post=7482"}],"version-history":[{"count":0,"href":"https:\/\/grandepremio.com\/es\/wp-json\/wp\/v2\/posts\/7482\/revisions"}],"wp:featuredmedia":[{"embeddable":true,"href":"https:\/\/grandepremio.com\/es\/wp-json\/wp\/v2\/media\/1010328325"}],"wp:attachment":[{"href":"https:\/\/grandepremio.com\/es\/wp-json\/wp\/v2\/media?parent=7482"}],"wp:term":[{"taxonomy":"category","embeddable":true,"href":"https:\/\/grandepremio.com\/es\/wp-json\/wp\/v2\/categories?post=7482"},{"taxonomy":"post_tag","embeddable":true,"href":"https:\/\/grandepremio.com\/es\/wp-json\/wp\/v2\/tags?post=7482"},{"taxonomy":"42wp_author","embeddable":true,"href":"https:\/\/grandepremio.com\/es\/wp-json\/wp\/v2\/42wp_author?post=7482"}],"curies":[{"name":"wp","href":"https:\/\/api.w.org\/{rel}","templated":true}]}}