{"id":7484,"date":"2025-05-17T17:11:15","date_gmt":"2025-05-17T20:11:15","guid":{"rendered":"https:\/\/grandepremio.com\/es\/2025\/05\/17\/cinco-claves-clasificacion-franco-colapinto-imola-formula-1-2025\/"},"modified":"2025-05-17T17:15:40","modified_gmt":"2025-05-17T20:15:40","slug":"cinco-claves-clasificacion-franco-colapinto-imola-formula-1-2025","status":"publish","type":"post","link":"https:\/\/grandepremio.com\/es\/f1\/cinco-claves-clasificacion-franco-colapinto-imola-formula-1-2025\/","title":{"rendered":"Las cinco claves de la clasificaci\u00f3n del GP de Emilia Roma\u00f1a de la F\u00f3rmula 1 2025"},"content":{"rendered":"\n<p class=\"wp-block-paragraph\">En el circuito <strong>Enzo &amp; Dino Ferrari<\/strong>, de la ciudad de <strong>\u00cdmola<\/strong>, la<strong> F\u00f3rmula 1<\/strong> disputa el <strong>GP de Emilia Roma\u00f1a,<\/strong> s\u00e9ptima fecha de la <strong>temporada 2025<\/strong>. Y en esta pista, <strong><a href=\"https:\/\/grandepremio.com\/es\/f1\/oscar-piastri-mclaren-pole-imola-formula-1-2025\/\">Oscar Piastri conquist\u00f3 la pole position con McLaren<\/a><\/strong><a href=\"https:\/\/grandepremio.com\/es\/f1\/max-verstappen-pole-miami-formula-1-2025\/\"><strong>.<\/strong><\/a> El australiano aventaj\u00f3 por solo 0s034 al <strong>Red Bull de Max Verstappen y por 0s137 al Mercedes de George Russell. <\/strong><\/p>\n\n\n\n<p class=\"wp-block-paragraph\">Luego de dominar en los tres entrenamientos, quienes surg\u00edan como candidatos a llevarse la pole eran el propio Piastri y <strong>Lando Norris. <\/strong>Sin embargo, la Q1 fue propiedad de Verstappen, una sesi\u00f3n que tuvo grandes accidentes de <strong>Yuki Tsunoda y Franco Colapinto<\/strong>, y luego en Q2 el que apareci\u00f3 al frente fue <strong>Carlos Sainz<\/strong>, de <strong>Williams.<\/strong> Para el desenlace, Piastri volvi\u00f3 a los primeros planos para llevarse la pole, a\u00fan con tr\u00e1fico en la \u00faltima vuelta, y por delante de Verstappen. Tercero, y con neum\u00e1ticos medios, termin\u00f3 Russell.<\/p>\n\n\n\n<p class=\"wp-block-paragraph\">M\u00e1s atr\u00e1s en el clasificador<strong>, Lando Norris\u00a0<\/strong>estuvo err\u00e1tico en su intento final de Q3 y fue cuarto, por delante de un sorprendente<strong>\u00a0Aston Martin\u00a0<\/strong>de\u00a0<strong>Fernando Alonso<\/strong>, que logr\u00f3 su mejor tiempo tambi\u00e9n con goma media. Luego se ubic\u00f3 la dupla de\u00a0<strong>Williams<\/strong>, con<strong>\u00a0Carlos Sainz<\/strong>\u00a0en el sexto puesto y\u00a0<strong>Alex Albon<\/strong>\u00a0en el s\u00e9ptimo, mientras que\u00a0<strong>Lance Stroll (Aston Martin), Isack Hadjar (Racing Bulls) y Pierre Gasly (Alpine)\u00a0<\/strong>completaron los diez primeros lugares. Ya fuera del top-10,\u00a0<strong>Ferrari\u00a0<\/strong>ubic\u00f3 a<strong>\u00a0Charles Leclerc\u00a0<\/strong>en la posici\u00f3n 11\u00b0 y a\u00a0<strong>Lewis Hamilton<\/strong>\u00a0en la colocaci\u00f3n 12\u00b0.<\/p>\n\n\n\n<p class=\"wp-block-paragraph\"><strong><em>\u00a1Todas las novedades te esperan en el canal de&nbsp;<a href=\"https:\/\/www.youtube.com\/@GrandePremioES\" target=\"_blank\" rel=\"noreferrer noopener\">YouTube<\/a>&nbsp;de Grande Pr\u00eamio en Espa\u00f1ol!<\/em><\/strong><\/p>\n\n\n\n<figure class=\"wp-block-video\"><video class=\"video-js vjs-big-play-centered\" data-gp-vjs=\"1\" controls src=\"https:\/\/grandepremio.com\/es\/wp-content\/uploads\/2025\/05\/ssstwitter.com_1747492720977.mp4\"><\/video><figcaption class=\"wp-element-caption\">Franco Colapinto sufri\u00f3 un accidente en el final de la Q1 del GP de Emilia-Roma\u00f1a (Video: Reproducci\u00f3n \/ Disney+ Latinoam\u00e9rica)<\/figcaption><\/figure>\n\n\n\n<p class=\"wp-block-paragraph\"><strong><em>\u00a1Seguinos en redes por&nbsp;<a href=\"https:\/\/twitter.com\/grandepremioES\" target=\"_blank\" rel=\"noreferrer noopener\">Twitter&nbsp;<\/a>e&nbsp;<a href=\"https:\/\/www.instagram.com\/grandepremioes\/\" target=\"_blank\" rel=\"noreferrer noopener\">Instagram!<\/a><\/em><\/strong><br><strong><em>Adem\u00e1s, tenemos nuestro&nbsp;<a href=\"https:\/\/whatsapp.com\/channel\/0029VaDZ5zb0gcfDxuwxBM05\" target=\"_blank\" rel=\"noreferrer noopener\">canal de Whatsapp<\/a>&nbsp;con toda la informaci\u00f3n al instante<\/em><\/strong><\/p>\n\n\n\n<p class=\"wp-block-paragraph\"><strong>Completada la segunda jornada, listamos las cinco claves de la clasificaci\u00f3n del GP de Emilia Roma\u00f1a:<\/strong><\/p>\n\n\n\n<p class=\"wp-block-paragraph\"><strong>Piastri<\/strong>, <strong>siempre firme<\/strong><\/p>\n\n\n\n<p class=\"wp-block-paragraph\">Sus tres victorias consecutivas y haber liderado las dos tandas de entrenamientos del viernes tra\u00edan aparejada la posibilidad de que Oscar Piastri tambi\u00e9n fuera el n\u00famero puesto para la pole position. No obstante, si bien la Q1 qued\u00f3 con Max Verstappen al frente y la Q2 por Carlos Sainz, esta sesi\u00f3n dej\u00f3 en evidencia que el australiano tambi\u00e9n puede guardarse lo mejor para final y ser preciso y eficaz en los momentos claves como en la Q3, incluso sobrellevando algo de tr\u00e1fico en el \u00faltimo sector de su mejor registro.<\/p>\n\n\n\n<p class=\"wp-block-paragraph\"><strong>Verstappen<\/strong>,<strong> m\u00e1s fuerte<\/strong><\/p>\n\n\n\n<p class=\"wp-block-paragraph\">Del viernes para el s\u00e1bado, Red Bull exhibi\u00f3 una mejora, y de este modo, Max Verstappen volvi\u00f3 a estar m\u00e1s competitivo para disputar la pole. Y si bien al portar el nuevo neum\u00e1tico C6 mostr\u00f3 desgaste y falta de adherencia en el \u00faltimo sector de su vuelta r\u00e1pida, el neerland\u00e9s logr\u00f3 asegurarse un lugar en la primera fila para el domingo. Ya fuera de las pistas, <a href=\"https:\/\/grandepremio.com\/es\/f1\/max-verstappen-sin-intencion-dejar-red-bull-formula-1-2025\/\">tambi\u00e9n cobr\u00f3 relevancia su compromiso para continuar en Red Bull en 2026<\/a>, una decisi\u00f3n que contribuir\u00e1 positivamente en el ambiente del equipo y en mejorar el RB21 para las pr\u00f3ximas carreras.<\/p>\n\n\n\n<p class=\"wp-block-paragraph\"><strong>\u00bfEl resurgimiento de Alonso?<\/strong><\/p>\n\n\n\n<p class=\"wp-block-paragraph\">Bicampe\u00f3n de F\u00f3rmula 1, el arranque de temporada fue para el olvido para Fernando Alonso, sin ning\u00fan punto sumado en las seis primeras competencias a bordo del Aston Martin. Sin embargo, por medio de la estrategia, y una novedosa t\u00e1ctica de clasificar en Q3 con neum\u00e1tico medio, el espa\u00f1ol consigui\u00f3 el quinto lugar de largada para el GP de Emilia Roma\u00f1a, un circuito donde son muy dif\u00edciles las chances de sobrepaso. \u00bfSe vienen los primeros puntos para el Alonso en la F1 2025?\u00a0<\/p>\n\n\n\n<p class=\"wp-block-paragraph\"><strong>Ferrari, perdido en su casa<\/strong><\/p>\n\n\n\n<p class=\"wp-block-paragraph\">En el circuito Enzo e Dino Ferrari, a 80 kil\u00f3metros de la f\u00e1brica de Maranello, Ferrari otra vez fue un equipo perdido. Despu\u00e9s de un viernes donde Charles Leclerc sobre todo estuvo muy inc\u00f3modo con la conducci\u00f3n, este s\u00e1bado el panorama fue de decepci\u00f3n entre los tifosi, al ver al monegasco y a Lewis Hamilton eliminados en la Q2. Con cierto riesgo de quedar fuera de los puntos, las prometidas actualizaciones para esta carrera por ahora brillaron por su ausencia.&nbsp;<\/p>\n\n\n\n<p class=\"wp-block-paragraph\"><strong>Colapinto y un retorno accidentado<\/strong><\/p>\n\n\n\n<p class=\"wp-block-paragraph\">En su regreso a la parrilla de la F\u00f3rmula 1 tras reemplazar a Jack Doohan en Alpine, Franco Colapinto tuvo una clasificaci\u00f3n semiamarga. Porque si bien su proceso de adaptaci\u00f3n al A525 ven\u00eda llev\u00e1ndose a cabo de forma paulatina y firme, la clasificaci\u00f3n encontr\u00f3 al argentino por primera vez en el muro. Como \u00fanico dato positivo, logr\u00f3 pasar a la Q2 aunque sin poder disputarla por tener el auto roto, aunque una penalizaci\u00f3n por haber sido liberado del box durante una bandera roja provoc\u00f3 una sanci\u00f3n de una posici\u00f3n y que largue 16\u00b0 en el GP de Emilia Roma\u00f1a.<\/p>\n\n\n\n<p class=\"wp-block-paragraph\"><\/p>\n","protected":false},"excerpt":{"rendered":"<p>\u00bfCu\u00e1les fueron las cinco claves que dej\u00f3 la clasificaci\u00f3n del GP de Emilia Roma\u00f1a de la F\u00f3rmula 1 2025?<\/p>\n","protected":false},"author":0,"featured_media":1010328310,"comment_status":"closed","ping_status":"closed","sticky":false,"template":"","format":"standard","meta":{"42wp_featured_image_caption":"","42wp_featured_image_credits":"","42wp_featured_video":"","42wp_featured_image_hidden":false,"42wp_authors_list":[],"footnotes":""},"categories":[5],"tags":[12370,678,302,181,1710,185,179,814,2527,268,249,269,278,206,204],"42wp_author":[14223],"class_list":["post-7484","post","type-post","status-publish","format-standard","has-post-thumbnail","hentry","category-f1","tag-5-claves-gp-de-emilia-romana","tag-alpine","tag-carlos-sainz","tag-f1","tag-f1-2025","tag-ferrari","tag-formula-1","tag-franco-colapinto","tag-gp-de-emilia-romana","tag-lando-norris","tag-max-verstappen","tag-mclaren","tag-oscar-piastri","tag-red-bull","tag-williams","42wp_author-esteban-nieto"],"_links":{"self":[{"href":"https:\/\/grandepremio.com\/es\/wp-json\/wp\/v2\/posts\/7484","targetHints":{"allow":["GET"]}}],"collection":[{"href":"https:\/\/grandepremio.com\/es\/wp-json\/wp\/v2\/posts"}],"about":[{"href":"https:\/\/grandepremio.com\/es\/wp-json\/wp\/v2\/types\/post"}],"replies":[{"embeddable":true,"href":"https:\/\/grandepremio.com\/es\/wp-json\/wp\/v2\/comments?post=7484"}],"version-history":[{"count":0,"href":"https:\/\/grandepremio.com\/es\/wp-json\/wp\/v2\/posts\/7484\/revisions"}],"wp:featuredmedia":[{"embeddable":true,"href":"https:\/\/grandepremio.com\/es\/wp-json\/wp\/v2\/media\/1010328310"}],"wp:attachment":[{"href":"https:\/\/grandepremio.com\/es\/wp-json\/wp\/v2\/media?parent=7484"}],"wp:term":[{"taxonomy":"category","embeddable":true,"href":"https:\/\/grandepremio.com\/es\/wp-json\/wp\/v2\/categories?post=7484"},{"taxonomy":"post_tag","embeddable":true,"href":"https:\/\/grandepremio.com\/es\/wp-json\/wp\/v2\/tags?post=7484"},{"taxonomy":"42wp_author","embeddable":true,"href":"https:\/\/grandepremio.com\/es\/wp-json\/wp\/v2\/42wp_author?post=7484"}],"curies":[{"name":"wp","href":"https:\/\/api.w.org\/{rel}","templated":true}]}}