{"id":7485,"date":"2025-05-17T17:00:14","date_gmt":"2025-05-17T20:00:14","guid":{"rendered":"https:\/\/grandepremio.com\/es\/2025\/05\/17\/mercedes-habla-sentimientos-mixtos-actuaciones-russell-antonelli-imola\/"},"modified":"2025-05-17T17:00:19","modified_gmt":"2025-05-17T20:00:19","slug":"mercedes-habla-sentimientos-mixtos-actuaciones-russell-antonelli-imola","status":"publish","type":"post","link":"https:\/\/grandepremio.com\/es\/f1\/mercedes-habla-sentimientos-mixtos-actuaciones-russell-antonelli-imola\/","title":{"rendered":"Mercedes habla de \u00absentimientos mixtos\u00bb sobre actuaciones de Russell y Antonelli"},"content":{"rendered":"\n<p class=\"wp-block-paragraph\">En ausencia de <strong>Toto Wolff<\/strong>, fue <strong>Bradley Lord<\/strong> quien asumi\u00f3 el papel de representante del equipo y habl\u00f3 de sus impresiones sobre la sesi\u00f3n de clasificaci\u00f3n del <strong>Gran Premio de Emilia-Roma\u00f1a<\/strong>, celebrada el s\u00e1bado. Elogi\u00f3 la \u00abimpresionante\u00bb vuelta de <strong>George Russell<\/strong> en la lucha por la pole y apoy\u00f3 a <strong>Andrea Kimi Antonelli<\/strong>, que tuvo un d\u00eda mucho m\u00e1s dif\u00edcil y se qued\u00f3 por el camino en la Q2.<\/p>\n\n\n\n<p class=\"wp-block-paragraph\">Con una vuelta r\u00e1pida de <strong>1min14s807 <\/strong>en la Q3, el brit\u00e1nico del #63 fue s\u00f3lo 0s137 m\u00e1s lento que el poleman <strong>Oscar Piastri<\/strong> y tuvo que conformarse con el tercer puesto de la parrilla, por detr\u00e1s del <strong>Red Bull<\/strong> de <strong>Max Verstappen<\/strong>. El novato del #12, por su parte, marc\u00f3 <strong>1min15s772<\/strong> y se despidi\u00f3 pronto, a\u00fan en la segunda fase, al colocar el W16 en 13\u00aa posici\u00f3n &#8211; justo por detr\u00e1s de <strong>Charles Leclerc<\/strong> y <strong>Lewis Hamilton<\/strong>, el d\u00fao de <strong>Ferrari<\/strong>.<\/p>\n\n\n\n<p class=\"wp-block-paragraph\">\u00abTenemos sentimientos encontrados tras la clasificaci\u00f3n de hoy. George ha tenido una sesi\u00f3n tranquila y una \u00faltima vuelta impresionante con el neum\u00e1tico medio para conseguir el tercer puesto. Sin la vuelta comprometida, y por lo tanto con neum\u00e1ticos m\u00e1s frescos en las primeras curvas, podr\u00eda haber luchado por la pole\u00bb, dijo Lord en un comunicado de Mercedes.<\/p>\n\n\n\n<p class=\"wp-block-paragraph\">\u00abLlegamos a la calificaci\u00f3n creyendo que el neum\u00e1tico medio ser\u00eda una opci\u00f3n viable para la Q3, y el rendimiento del <strong>Aston Martin<\/strong> en la Q2 confirm\u00f3 que era el camino correcto a seguir, con George sacando el m\u00e1ximo provecho de ello\u00bb, continu\u00f3, antes de hablar espec\u00edficamente de Antonelli.<\/p>\n\n\n\n<p class=\"wp-block-paragraph\">\ud83d\udfe5\u00a0<strong><em>\u00a1Todas las novedades te esperan en el canal de\u00a0<\/em><\/strong><a href=\"https:\/\/www.youtube.com\/@GrandePremioES\"><em>YouTube<\/em><\/a><strong><em>\u00a0de Grande Pr\u00eamio en Espa\u00f1ol!<\/em><\/strong>\u00a0\ud83d\udfe8<\/p>\n\n\n\n<figure class=\"wp-block-image size-large\"><img decoding=\"async\" src=\"https:\/\/grandepremio.com\/es\/wp-content\/uploads\/2025\/05\/GrFJrIOWgAACpM3-1024x768.jpeg\" alt=\"\" class=\"wp-image-327886\"\/><figcaption class=\"wp-element-caption\">Bradley Lord lament\u00f3 error en la puesta a punto en el coche de Antonelli. (Foto: McLaren)<\/figcaption><\/figure>\n\n\n\n<p class=\"wp-block-paragraph\">\u23e9\u00a0<strong><em>\u00a1Seguinos en redes por\u00a0<\/em><\/strong><a href=\"https:\/\/twitter.com\/grandepremioES\"><em>Twitter\u00a0<\/em><\/a><strong><em>e\u00a0<\/em><\/strong><a href=\"https:\/\/www.instagram.com\/grandepremioes\/\"><em>Instagram!<br><\/em><\/a>\u23e9\u00a0<strong><em>Adem\u00e1s, tenemos nuestro\u00a0<\/em><\/strong><a href=\"https:\/\/whatsapp.com\/channel\/0029VaDZ5zb0gcfDxuwxBM05\"><em>canal de Whatsapp<\/em><\/a><strong><em>\u00a0con toda la informaci\u00f3n al instante<\/em><\/strong>\u00a0\ud83c\udfc1<\/p>\n\n\n\n<p class=\"wp-block-paragraph\">\u00abPara Kimi, la sesi\u00f3n ha sido m\u00e1s complicada. Nunca consigui\u00f3 el agarre que quer\u00eda de los neum\u00e1ticos y tambi\u00e9n perdi\u00f3 un poco en las rectas debido a una configuraci\u00f3n con un poco m\u00e1s de carga aerodin\u00e1mica que la de George &#8211; sin hacer las ganancias esperadas en las curvas. Fue dif\u00edcil para \u00e9l aceptar salir 13\u00ba en su primera carrera en casa, pero siempre decimos que son estos momentos dif\u00edciles los que traen las mayores lecciones, y no hay duda de que esto tambi\u00e9n ser\u00e1 cierto para Kimi. Todo forma parte de la curva de aprendizaje de su primera temporada. Lo positivo es que su ritmo de carrera fue muy fuerte en la FP2, as\u00ed que podemos esperar que gane posiciones en carrera\u00bb, se\u00f1al\u00f3.<\/p>\n\n\n\n<p class=\"wp-block-paragraph\">\u00abTradicionalmente, Imola es una carrera a una sola parada debido al considerable tiempo que se pierde en el pit-lane, pero los compuestos m\u00e1s blandos de este a\u00f1o hacen que eso sea menos seguro para la ronda de ma\u00f1ana. Haremos las simulaciones esta noche para ver d\u00f3nde tenemos oportunidades de progresar, y la carrera ser\u00e1 una buena indicaci\u00f3n de cu\u00e1nto hemos progresado en la gesti\u00f3n de la temperatura de los neum\u00e1ticos en tandas largas\u00bb, concluy\u00f3 el representante de Mercedes.<\/p>\n\n\n\n<p class=\"wp-block-paragraph\">La&nbsp;<strong><a href=\"https:\/\/es.grandepremio.com\/f1\/\" target=\"_blank\" rel=\"noreferrer noopener\"><\/a><a href=\"https:\/\/es.grandepremio.com\/f1\/\" target=\"_blank\" rel=\"noreferrer noopener\"><\/a><a href=\"https:\/\/es.grandepremio.com\/f1\/\" target=\"_blank\" rel=\"noreferrer noopener\"><\/a><a href=\"https:\/\/es.grandepremio.com\/f1\/\" target=\"_blank\" rel=\"noreferrer noopener\"><\/a><a href=\"https:\/\/es.grandepremio.com\/f1\/\" target=\"_blank\" rel=\"noreferrer noopener\"><\/a><a href=\"https:\/\/es.grandepremio.com\/f1\/\" target=\"_blank\" rel=\"noreferrer noopener\"><\/a><a href=\"https:\/\/es.grandepremio.com\/f1\/\" target=\"_blank\" rel=\"noreferrer noopener\"><\/a><a href=\"https:\/\/es.grandepremio.com\/f1\/\" target=\"_blank\" rel=\"noreferrer noopener\"><\/a><a href=\"https:\/\/es.grandepremio.com\/f1\/\" target=\"_blank\" rel=\"noreferrer noopener\"><\/a><a href=\"https:\/\/es.grandepremio.com\/f1\/\" target=\"_blank\" rel=\"noreferrer noopener\">F\u00f3rmula 1<\/a><\/strong>&nbsp;regresa del 16 al 18 de mayo para el&nbsp;<strong>Gran Premio de Emilia-Roma\u00f1a<\/strong>, s\u00e9ptima fecha de la&nbsp;<strong>temporada 2025<\/strong>&nbsp;y primera competencia del a\u00f1o en&nbsp;<strong>Europa<\/strong>.<\/p>\n\n\n\n<figure class=\"wp-block-embed is-type-video is-provider-youtube wp-block-embed-youtube wp-embed-aspect-16-9 wp-has-aspect-ratio\"><div class=\"wp-block-embed__wrapper\">\n<iframe loading=\"lazy\" title=\"GP DE EMILIA ROMA\u00d1A 2025-LA PREVIA\" width=\"500\" height=\"281\" src=\"https:\/\/www.youtube.com\/embed\/x3xTBXBAiOM?feature=oembed\" frameborder=\"0\" allow=\"accelerometer; autoplay; clipboard-write; encrypted-media; gyroscope; picture-in-picture; web-share\" referrerpolicy=\"strict-origin-when-cross-origin\" allowfullscreen><\/iframe>\n<\/div><\/figure>\n","protected":false},"excerpt":{"rendered":"<p>Representando a Mercedes este fin de semana, Bradley Lord elogi\u00f3 la actuaci\u00f3n de George Russell y lament\u00f3 el decepcionante 13\u00ba puesto de Andrea Kimi Antonelli en Imola.<\/p>\n","protected":false},"author":0,"featured_media":1010328226,"comment_status":"closed","ping_status":"closed","sticky":false,"template":"","format":"standard","meta":{"42wp_featured_image_caption":"","42wp_featured_image_credits":"","42wp_featured_video":"","42wp_featured_image_hidden":false,"42wp_authors_list":[],"footnotes":""},"categories":[5],"tags":[6800,9163,1710,179,253,9966,448,197,11524],"42wp_author":[14240],"class_list":["post-7485","post","type-post","status-publish","format-standard","has-post-thumbnail","hentry","category-f1","tag-andrea-kimi-antonelli","tag-bradley-lord","tag-f1-2025","tag-formula-1","tag-george-russell","tag-gp-de-emilia-romana-3","tag-imola","tag-mercedes","tag-w16","42wp_author-ignacio-bogado"],"_links":{"self":[{"href":"https:\/\/grandepremio.com\/es\/wp-json\/wp\/v2\/posts\/7485","targetHints":{"allow":["GET"]}}],"collection":[{"href":"https:\/\/grandepremio.com\/es\/wp-json\/wp\/v2\/posts"}],"about":[{"href":"https:\/\/grandepremio.com\/es\/wp-json\/wp\/v2\/types\/post"}],"replies":[{"embeddable":true,"href":"https:\/\/grandepremio.com\/es\/wp-json\/wp\/v2\/comments?post=7485"}],"version-history":[{"count":0,"href":"https:\/\/grandepremio.com\/es\/wp-json\/wp\/v2\/posts\/7485\/revisions"}],"wp:featuredmedia":[{"embeddable":true,"href":"https:\/\/grandepremio.com\/es\/wp-json\/wp\/v2\/media\/1010328226"}],"wp:attachment":[{"href":"https:\/\/grandepremio.com\/es\/wp-json\/wp\/v2\/media?parent=7485"}],"wp:term":[{"taxonomy":"category","embeddable":true,"href":"https:\/\/grandepremio.com\/es\/wp-json\/wp\/v2\/categories?post=7485"},{"taxonomy":"post_tag","embeddable":true,"href":"https:\/\/grandepremio.com\/es\/wp-json\/wp\/v2\/tags?post=7485"},{"taxonomy":"42wp_author","embeddable":true,"href":"https:\/\/grandepremio.com\/es\/wp-json\/wp\/v2\/42wp_author?post=7485"}],"curies":[{"name":"wp","href":"https:\/\/api.w.org\/{rel}","templated":true}]}}