{"id":7499,"date":"2025-05-17T13:33:51","date_gmt":"2025-05-17T16:33:51","guid":{"rendered":"https:\/\/grandepremio.com\/es\/2025\/05\/17\/verstappen-dia-muy-bueno-coche-estable-imola\/"},"modified":"2025-05-17T13:33:56","modified_gmt":"2025-05-17T16:33:56","slug":"verstappen-dia-muy-bueno-coche-estable-imola","status":"publish","type":"post","link":"https:\/\/grandepremio.com\/es\/f1\/verstappen-dia-muy-bueno-coche-estable-imola\/","title":{"rendered":"Verstappen habla de un d\u00eda &#8220;muy bueno&#8221;, pero espera un &#8220;coche m\u00e1s estable&#8221; en Imola"},"content":{"rendered":"\n<p class=\"wp-block-paragraph\">La clasificaci\u00f3n del <strong>GP de Emilia Roma\u00f1a<\/strong> en el <strong>circuito Enzo y Dino Ferrari<\/strong> de <strong>\u00cdmola <\/strong>vio una nueva pole de <strong>Oscar Piastri<\/strong>, pero fue <strong>Max Verstappen<\/strong> su escolta, luego de los problemas del <strong>RB21 <\/strong>en los entrenamientos, aunque se quej\u00f3 del rendimiento del neum\u00e1tico blando a lo largo de la jornada.\u00a0\u00a0<\/p>\n\n\n\n<p class=\"wp-block-paragraph\">\ud83d\udfe5 <strong><em>\u00a1Todas las novedades te esperan en el canal de <\/em><\/strong><a href=\"https:\/\/www.youtube.com\/@GrandePremioES\"><em>YouTube<\/em><\/a><strong><em> de Grande Pr\u00eamio en Espa\u00f1ol!<\/em><\/strong> \ud83d\udfe8<\/p>\n\n\n\n<p class=\"wp-block-paragraph\">El piloto de<strong> Red Bull<\/strong> marc\u00f3 1:14.704 en la Q3 y fue batido por 0.034s por el l\u00edder del campeonato de la <strong>F\u00f3rmula 1<\/strong>, que se volvi\u00f3 a agenciar un punto extra a la pole position. Max habl\u00f3 apenas se baj\u00f3 del auto y brind\u00f3 sus sensaciones sobre la clasificaci\u00f3n.<\/p>\n\n\n\n<p class=\"wp-block-paragraph\"><strong>\u201cTodo iba muy bien, s\u00f3lo el compuesto m\u00e1s blando que es muy dif\u00edcil de mantener vivo en la vuelta. El sector 1 fue bien y luego los neum\u00e1ticos una vez m\u00e1s me decepcionaron y a partir de ah\u00ed fueron m\u00e1rgenes peque\u00f1os\u201d<\/strong>, coment\u00f3 el campe\u00f3n de la F1.\u00a0<\/p>\n\n\n\n<p class=\"wp-block-paragraph\"><strong>\u201cFue bien, pero vi que George [Russell] hizo su vuelta con medios, as\u00ed que quiz\u00e1s eran un poco demasiado blandos para esta pista y al menos para nosotros, ya que era dif\u00edcil sacarles el m\u00e1ximo. Yo estaba m\u00e1s contento con los medios\u201d<\/strong>, explic\u00f3.\u00a0<\/p>\n\n\n\n<figure class=\"wp-block-embed is-type-video is-provider-youtube wp-block-embed-youtube wp-embed-aspect-16-9 wp-has-aspect-ratio\"><div class=\"wp-block-embed__wrapper\">\n<iframe loading=\"lazy\" title=\"GP DE EMILIA ROMA\u00d1A 2025-LA PREVIA\" width=\"500\" height=\"281\" src=\"https:\/\/www.youtube.com\/embed\/x3xTBXBAiOM?feature=oembed\" frameborder=\"0\" allow=\"accelerometer; autoplay; clipboard-write; encrypted-media; gyroscope; picture-in-picture; web-share\" referrerpolicy=\"strict-origin-when-cross-origin\" allowfullscreen><\/iframe>\n<\/div><\/figure>\n\n\n\n<p class=\"wp-block-paragraph\"><strong>\u201cPero la carrera es ma\u00f1ana, que es cuando sumamos los puntos, as\u00ed que ah\u00ed es donde tenemos que centrarnos. Pero creo que hoy ha sido un d\u00eda muy bueno para nosotros\u201d<\/strong>, subray\u00f3 el compa\u00f1ero de Yuki Tsunoda.\u00a0<\/p>\n\n\n\n<p class=\"wp-block-paragraph\">De cara a la carrera de ma\u00f1ana, Verstappen anticip\u00f3 que necesitar\u00e1 m\u00e1s ritmo para poder aguantar a los <strong>McLaren <\/strong>en la pelea por la victoria: <strong>\u201cLa \u00faltima carrera no fue realmente una lucha. Esperamos aumentar el ritmo un poco m\u00e1s, tener un coche un poco m\u00e1s estable y ojal\u00e1 podamos cuidar los neum\u00e1ticos un poco mejor\u201d.<\/strong><\/p>\n\n\n\n<p class=\"wp-block-paragraph\">\u23e9 <strong><em>\u00a1Seguinos en redes por <\/em><\/strong><a href=\"https:\/\/twitter.com\/grandepremioES\"><em>Twitter <\/em><\/a><strong><em>e <\/em><\/strong><a href=\"https:\/\/www.instagram.com\/grandepremioes\/\"><em>Instagram!<\/em><em><br><\/em><\/a>\u23e9 <strong><em>Adem\u00e1s, tenemos nuestro <\/em><\/strong><a href=\"https:\/\/whatsapp.com\/channel\/0029VaDZ5zb0gcfDxuwxBM05\"><em>canal de Whatsapp<\/em><\/a><strong><em> con toda la informaci\u00f3n al instante<\/em><\/strong> \ud83c\udfc1<\/p>\n\n\n\n<p class=\"wp-block-paragraph\">La F\u00f3rmula 1 volver\u00e1 a pista ma\u00f1ana desde las 10:00, hora de Brasilia y Buenos Aires, con la carrera del Gran Premio de la Emilia Roma\u00f1a en el circuito de \u00cdmola. Cobertura de GRANDE PREMIO en Espa\u00f1ol.&nbsp;<\/p>\n","protected":false},"excerpt":{"rendered":"<p>Segundo en la grilla de salida del Gran Premio de Emilia-Roma\u00f1a de la F\u00f3rmula 1, Max Verstappen ha valorado positivamente la clasificaci\u00f3n, pero ha expresado su enfado por el rendimiento con el neum\u00e1tico blando.<\/p>\n","protected":false},"author":0,"featured_media":1010328213,"comment_status":"closed","ping_status":"closed","sticky":false,"template":"","format":"standard","meta":{"42wp_featured_image_caption":"","42wp_featured_image_credits":"","42wp_featured_video":"","42wp_featured_image_hidden":false,"42wp_authors_list":[],"footnotes":""},"categories":[5],"tags":[10209,179,253,2527,2528,249,269,278,11072,206],"42wp_author":[14237],"class_list":["post-7499","post","type-post","status-publish","format-standard","has-post-thumbnail","hentry","category-f1","tag-circuito-enzo-y-dino-ferrari","tag-formula-1","tag-george-russell","tag-gp-de-emilia-romana","tag-imola-2","tag-max-verstappen","tag-mclaren","tag-oscar-piastri","tag-rb21","tag-red-bull","42wp_author-gabriel-garcia"],"_links":{"self":[{"href":"https:\/\/grandepremio.com\/es\/wp-json\/wp\/v2\/posts\/7499","targetHints":{"allow":["GET"]}}],"collection":[{"href":"https:\/\/grandepremio.com\/es\/wp-json\/wp\/v2\/posts"}],"about":[{"href":"https:\/\/grandepremio.com\/es\/wp-json\/wp\/v2\/types\/post"}],"replies":[{"embeddable":true,"href":"https:\/\/grandepremio.com\/es\/wp-json\/wp\/v2\/comments?post=7499"}],"version-history":[{"count":0,"href":"https:\/\/grandepremio.com\/es\/wp-json\/wp\/v2\/posts\/7499\/revisions"}],"wp:featuredmedia":[{"embeddable":true,"href":"https:\/\/grandepremio.com\/es\/wp-json\/wp\/v2\/media\/1010328213"}],"wp:attachment":[{"href":"https:\/\/grandepremio.com\/es\/wp-json\/wp\/v2\/media?parent=7499"}],"wp:term":[{"taxonomy":"category","embeddable":true,"href":"https:\/\/grandepremio.com\/es\/wp-json\/wp\/v2\/categories?post=7499"},{"taxonomy":"post_tag","embeddable":true,"href":"https:\/\/grandepremio.com\/es\/wp-json\/wp\/v2\/tags?post=7499"},{"taxonomy":"42wp_author","embeddable":true,"href":"https:\/\/grandepremio.com\/es\/wp-json\/wp\/v2\/42wp_author?post=7499"}],"curies":[{"name":"wp","href":"https:\/\/api.w.org\/{rel}","templated":true}]}}