{"id":7505,"date":"2025-05-17T11:23:57","date_gmt":"2025-05-17T14:23:57","guid":{"rendered":"https:\/\/grandepremio.com\/es\/2025\/05\/17\/tsunoda-impactante-accidente-q1-imola-bandera-roja\/"},"modified":"2025-05-17T11:24:03","modified_gmt":"2025-05-17T14:24:03","slug":"tsunoda-impactante-accidente-q1-imola-bandera-roja","status":"publish","type":"post","link":"https:\/\/grandepremio.com\/es\/f1\/tsunoda-impactante-accidente-q1-imola-bandera-roja\/","title":{"rendered":"Tsunoda sufre impactante accidente en Q1 de \u00cdmola y se suspende la sesi\u00f3n con bandera roja"},"content":{"rendered":"\n<p class=\"wp-block-paragraph\">Pocos minutos hab\u00edan pasado del inicio de la clasificaci\u00f3n de la <strong>F\u00f3rmula 1<\/strong> en el <strong>GP de la Emilia Roma\u00f1a<\/strong> en el circuito de <strong>\u00cdmola <\/strong>cuando <strong>Yuki Tsunoda<\/strong> tom\u00f3 el piano muy fuerte en la curva de <strong>Villeneuve <\/strong>y su <strong>Red Bull<\/strong> sali\u00f3 espantado para el lado interno, lleg\u00f3 a volcar y se estrell\u00f3 contra las contenciones. <\/p>\n\n\n\n<p class=\"wp-block-paragraph\">A pesar de la brutalidad del impacto, el piloto japon\u00e9s se baj\u00f3 por sus propios medios. El <strong>RB21<\/strong> lleg\u00f3 a &#8216;encajarse&#8217; en la leca y, por eso, es que da una vuelta hasta chocar de costado contra las gomas de protecci\u00f3n. Tras esto, Yuki se dirigi\u00f3 al centro m\u00e9dico para ser revisado de manera protocolaria. <\/p>\n\n\n\n<figure class=\"wp-block-video\"><video class=\"video-js vjs-big-play-centered\" data-gp-vjs=\"1\" controls src=\"https:\/\/grandepremio.com\/es\/wp-content\/uploads\/2025\/05\/ssstwitter.com_1747490941510.mp4\"><\/video><figcaption class=\"wp-element-caption\">Yuki Tsunoda sufri\u00f3 un fuert\u00edsimo accidente en la Q1 del GP de Emilia Roma\u00f1a en \u00cdmola. (Video: DAZN)<\/figcaption><\/figure>\n\n\n\n<p class=\"wp-block-paragraph\">Debido a la situaci\u00f3n que se hab\u00eda generado, la tanda se interrumpi\u00f3 con bandera roja a falta de 12 minutos y 13 segundos para el final de la primera parte de la clasificaci\u00f3n. Entre los competidores que no hab\u00edan marcado tiempos se encontraba el <strong>Alpine <\/strong>de <strong>Franco Colapinto<\/strong>. <\/p>\n\n\n\n<p class=\"wp-block-paragraph\">Tsunoda largar\u00e1 desde el fondo la carrera de ma\u00f1ana, si es que el equipo comandado por <strong>Christian Horner <\/strong>puede reparar el auto. La prueba en \u00cdmola est\u00e1 pactada para su comienzo a las 10:00, hora de Brasilia y Buenos Aires, con la cobertura de GRANDE PREMIO.<\/p>\n","protected":false},"excerpt":{"rendered":"<p>Yuki Tsunoda se accident\u00f3 fuertemente apenas iniciada la clasificaci\u00f3n en el Gran Premio de la Emilia Roma\u00f1a y se tuvo que suspender la tanda de la F\u00f3rmula 1 con bandera roja. El japon\u00e9s sali\u00f3 del auto por sus propios medios. <\/p>\n","protected":false},"author":0,"featured_media":1010328173,"comment_status":"closed","ping_status":"closed","sticky":false,"template":"","format":"standard","meta":{"42wp_featured_image_caption":"","42wp_featured_image_credits":"","42wp_featured_video":"","42wp_featured_image_hidden":false,"42wp_authors_list":[],"footnotes":""},"categories":[5],"tags":[678,1336,179,814,1659,2528,11072,206,1257,368],"42wp_author":[14237],"class_list":["post-7505","post","type-post","status-publish","format-standard","has-post-thumbnail","hentry","category-f1","tag-alpine","tag-christian-horner","tag-formula-1","tag-franco-colapinto","tag-gp-de-la-emilia-romana","tag-imola-2","tag-rb21","tag-red-bull","tag-villeneuve","tag-yuki-tsunoda","42wp_author-gabriel-garcia"],"_links":{"self":[{"href":"https:\/\/grandepremio.com\/es\/wp-json\/wp\/v2\/posts\/7505","targetHints":{"allow":["GET"]}}],"collection":[{"href":"https:\/\/grandepremio.com\/es\/wp-json\/wp\/v2\/posts"}],"about":[{"href":"https:\/\/grandepremio.com\/es\/wp-json\/wp\/v2\/types\/post"}],"replies":[{"embeddable":true,"href":"https:\/\/grandepremio.com\/es\/wp-json\/wp\/v2\/comments?post=7505"}],"version-history":[{"count":0,"href":"https:\/\/grandepremio.com\/es\/wp-json\/wp\/v2\/posts\/7505\/revisions"}],"wp:featuredmedia":[{"embeddable":true,"href":"https:\/\/grandepremio.com\/es\/wp-json\/wp\/v2\/media\/1010328173"}],"wp:attachment":[{"href":"https:\/\/grandepremio.com\/es\/wp-json\/wp\/v2\/media?parent=7505"}],"wp:term":[{"taxonomy":"category","embeddable":true,"href":"https:\/\/grandepremio.com\/es\/wp-json\/wp\/v2\/categories?post=7505"},{"taxonomy":"post_tag","embeddable":true,"href":"https:\/\/grandepremio.com\/es\/wp-json\/wp\/v2\/tags?post=7505"},{"taxonomy":"42wp_author","embeddable":true,"href":"https:\/\/grandepremio.com\/es\/wp-json\/wp\/v2\/42wp_author?post=7505"}],"curies":[{"name":"wp","href":"https:\/\/api.w.org\/{rel}","templated":true}]}}