{"id":7518,"date":"2025-05-16T17:15:39","date_gmt":"2025-05-16T20:15:39","guid":{"rendered":"https:\/\/grandepremio.com\/es\/2025\/05\/16\/verstappen-queja-equilibrio-red-bull-fp2-no-rapidos\/"},"modified":"2025-05-16T17:15:43","modified_gmt":"2025-05-16T20:15:43","slug":"verstappen-queja-equilibrio-red-bull-fp2-no-rapidos","status":"publish","type":"post","link":"https:\/\/grandepremio.com\/es\/f1\/verstappen-queja-equilibrio-red-bull-fp2-no-rapidos\/","title":{"rendered":"Verstappen se queja del equilibrio de Red Bull en la FP2: &#8220;No somos suficientemente r\u00e1pidos&#8221;"},"content":{"rendered":"\n<p class=\"wp-block-paragraph\">Al igual que lo expresado por <strong>Helmut Marko<\/strong>, el asesor del equipo <strong>Red Bull<\/strong>, <strong>Max Verstappen<\/strong> declar\u00f3 que tienen que encontrar m\u00e1s rendimiento en el <strong>RB21 <\/strong>de cara a la clasificaci\u00f3n de ma\u00f1ana del <strong>GP de Emilia Roma\u00f1a<\/strong> de la<strong> F\u00f3rmula 1<\/strong>, donde est\u00e1n muy por detr\u00e1s de <strong>McLaren <\/strong>en los entrenamientos libres.\u00a0<\/p>\n\n\n\n<p class=\"wp-block-paragraph\">\ud83d\udfe5 <strong><em>\u00a1Todas las novedades te esperan en el canal de <\/em><\/strong><a href=\"https:\/\/www.youtube.com\/@GrandePremioES\"><em>YouTube<\/em><\/a><strong><em> de Grande Pr\u00eamio en Espa\u00f1ol!<\/em><\/strong> \ud83d\udfe8<\/p>\n\n\n\n<p class=\"wp-block-paragraph\">Tras haber acabado 7mo en la FP1, a 0.360s de<strong> Oscar Piastri<\/strong>, la diferencia con el piloto australiano se extendi\u00f3 a 0.442 en la FP2, aunque Max se ubic\u00f3 en la quinta colocaci\u00f3n, algo que no lo conform\u00f3 en lo absoluto.\u00a0<\/p>\n\n\n\n<p class=\"wp-block-paragraph\"><strong>&#8220;En general, actualmente no somos lo suficientemente r\u00e1pidos. Necesitamos un mejor equilibrio en las curvas para ser m\u00e1s r\u00e1pidos, y tambi\u00e9n en las simulaciones de larga distancia. Me adelant\u00f3 un McLaren. Eso lo dice todo&#8221;<\/strong>, declar\u00f3 el campe\u00f3n del mundo a la prensa despu\u00e9s de los entrenamientos.\u00a0<\/p>\n\n\n\n<figure class=\"wp-block-embed is-type-video is-provider-youtube wp-block-embed-youtube wp-embed-aspect-16-9 wp-has-aspect-ratio\"><div class=\"wp-block-embed__wrapper\">\n<iframe loading=\"lazy\" title=\"GP DE EMILIA ROMA\u00d1A 2025-LA PREVIA\" width=\"500\" height=\"281\" src=\"https:\/\/www.youtube.com\/embed\/x3xTBXBAiOM?feature=oembed\" frameborder=\"0\" allow=\"accelerometer; autoplay; clipboard-write; encrypted-media; gyroscope; picture-in-picture; web-share\" referrerpolicy=\"strict-origin-when-cross-origin\" allowfullscreen><\/iframe>\n<\/div><\/figure>\n\n\n\n<p class=\"wp-block-paragraph\"><strong>\u201cProbamos muchas cosas, algunas funcionaron mejor que otras, pero en general no somos lo suficientemente r\u00e1pidos en este momento. De momento, el nivel no es muy alto. Pero incluso as\u00ed, comparado con otros equipos de nuestro entorno, creo que en este momento&#8230; ha sido un poco dif\u00edcil hoy&#8221;,<\/strong> a\u00f1adi\u00f3 el compa\u00f1ero de <strong>Yuki Tsunoda<\/strong>.\u00a0<\/p>\n\n\n\n<p class=\"wp-block-paragraph\">Con 99 puntos en el Mundial de Pilotos, el neerland\u00e9s se sit\u00faa en la tercera posici\u00f3n del campeonato, a 32 puntos del l\u00edder Piastri y a 16 de <strong>Lando Norris<\/strong>, en segundo lugar.<\/p>\n\n\n\n<p class=\"wp-block-paragraph\">\u23e9 <strong><em>\u00a1Seguinos en redes por <\/em><\/strong><a href=\"https:\/\/twitter.com\/grandepremioES\"><em>Twitter <\/em><\/a><strong><em>e <\/em><\/strong><a href=\"https:\/\/www.instagram.com\/grandepremioes\/\"><em>Instagram!<\/em><em><br><\/em><\/a>\u23e9 <strong><em>Adem\u00e1s, tenemos nuestro <\/em><\/strong><a href=\"https:\/\/whatsapp.com\/channel\/0029VaDZ5zb0gcfDxuwxBM05\"><em>canal de Whatsapp<\/em><\/a><strong><em> con toda la informaci\u00f3n al instante<\/em><\/strong> \ud83c\udfc1<\/p>\n\n\n\n<p class=\"wp-block-paragraph\">La F\u00f3rmula 1 regresar\u00e1 a la pista de \u00cdmola ma\u00f1ana con la FP3 del Gran Premio de Emilia-Roma\u00f1a desde las 7:30, hora de Brasilia y Buenos Aires, con la cobertura de GRANDE PREMIO.<\/p>\n","protected":false},"excerpt":{"rendered":"<p>Max Verstappen ha dejado claro que Red Bull necesita encontrar m\u00e1s rendimiento si quiere poder competir contra McLaren en el GP de Emilia-Roma\u00f1a de la F\u00f3rmula 1, la s\u00e9ptima cita del campeonato 2025. <\/p>\n","protected":false},"author":0,"featured_media":1010327972,"comment_status":"closed","ping_status":"closed","sticky":false,"template":"","format":"standard","meta":{"42wp_featured_image_caption":"","42wp_featured_image_credits":"","42wp_featured_video":"","42wp_featured_image_hidden":false,"42wp_authors_list":[],"footnotes":""},"categories":[5],"tags":[179,2527,1358,268,249,269,278,11072,206,368],"42wp_author":[14237],"class_list":["post-7518","post","type-post","status-publish","format-standard","has-post-thumbnail","hentry","category-f1","tag-formula-1","tag-gp-de-emilia-romana","tag-helmut-marko","tag-lando-norris","tag-max-verstappen","tag-mclaren","tag-oscar-piastri","tag-rb21","tag-red-bull","tag-yuki-tsunoda","42wp_author-gabriel-garcia"],"_links":{"self":[{"href":"https:\/\/grandepremio.com\/es\/wp-json\/wp\/v2\/posts\/7518","targetHints":{"allow":["GET"]}}],"collection":[{"href":"https:\/\/grandepremio.com\/es\/wp-json\/wp\/v2\/posts"}],"about":[{"href":"https:\/\/grandepremio.com\/es\/wp-json\/wp\/v2\/types\/post"}],"replies":[{"embeddable":true,"href":"https:\/\/grandepremio.com\/es\/wp-json\/wp\/v2\/comments?post=7518"}],"version-history":[{"count":0,"href":"https:\/\/grandepremio.com\/es\/wp-json\/wp\/v2\/posts\/7518\/revisions"}],"wp:featuredmedia":[{"embeddable":true,"href":"https:\/\/grandepremio.com\/es\/wp-json\/wp\/v2\/media\/1010327972"}],"wp:attachment":[{"href":"https:\/\/grandepremio.com\/es\/wp-json\/wp\/v2\/media?parent=7518"}],"wp:term":[{"taxonomy":"category","embeddable":true,"href":"https:\/\/grandepremio.com\/es\/wp-json\/wp\/v2\/categories?post=7518"},{"taxonomy":"post_tag","embeddable":true,"href":"https:\/\/grandepremio.com\/es\/wp-json\/wp\/v2\/tags?post=7518"},{"taxonomy":"42wp_author","embeddable":true,"href":"https:\/\/grandepremio.com\/es\/wp-json\/wp\/v2\/42wp_author?post=7518"}],"curies":[{"name":"wp","href":"https:\/\/api.w.org\/{rel}","templated":true}]}}