{"id":7519,"date":"2025-05-16T16:56:21","date_gmt":"2025-05-16T19:56:21","guid":{"rendered":"https:\/\/grandepremio.com\/es\/2025\/05\/16\/antonelli-se-culpa-error-estupido-dia-bastante-desordenado-imola\/"},"modified":"2025-05-16T16:56:24","modified_gmt":"2025-05-16T19:56:24","slug":"antonelli-se-culpa-error-estupido-dia-bastante-desordenado-imola","status":"publish","type":"post","link":"https:\/\/grandepremio.com\/es\/f1\/antonelli-se-culpa-error-estupido-dia-bastante-desordenado-imola\/","title":{"rendered":"Antonelli se culpa de un \u00aberror est\u00fapido\u00bb en un \u00abd\u00eda bastante desordenado\u00bb en Imola"},"content":{"rendered":"\n<p class=\"wp-block-paragraph\"><strong>Andrea Kimi Antonelli<\/strong> no estaba satisfecho con su primer d\u00eda corriendo en casa en su temporada de debut en la <strong>F\u00f3rmula 1<\/strong>. Adem\u00e1s de unos resultados discretos en las dos sesiones de entrenamientos libres, se culp\u00f3 de los errores cometidos durante las sesiones. Destac\u00f3 el ritmo de carrera de <strong>Mercedes<\/strong> como punto positivo, pero describi\u00f3 la jornada del viernes como \u00abbastante desordenada\u00bb.<\/p>\n\n\n\n<p class=\"wp-block-paragraph\">Antonelli, que corri\u00f3 delante de los aficionados italianos, s\u00f3lo fue 13\u00ba en la FP1 y cay\u00f3 hasta la 18\u00aa posici\u00f3n en la FP2. Estuvo lejos del ritmo mostrado por los l\u00edderes en <strong>Imola<\/strong> y reconoci\u00f3 que tuvo un d\u00eda decepcionante.<\/p>\n\n\n\n<p class=\"wp-block-paragraph\">\u00abHoy ha sido un d\u00eda muy dif\u00edcil. No he podido hacer buenas vueltas r\u00e1pidas. Comet\u00ed un error est\u00fapido en la FP2, no pude mantener los neum\u00e1ticos a la temperatura adecuada y perd\u00ed agarre\u00bb, explic\u00f3. \u00abNo ha sido lo ideal y tengo que mejorar, pero lo positivo que he sacado ha sido el ritmo de carrera. El coche se comport\u00f3 muy bien con los compuestos medios. Ahora la atenci\u00f3n se centra en las sesiones de ma\u00f1ana\u00bb, a\u00f1adi\u00f3.<\/p>\n\n\n\n<p class=\"wp-block-paragraph\">\ud83d\udfe5&nbsp;<strong><em>\u00a1Todas las novedades te esperan en el canal de&nbsp;<\/em><\/strong><a href=\"https:\/\/www.youtube.com\/@GrandePremioES\"><em>YouTube<\/em><\/a><strong><em>&nbsp;de Grande Pr\u00eamio en Espa\u00f1ol!<\/em><\/strong>&nbsp;\ud83d\udfe8<\/p>\n\n\n\n<figure class=\"wp-block-image size-large\"><img decoding=\"async\" src=\"https:\/\/grandepremio.com\/es\/wp-content\/uploads\/2025\/05\/GrFJrIOWgAACpM3-1024x768.jpeg\" alt=\"\" class=\"wp-image-327886\"\/><figcaption class=\"wp-element-caption\">Andrea Kimi Antonelli asume mal rendimiento, pero espera mejorar el s\u00e1bado en Imola. (Foto: McLaren)<\/figcaption><\/figure>\n\n\n\n<p class=\"wp-block-paragraph\">\u23e9\u00a0<strong><em>\u00a1Seguinos en redes por\u00a0<\/em><\/strong><a href=\"https:\/\/twitter.com\/grandepremioES\"><em>Twitter\u00a0<\/em><\/a><strong><em>e\u00a0<\/em><\/strong><a href=\"https:\/\/www.instagram.com\/grandepremioes\/\"><em>Instagram!<br><\/em><\/a>\u23e9\u00a0<strong><em>Adem\u00e1s, tenemos nuestro\u00a0<\/em><\/strong><a href=\"https:\/\/whatsapp.com\/channel\/0029VaDZ5zb0gcfDxuwxBM05\"><em>canal de Whatsapp<\/em><\/a><strong><em>\u00a0con toda la informaci\u00f3n al instante<\/em><\/strong>\u00a0\ud83c\udfc1<\/p>\n\n\n\n<p class=\"wp-block-paragraph\">\u00abEntre las dos sesiones de entrenamientos libres, el equilibrio ha mejorado mucho. Todav\u00eda tenemos que hacer algunos ajustes, pero yo tambi\u00e9n tengo que mejorar mi parte. Estamos en el buen camino y depende de m\u00ed\u00bb, explic\u00f3.<\/p>\n\n\n\n<p class=\"wp-block-paragraph\">Correr en Imola es especial para el italiano, que considera la ronda en el <strong>Autodromo Enzo e Dino Ferrari<\/strong> como \u00abla verdadera carrera de casa\u00bb, ya que naci\u00f3 en la zona y vive a s\u00f3lo 30 minutos del circuito. Incluso recibi\u00f3 la visita de los jugadores del equipo de f\u00fatbol local, el <strong>Bolonia<\/strong>, que gan\u00f3 la <strong>Copa de Italia<\/strong> esta semana.<\/p>\n\n\n\n<p class=\"wp-block-paragraph\">\u00abEs muy especial correr delante de los aficionados italianos. Fue incre\u00edble ver a tanta gente en las gradas en la primera vuelta de la FP1. Pero cada vez que me pongo el casco, intento concentrarme al m\u00e1ximo y dejar eso a un lado\u00bb, concluy\u00f3.<\/p>\n\n\n\n<p class=\"wp-block-paragraph\">La&nbsp;<strong><a href=\"https:\/\/es.grandepremio.com\/f1\/\" target=\"_blank\" rel=\"noreferrer noopener\"><\/a><a href=\"https:\/\/es.grandepremio.com\/f1\/\" target=\"_blank\" rel=\"noreferrer noopener\"><\/a><a href=\"https:\/\/es.grandepremio.com\/f1\/\" target=\"_blank\" rel=\"noreferrer noopener\"><\/a><a href=\"https:\/\/es.grandepremio.com\/f1\/\" target=\"_blank\" rel=\"noreferrer noopener\"><\/a><a href=\"https:\/\/es.grandepremio.com\/f1\/\" target=\"_blank\" rel=\"noreferrer noopener\"><\/a><a href=\"https:\/\/es.grandepremio.com\/f1\/\" target=\"_blank\" rel=\"noreferrer noopener\"><\/a><a href=\"https:\/\/es.grandepremio.com\/f1\/\" target=\"_blank\" rel=\"noreferrer noopener\"><\/a><a href=\"https:\/\/es.grandepremio.com\/f1\/\" target=\"_blank\" rel=\"noreferrer noopener\"><\/a><a href=\"https:\/\/es.grandepremio.com\/f1\/\" target=\"_blank\" rel=\"noreferrer noopener\"><\/a><a href=\"https:\/\/es.grandepremio.com\/f1\/\" target=\"_blank\" rel=\"noreferrer noopener\">F\u00f3rmula 1<\/a><\/strong>&nbsp;regresa del 16 al 18 de mayo para el&nbsp;<strong>Gran Premio de Emilia-Roma\u00f1a<\/strong>, s\u00e9ptima fecha de la&nbsp;<strong>temporada 2025<\/strong>&nbsp;y primera competencia del a\u00f1o en&nbsp;<strong>Europa<\/strong>.<\/p>\n\n\n\n<figure class=\"wp-block-embed is-type-video is-provider-youtube wp-block-embed-youtube wp-embed-aspect-16-9 wp-has-aspect-ratio\"><div class=\"wp-block-embed__wrapper\">\n<iframe loading=\"lazy\" title=\"GP DE EMILIA ROMA\u00d1A 2025-LA PREVIA\" width=\"500\" height=\"281\" src=\"https:\/\/www.youtube.com\/embed\/x3xTBXBAiOM?feature=oembed\" frameborder=\"0\" allow=\"accelerometer; autoplay; clipboard-write; encrypted-media; gyroscope; picture-in-picture; web-share\" referrerpolicy=\"strict-origin-when-cross-origin\" allowfullscreen><\/iframe>\n<\/div><\/figure>\n","protected":false},"excerpt":{"rendered":"<p>Andrea Kimi Antonelli admiti\u00f3 su bajo rendimiento en los entrenamientos libres del Gran Premio de Emilia-Roma\u00f1a. Destac\u00f3 el buen ritmo de carrera de Mercedes, pero se inst\u00f3 a s\u00ed mismo a mejorar<\/p>\n","protected":false},"author":0,"featured_media":1010327859,"comment_status":"closed","ping_status":"closed","sticky":false,"template":"","format":"standard","meta":{"42wp_featured_image_caption":"","42wp_featured_image_credits":"","42wp_featured_video":"","42wp_featured_image_hidden":false,"42wp_authors_list":[],"footnotes":""},"categories":[5],"tags":[6800,12190,1710,179,9966,448,197,11524],"42wp_author":[14240],"class_list":["post-7519","post","type-post","status-publish","format-standard","has-post-thumbnail","hentry","category-f1","tag-andrea-kimi-antonelli","tag-autodromo-enzo-e-dino-ferrari-2","tag-f1-2025","tag-formula-1","tag-gp-de-emilia-romana-3","tag-imola","tag-mercedes","tag-w16","42wp_author-ignacio-bogado"],"_links":{"self":[{"href":"https:\/\/grandepremio.com\/es\/wp-json\/wp\/v2\/posts\/7519","targetHints":{"allow":["GET"]}}],"collection":[{"href":"https:\/\/grandepremio.com\/es\/wp-json\/wp\/v2\/posts"}],"about":[{"href":"https:\/\/grandepremio.com\/es\/wp-json\/wp\/v2\/types\/post"}],"replies":[{"embeddable":true,"href":"https:\/\/grandepremio.com\/es\/wp-json\/wp\/v2\/comments?post=7519"}],"version-history":[{"count":0,"href":"https:\/\/grandepremio.com\/es\/wp-json\/wp\/v2\/posts\/7519\/revisions"}],"wp:featuredmedia":[{"embeddable":true,"href":"https:\/\/grandepremio.com\/es\/wp-json\/wp\/v2\/media\/1010327859"}],"wp:attachment":[{"href":"https:\/\/grandepremio.com\/es\/wp-json\/wp\/v2\/media?parent=7519"}],"wp:term":[{"taxonomy":"category","embeddable":true,"href":"https:\/\/grandepremio.com\/es\/wp-json\/wp\/v2\/categories?post=7519"},{"taxonomy":"post_tag","embeddable":true,"href":"https:\/\/grandepremio.com\/es\/wp-json\/wp\/v2\/tags?post=7519"},{"taxonomy":"42wp_author","embeddable":true,"href":"https:\/\/grandepremio.com\/es\/wp-json\/wp\/v2\/42wp_author?post=7519"}],"curies":[{"name":"wp","href":"https:\/\/api.w.org\/{rel}","templated":true}]}}