{"id":7525,"date":"2025-05-16T15:47:24","date_gmt":"2025-05-16T18:47:24","guid":{"rendered":"https:\/\/grandepremio.com\/es\/2025\/05\/16\/alonso-destaca-mejora-aston-martin-imola-espera-velocidad-extra\/"},"modified":"2025-05-16T15:47:28","modified_gmt":"2025-05-16T18:47:28","slug":"alonso-destaca-mejora-aston-martin-imola-espera-velocidad-extra","status":"publish","type":"post","link":"https:\/\/grandepremio.com\/es\/f1\/alonso-destaca-mejora-aston-martin-imola-espera-velocidad-extra\/","title":{"rendered":"Alonso destaca la \u00abmejora\u00bb de Aston Martin en Imola, pero a\u00fan espera \u00abvelocidad extra\u00bb"},"content":{"rendered":"\n<p class=\"wp-block-paragraph\">El primer d\u00eda de entrenamientos para el <strong>Gran Premio de Emilia-Roma\u00f1a<\/strong> no fue muy destacado para <strong>Fernando Alonso<\/strong>, que termin\u00f3 14\u00ba, a casi 1s del l\u00edder. Aun as\u00ed, el espa\u00f1ol no estaba demasiado preocupado por su rendimiento.<\/p>\n\n\n\n<p class=\"wp-block-paragraph\">Despu\u00e9s de todo, <strong>Aston Martin<\/strong> trajo siete actualizaciones a <strong>Imola<\/strong>, con cambios en el suelo, el difusor, la cubierta del motor e incluso el halo, en un intento de aumentar la carga aerodin\u00e1mica del coche, que hasta ahora ha sido decepcionante. Alonso, que es est\u00e1 sin puntos en <strong>F\u00f3rmula 1<\/strong> 2025, coment\u00f3 las novedades.<\/p>\n\n\n\n<p class=\"wp-block-paragraph\">\u00abComo hab\u00edamos previsto, fue un d\u00eda de evaluaci\u00f3n de las mejoras con respecto al coche de Miami\u00bb, declar\u00f3 a los periodistas.<\/p>\n\n\n\n<p class=\"wp-block-paragraph\">\ud83d\udfe5&nbsp;<strong><em>\u00a1Todas las novedades te esperan en el canal de&nbsp;<\/em><\/strong><a href=\"https:\/\/www.youtube.com\/@GrandePremioES\"><em>YouTube<\/em><\/a><strong><em>&nbsp;de Grande Pr\u00eamio en Espa\u00f1ol!<\/em><\/strong>&nbsp;\ud83d\udfe8<\/p>\n\n\n\n<figure class=\"wp-block-image size-large\"><img decoding=\"async\" src=\"https:\/\/grandepremio.com\/cdn-cgi\/image\/width=893,height=558,fit=contain,gravity=0.5x0.5,quality=75,format=webp\/es\/wp-content\/uploads\/2025\/05\/GrFT0-CWMAE3KOt-1024x768.jpeg\" alt=\"\" class=\"wp-image-327931\"\/><figcaption class=\"wp-element-caption\">Fernando Alonso espera por \u00abm\u00e1s velocidad\u00bb tras probar las mejoras del AMR25 en Imola. (Foto: Aston Martin)<\/figcaption><\/figure>\n\n\n\n<p class=\"wp-block-paragraph\">\u23e9\u00a0<strong><em>\u00a1Seguinos en redes por\u00a0<\/em><\/strong><a href=\"https:\/\/twitter.com\/grandepremioES\"><em>Twitter\u00a0<\/em><\/a><strong><em>e\u00a0<\/em><\/strong><a href=\"https:\/\/www.instagram.com\/grandepremioes\/\"><em>Instagram!<br><\/em><\/a>\u23e9\u00a0<strong><em>Adem\u00e1s, tenemos nuestro\u00a0<\/em><\/strong><a href=\"https:\/\/whatsapp.com\/channel\/0029VaDZ5zb0gcfDxuwxBM05\"><em>canal de Whatsapp<\/em><\/a><strong><em>\u00a0con toda la informaci\u00f3n al instante<\/em><\/strong>\u00a0\ud83c\udfc1<\/p>\n\n\n\n<p class=\"wp-block-paragraph\">\u00abHoy he trabajado para ayudar al equipo a entender el nuevo paquete. He intentado hacer la mitad del trabajo en mi lado del garaje, ser coherente y compartir la informaci\u00f3n. Esta noche analizaremos los datos y ma\u00f1ana buscaremos m\u00e1s velocidad. <strong>Lance [Stroll]<\/strong> dar\u00e1 sus ideas al equipo para que podamos ver cu\u00e1les son las mejores piezas\u00bb, a\u00f1adi\u00f3.<\/p>\n\n\n\n<p class=\"wp-block-paragraph\">\u00abEs un circuito de la vieja escuela, va a haber tr\u00e1fico en la calificaci\u00f3n, as\u00ed que tambi\u00e9n hay que tener suerte. Va a ser un buen test para <strong>M\u00f3naco<\/strong>, que ser\u00e1 a\u00fan m\u00e1s dif\u00edcil\u00bb, concluy\u00f3.<\/p>\n\n\n\n<p class=\"wp-block-paragraph\">La&nbsp;<strong><a href=\"https:\/\/es.grandepremio.com\/f1\/\" target=\"_blank\" rel=\"noreferrer noopener\"><\/a><a href=\"https:\/\/es.grandepremio.com\/f1\/\" target=\"_blank\" rel=\"noreferrer noopener\"><\/a><a href=\"https:\/\/es.grandepremio.com\/f1\/\" target=\"_blank\" rel=\"noreferrer noopener\"><\/a><a href=\"https:\/\/es.grandepremio.com\/f1\/\" target=\"_blank\" rel=\"noreferrer noopener\"><\/a><a href=\"https:\/\/es.grandepremio.com\/f1\/\" target=\"_blank\" rel=\"noreferrer noopener\"><\/a><a href=\"https:\/\/es.grandepremio.com\/f1\/\" target=\"_blank\" rel=\"noreferrer noopener\"><\/a><a href=\"https:\/\/es.grandepremio.com\/f1\/\" target=\"_blank\" rel=\"noreferrer noopener\"><\/a><a href=\"https:\/\/es.grandepremio.com\/f1\/\" target=\"_blank\" rel=\"noreferrer noopener\"><\/a><a href=\"https:\/\/es.grandepremio.com\/f1\/\" target=\"_blank\" rel=\"noreferrer noopener\"><\/a><a href=\"https:\/\/es.grandepremio.com\/f1\/\" target=\"_blank\" rel=\"noreferrer noopener\">F\u00f3rmula 1<\/a><\/strong>&nbsp;regresa del 16 al 18 de mayo para el&nbsp;<strong>Gran Premio de Emilia-Roma\u00f1a<\/strong>, s\u00e9ptima fecha de la&nbsp;<strong>temporada 2025<\/strong>&nbsp;y primera competencia del a\u00f1o en&nbsp;<strong>Europa<\/strong>.<\/p>\n\n\n\n<figure class=\"wp-block-embed is-type-video is-provider-youtube wp-block-embed-youtube wp-embed-aspect-16-9 wp-has-aspect-ratio\"><div class=\"wp-block-embed__wrapper\">\n<iframe loading=\"lazy\" title=\"GP DE EMILIA ROMA\u00d1A 2025-LA PREVIA\" width=\"500\" height=\"281\" src=\"https:\/\/www.youtube.com\/embed\/x3xTBXBAiOM?feature=oembed\" frameborder=\"0\" allow=\"accelerometer; autoplay; clipboard-write; encrypted-media; gyroscope; picture-in-picture; web-share\" referrerpolicy=\"strict-origin-when-cross-origin\" allowfullscreen><\/iframe>\n<\/div><\/figure>\n","protected":false},"excerpt":{"rendered":"<p>Fernando Alonso s\u00f3lo fue discreto en los primeros entrenamientos del Gran Premio de Emilia-Roma\u00f1a y espera un salto de rendimiento de Aston Martin con las numerosas novedades que aporta a la ronda italiana.<\/p>\n","protected":false},"author":0,"featured_media":1010327932,"comment_status":"closed","ping_status":"closed","sticky":false,"template":"","format":"standard","meta":{"42wp_featured_image_caption":"","42wp_featured_image_credits":"","42wp_featured_video":"","42wp_featured_image_hidden":false,"42wp_authors_list":[],"footnotes":""},"categories":[5],"tags":[11652,209,1710,184,179,9966,448,359],"42wp_author":[14240],"class_list":["post-7525","post","type-post","status-publish","format-standard","has-post-thumbnail","hentry","category-f1","tag-amr25","tag-aston-martin","tag-f1-2025","tag-fernando-alonso","tag-formula-1","tag-gp-de-emilia-romana-3","tag-imola","tag-lance-stroll","42wp_author-ignacio-bogado"],"_links":{"self":[{"href":"https:\/\/grandepremio.com\/es\/wp-json\/wp\/v2\/posts\/7525","targetHints":{"allow":["GET"]}}],"collection":[{"href":"https:\/\/grandepremio.com\/es\/wp-json\/wp\/v2\/posts"}],"about":[{"href":"https:\/\/grandepremio.com\/es\/wp-json\/wp\/v2\/types\/post"}],"replies":[{"embeddable":true,"href":"https:\/\/grandepremio.com\/es\/wp-json\/wp\/v2\/comments?post=7525"}],"version-history":[{"count":0,"href":"https:\/\/grandepremio.com\/es\/wp-json\/wp\/v2\/posts\/7525\/revisions"}],"wp:featuredmedia":[{"embeddable":true,"href":"https:\/\/grandepremio.com\/es\/wp-json\/wp\/v2\/media\/1010327932"}],"wp:attachment":[{"href":"https:\/\/grandepremio.com\/es\/wp-json\/wp\/v2\/media?parent=7525"}],"wp:term":[{"taxonomy":"category","embeddable":true,"href":"https:\/\/grandepremio.com\/es\/wp-json\/wp\/v2\/categories?post=7525"},{"taxonomy":"post_tag","embeddable":true,"href":"https:\/\/grandepremio.com\/es\/wp-json\/wp\/v2\/tags?post=7525"},{"taxonomy":"42wp_author","embeddable":true,"href":"https:\/\/grandepremio.com\/es\/wp-json\/wp\/v2\/42wp_author?post=7525"}],"curies":[{"name":"wp","href":"https:\/\/api.w.org\/{rel}","templated":true}]}}