{"id":7526,"date":"2025-05-16T15:38:39","date_gmt":"2025-05-16T18:38:39","guid":{"rendered":"https:\/\/grandepremio.com\/es\/2025\/05\/16\/piastri-descarta-lucha-mclaren-imola\/"},"modified":"2025-05-16T15:38:43","modified_gmt":"2025-05-16T18:38:43","slug":"piastri-descarta-lucha-mclaren-imola","status":"publish","type":"post","link":"https:\/\/grandepremio.com\/es\/f1\/piastri-descarta-lucha-mclaren-imola\/","title":{"rendered":"Piastri descarta la lucha de McLaren en Imola: &#8220;Algunos otros se unir\u00e1n a nosotros&#8221;"},"content":{"rendered":"\n<p class=\"wp-block-paragraph\">La<strong> F\u00f3rmula 1<\/strong> ha desembarcado en suelo europeo para la s\u00e9ptima fecha del calendario 2025, el <strong>GP de Emilia Roma\u00f1a<\/strong>, que se desarrolla en el <strong>Aut\u00f3dromo Enzo y Dino Ferrari<\/strong> de <strong>\u00cdmola <\/strong>y fue <strong>Oscar Piastri<\/strong> el que lider\u00f3 en las dos tandas de entrenamientos que tuvieron lugar este viernes.\u00a0<\/p>\n\n\n\n<p class=\"wp-block-paragraph\">\ud83d\udfe5 <strong><em>\u00a1Todas las novedades te esperan en el canal de <\/em><\/strong><a href=\"https:\/\/www.youtube.com\/@GrandePremioES\"><em>YouTube<\/em><\/a><strong><em> de Grande Pr\u00eamio en Espa\u00f1ol!<\/em><\/strong> \ud83d\udfe8<\/p>\n\n\n\n<p class=\"wp-block-paragraph\">Aunque el australiano fue el m\u00e1s veloz hoy, le dijo a la prensa despu\u00e9s de la actividad en pista que el equipo <strong>McLaren <\/strong>tiene que seguir trabajando, ya que piensan que otras escuder\u00edas se acercar\u00e1n en rendimiento para la clasificaci\u00f3n de ma\u00f1ana.\u00a0<\/p>\n\n\n\n<p class=\"wp-block-paragraph\"><strong>\u201cPor el momento, no creo que seamos s\u00f3lo Lando y yo. Hay algunos otros que se unir\u00e1n a nosotros en la lucha de ma\u00f1ana, as\u00ed que tenemos que mantener la cabeza baja y tratar de encontrar algo m\u00e1s\u201d<\/strong>, expres\u00f3 Oscar.\u00a0<\/p>\n\n\n\n<figure class=\"wp-block-embed is-type-video is-provider-youtube wp-block-embed-youtube wp-embed-aspect-16-9 wp-has-aspect-ratio\"><div class=\"wp-block-embed__wrapper\">\n<iframe loading=\"lazy\" title=\"GP DE EMILIA ROMA\u00d1A 2025-LA PREVIA\" width=\"500\" height=\"281\" src=\"https:\/\/www.youtube.com\/embed\/x3xTBXBAiOM?feature=oembed\" frameborder=\"0\" allow=\"accelerometer; autoplay; clipboard-write; encrypted-media; gyroscope; picture-in-picture; web-share\" referrerpolicy=\"strict-origin-when-cross-origin\" allowfullscreen><\/iframe>\n<\/div><\/figure>\n\n\n\n<p class=\"wp-block-paragraph\"><strong>\u201cNo ser\u00eda el primer viernes que nos vemos fuertes y luego todo el mundo encuentra algo antes de la calificaci\u00f3n. As\u00ed que todav\u00eda queremos encontrar un poco m\u00e1s, pero todo ha ido muy bien. El coche da buenas sensaciones, aunque todav\u00eda hay algunas cosas que cambiar. Pero en general, no ha ido mal\u201d<\/strong>, se\u00f1al\u00f3 el compa\u00f1ero de <strong>Lando Norris<\/strong>.\u00a0<\/p>\n\n\n\n<p class=\"wp-block-paragraph\">M\u00e1s all\u00e1 de haber obtenido tres victorias consecutivas en la <strong>F1 2025<\/strong>, Piastri prefiri\u00f3 la cautela de cara al resto del fin de semana de \u00cdmola: <strong>\u201cPero todav\u00eda hay algunas cosas que queremos probar, trabajar y mejorar\u201d<\/strong>. Adem\u00e1s, se mostr\u00f3 razonablemente <em>\u201csatisfecho\u201d <\/em>con el rendimiento del auto.<\/p>\n\n\n\n<p class=\"wp-block-paragraph\"><strong>\u201cEl s\u00e1bado ha sido muy importante en todas partes este a\u00f1o. Creo que Imola es, independientemente de lo que haya pasado en el resto del a\u00f1o, un lugar donde la calificaci\u00f3n importa mucho. Va a ser importante\u201d<\/strong>, concluy\u00f3.<\/p>\n\n\n\n<p class=\"wp-block-paragraph\">\u23e9 <strong><em>\u00a1Seguinos en redes por <\/em><\/strong><a href=\"https:\/\/twitter.com\/grandepremioES\"><em>Twitter <\/em><\/a><strong><em>e <\/em><\/strong><a href=\"https:\/\/www.instagram.com\/grandepremioes\/\"><em>Instagram!<\/em><em><br><\/em><\/a>\u23e9 <strong><em>Adem\u00e1s, tenemos nuestro <\/em><\/strong><a href=\"https:\/\/whatsapp.com\/channel\/0029VaDZ5zb0gcfDxuwxBM05\"><em>canal de Whatsapp<\/em><\/a><strong><em> con toda la informaci\u00f3n al instante<\/em><\/strong> \ud83c\udfc1<\/p>\n\n\n\n<p class=\"wp-block-paragraph\">La F\u00f3rmula 1 regresar\u00e1 a la pista de \u00cdmola ma\u00f1ana con la FP3 del Gran Premio de Emilia-Roma\u00f1a desde las 7:30, hora de Brasilia y Buenos Aires, con la cobertura de GRANDE PREMIO.<\/p>\n","protected":false},"excerpt":{"rendered":"<p>L\u00edder de los entrenamientos del viernes en Imola, Oscar Piastri se mostr\u00f3 satisfecho con el ritmo de McLaren, pero subray\u00f3 que deben seguir trabajando para mejorar a\u00fan m\u00e1s el coche, ya que otros equipos se acercar\u00e1n el s\u00e1bado.<\/p>\n","protected":false},"author":0,"featured_media":1010327925,"comment_status":"closed","ping_status":"closed","sticky":false,"template":"","format":"standard","meta":{"42wp_featured_image_caption":"","42wp_featured_image_credits":"","42wp_featured_video":"","42wp_featured_image_hidden":false,"42wp_authors_list":[],"footnotes":""},"categories":[5],"tags":[10190,1710,179,2527,2528,268,269,278],"42wp_author":[14237],"class_list":["post-7526","post","type-post","status-publish","format-standard","has-post-thumbnail","hentry","category-f1","tag-autodromo-enzo-y-dino-ferrari","tag-f1-2025","tag-formula-1","tag-gp-de-emilia-romana","tag-imola-2","tag-lando-norris","tag-mclaren","tag-oscar-piastri","42wp_author-gabriel-garcia"],"_links":{"self":[{"href":"https:\/\/grandepremio.com\/es\/wp-json\/wp\/v2\/posts\/7526","targetHints":{"allow":["GET"]}}],"collection":[{"href":"https:\/\/grandepremio.com\/es\/wp-json\/wp\/v2\/posts"}],"about":[{"href":"https:\/\/grandepremio.com\/es\/wp-json\/wp\/v2\/types\/post"}],"replies":[{"embeddable":true,"href":"https:\/\/grandepremio.com\/es\/wp-json\/wp\/v2\/comments?post=7526"}],"version-history":[{"count":0,"href":"https:\/\/grandepremio.com\/es\/wp-json\/wp\/v2\/posts\/7526\/revisions"}],"wp:featuredmedia":[{"embeddable":true,"href":"https:\/\/grandepremio.com\/es\/wp-json\/wp\/v2\/media\/1010327925"}],"wp:attachment":[{"href":"https:\/\/grandepremio.com\/es\/wp-json\/wp\/v2\/media?parent=7526"}],"wp:term":[{"taxonomy":"category","embeddable":true,"href":"https:\/\/grandepremio.com\/es\/wp-json\/wp\/v2\/categories?post=7526"},{"taxonomy":"post_tag","embeddable":true,"href":"https:\/\/grandepremio.com\/es\/wp-json\/wp\/v2\/tags?post=7526"},{"taxonomy":"42wp_author","embeddable":true,"href":"https:\/\/grandepremio.com\/es\/wp-json\/wp\/v2\/42wp_author?post=7526"}],"curies":[{"name":"wp","href":"https:\/\/api.w.org\/{rel}","templated":true}]}}