{"id":7527,"date":"2025-05-16T15:10:31","date_gmt":"2025-05-16T18:10:31","guid":{"rendered":"https:\/\/grandepremio.com\/es\/2025\/05\/16\/ex-jefe-alpine-imola-tras-renuncia-f1-f2-f3\/"},"modified":"2025-05-16T15:10:36","modified_gmt":"2025-05-16T18:10:36","slug":"ex-jefe-alpine-imola-tras-renuncia-f1-f2-f3","status":"publish","type":"post","link":"https:\/\/grandepremio.com\/es\/f1\/ex-jefe-alpine-imola-tras-renuncia-f1-f2-f3\/","title":{"rendered":"Ex jefe de Alpine comparece en \u00cdmola tras su renuncia en F1 para ver la F2 y la F3"},"content":{"rendered":"\n<p class=\"wp-block-paragraph\"><strong>Oliver Oakes<\/strong> volvi\u00f3 al paddock de la <strong>F\u00f3rmula 1<\/strong> a solo d\u00edas de de haber renunciado a su cargo como jefe del equipo <strong>Alpine<\/strong>, ya que este fin de semana en \u00cdmola se presentan la <strong>F\u00f3rmula 2<\/strong> y la <strong>F\u00f3rmula 3<\/strong>, donde el brit\u00e1nico es uno de los propietarios del equipo <strong>Hitech<\/strong>.\u00a0<\/p>\n\n\n\n<p class=\"wp-block-paragraph\">\ud83d\udfe5 <strong><em>\u00a1Todas las novedades te esperan en el canal de <\/em><\/strong><a href=\"https:\/\/www.youtube.com\/@GrandePremioES\"><em>YouTube<\/em><\/a><strong><em> de Grande Pr\u00eamio en Espa\u00f1ol!<\/em><\/strong> \ud83d\udfe8<\/p>\n\n\n\n<p class=\"wp-block-paragraph\">La informaci\u00f3n fue confirmada por <strong>GRANDE PR\u00caMIO<\/strong>, que est\u00e1 presente este fin de semana en el <strong>GP de la Emilia Roma\u00f1a<\/strong>, mientras se investiga a <strong>William Oakes<\/strong>, hermano de Oliver, <a href=\"https:\/\/grandepremio.com\/es\/f1\/ex-jefe-dimite-alpine-detencion-hermano-f1-2025\/\" target=\"_blank\" rel=\"noreferrer noopener\">que fue detenido en el Reino Unido por transferir propiedad criminal y estar en posesi\u00f3n de una gran suma de dinero<\/a>.<\/p>\n\n\n\n<p class=\"wp-block-paragraph\">Por el momento, no se han brindado m\u00e1s detalles, pero se cree que Oliver asumi\u00f3 el cargo de jefe en Hitech en reemplazo de William, que, a su vez, qued\u00f3 a cargo de la escuder\u00eda por la marcha de su hermano a Alpine.&nbsp;<\/p>\n\n\n\n<figure class=\"wp-block-embed is-type-video is-provider-youtube wp-block-embed-youtube wp-embed-aspect-16-9 wp-has-aspect-ratio\"><div class=\"wp-block-embed__wrapper\">\n<iframe loading=\"lazy\" title=\"GP DE EMILIA ROMA\u00d1A 2025-LA PREVIA\" width=\"500\" height=\"281\" src=\"https:\/\/www.youtube.com\/embed\/x3xTBXBAiOM?feature=oembed\" frameborder=\"0\" allow=\"accelerometer; autoplay; clipboard-write; encrypted-media; gyroscope; picture-in-picture; web-share\" referrerpolicy=\"strict-origin-when-cross-origin\" allowfullscreen><\/iframe>\n<\/div><\/figure>\n\n\n\n<p class=\"wp-block-paragraph\">Hay que recordar que el equipo era totalmente de <strong>Dmitry Mazepin<\/strong>, el padre de Nikita, pero, al comenzar la guerra de Rusia y Ucrania, esas acciones se transfirieron a los Oakes, aunque se especula con que una empresa radicada en Europa es la poseedora de Hitech a trav\u00e9s del dinero de la familia Mazepin.\u00a0<\/p>\n\n\n\n<p class=\"wp-block-paragraph\">Seg\u00fan la publicaci\u00f3n holandesa <em>De Telegraaf<\/em>, Oakes no se desplaz\u00f3 mucho, pero\u00a0fue visto por algunas personas en Imola. Cabe se\u00f1alar que se report\u00f3 que ex el jefe de Alpine en la F\u00f3rmula 1 se hab\u00eda radicado en Dubai tras su renuncia, pero ha vuelto al trabajo por la detenci\u00f3n de su hermano.<\/p>\n\n\n\n<p class=\"wp-block-paragraph\">\u23e9 <strong><em>\u00a1Seguinos en redes por <\/em><\/strong><a href=\"https:\/\/twitter.com\/grandepremioES\"><em>Twitter <\/em><\/a><strong><em>e <\/em><\/strong><a href=\"https:\/\/www.instagram.com\/grandepremioes\/\"><em>Instagram!<\/em><em><br><\/em><\/a>\u23e9 <strong><em>Adem\u00e1s, tenemos nuestro <\/em><\/strong><a href=\"https:\/\/whatsapp.com\/channel\/0029VaDZ5zb0gcfDxuwxBM05\"><em>canal de Whatsapp<\/em><\/a><strong><em> con toda la informaci\u00f3n al instante<\/em><\/strong> \ud83c\udfc1<\/p>\n\n\n\n<p class=\"wp-block-paragraph\">La F\u00f3rmula 1 regresar\u00e1 a la pista de \u00cdmola ma\u00f1ana con la FP3 del Gran Premio de Emilia-Roma\u00f1a desde las 7:30, hora de Brasilia y Buenos Aires, con la cobertura de GRANDE PREMIO.<\/p>\n","protected":false},"excerpt":{"rendered":"<p>GRANDE PR\u00caMIO ha confirmado que Oliver Oakes acudi\u00f3 en la jornada de hoy en el circuito de Imola para presenciar el Gran Premio de Emilia-Roma\u00f1a de F2 y F3 pocos d\u00edas despu\u00e9s de dimitir como jefe de Alpine. El brit\u00e1nico de 37 a\u00f1os es el propietario de Hitech. <\/p>\n","protected":false},"author":0,"featured_media":1010327916,"comment_status":"closed","ping_status":"closed","sticky":false,"template":"","format":"standard","meta":{"42wp_featured_image_caption":"","42wp_featured_image_credits":"","42wp_featured_video":"","42wp_featured_image_hidden":false,"42wp_authors_list":[],"footnotes":""},"categories":[5],"tags":[678,2323,179,211,1128,1659,1488,284,10593,12317],"42wp_author":[14237],"class_list":["post-7527","post","type-post","status-publish","format-standard","has-post-thumbnail","hentry","category-f1","tag-alpine","tag-dmitry-mazepin","tag-formula-1","tag-formula-2","tag-formula-3","tag-gp-de-la-emilia-romana","tag-grande-premio","tag-hitech","tag-oliver-oakes","tag-william-oakes","42wp_author-gabriel-garcia"],"_links":{"self":[{"href":"https:\/\/grandepremio.com\/es\/wp-json\/wp\/v2\/posts\/7527","targetHints":{"allow":["GET"]}}],"collection":[{"href":"https:\/\/grandepremio.com\/es\/wp-json\/wp\/v2\/posts"}],"about":[{"href":"https:\/\/grandepremio.com\/es\/wp-json\/wp\/v2\/types\/post"}],"replies":[{"embeddable":true,"href":"https:\/\/grandepremio.com\/es\/wp-json\/wp\/v2\/comments?post=7527"}],"version-history":[{"count":0,"href":"https:\/\/grandepremio.com\/es\/wp-json\/wp\/v2\/posts\/7527\/revisions"}],"wp:featuredmedia":[{"embeddable":true,"href":"https:\/\/grandepremio.com\/es\/wp-json\/wp\/v2\/media\/1010327916"}],"wp:attachment":[{"href":"https:\/\/grandepremio.com\/es\/wp-json\/wp\/v2\/media?parent=7527"}],"wp:term":[{"taxonomy":"category","embeddable":true,"href":"https:\/\/grandepremio.com\/es\/wp-json\/wp\/v2\/categories?post=7527"},{"taxonomy":"post_tag","embeddable":true,"href":"https:\/\/grandepremio.com\/es\/wp-json\/wp\/v2\/tags?post=7527"},{"taxonomy":"42wp_author","embeddable":true,"href":"https:\/\/grandepremio.com\/es\/wp-json\/wp\/v2\/42wp_author?post=7527"}],"curies":[{"name":"wp","href":"https:\/\/api.w.org\/{rel}","templated":true}]}}