{"id":7552,"date":"2025-05-15T12:14:58","date_gmt":"2025-05-15T15:14:58","guid":{"rendered":"https:\/\/grandepremio.com\/es\/2025\/05\/15\/hadjar-dice-doohan-mal-principio-bajo-presion\/"},"modified":"2025-05-15T12:15:02","modified_gmt":"2025-05-15T15:15:02","slug":"hadjar-dice-doohan-mal-principio-bajo-presion","status":"publish","type":"post","link":"https:\/\/grandepremio.com\/es\/f1\/hadjar-dice-doohan-mal-principio-bajo-presion\/","title":{"rendered":"Hadjar dice que la situaci\u00f3n de Doohan &#8220;ol\u00eda un poco mal&#8221; desde el principio: &#8220;Bajo presi\u00f3n&#8221;"},"content":{"rendered":"\n<p class=\"wp-block-paragraph\">El despido de <strong>Jack Doohan<\/strong> como piloto titular de <strong>Alpine <\/strong>y su reemplazo por <strong>Franco Colapinto<\/strong> para el <strong>GP de Emilia Roma\u00f1a <\/strong>de la <strong>F\u00f3rmula 1<\/strong> ha sido tema de conversaci\u00f3n en el d\u00eda de medios en<strong> \u00cdmola <\/strong>y fue <strong>Isack Hadjar <\/strong>el que coment\u00f3 que no le gust\u00f3 lo ocurrido con el australiano.\u00a0<\/p>\n\n\n\n<p class=\"wp-block-paragraph\">\ud83d\udfe5 <strong><em>\u00a1Todas las novedades te esperan en el canal de <\/em><\/strong><a href=\"https:\/\/www.youtube.com\/@GrandePremioES\"><em>YouTube<\/em><\/a><strong><em> de Grande Pr\u00eamio en Espa\u00f1ol!<\/em><\/strong> \ud83d\udfe8<\/p>\n\n\n\n<p class=\"wp-block-paragraph\">Hadjar dijo que la postura del equipo franc\u00e9s fue <em>\u201cun poco dura\u201d<\/em>, ya que el hijo de <strong>Mick Doohan<\/strong> tampoco tiene <em>\u201cun cohete\u201d <\/em>y que hab\u00eda comenzado la <strong>F1 2025<\/strong> con much\u00edsima presi\u00f3n y que se rumore\u00f3 desde antes del <strong>GP de Australia<\/strong> que iba a ser sustituido por Colapinto, algo que ocurri\u00f3 la semana pasada.\u00a0<\/p>\n\n\n\n<p class=\"wp-block-paragraph\">Alpine argument\u00f3 que necesitaba evaluar a ambos pilotos y por eso dio a Colapinto cinco Grandes Premios, pero el piloto de <strong>Racing Bulls<\/strong> dijo que hab\u00eda que dar tiempo a los novatos:<strong> \u201cIncluso antes de la temporada, ol\u00eda un poco mal, porque creo que lleg\u00f3 a la temporada con mucha presi\u00f3n, expectativas. No era un buen ambiente. Me parece bastante injusto porque, en seis carreras, no ha tenido mucho tiempo para demostrar nada. Y tampoco es que tuviera un cohete. As\u00ed que, s\u00ed, un poco duro\u201d.\u00a0<\/strong><\/p>\n\n\n\n<figure class=\"wp-block-embed is-type-video is-provider-youtube wp-block-embed-youtube wp-embed-aspect-16-9 wp-has-aspect-ratio\"><div class=\"wp-block-embed__wrapper\">\n<iframe loading=\"lazy\" title=\"GP DE EMILIA ROMA\u00d1A 2025-LA PREVIA\" width=\"500\" height=\"281\" src=\"https:\/\/www.youtube.com\/embed\/x3xTBXBAiOM?feature=oembed\" frameborder=\"0\" allow=\"accelerometer; autoplay; clipboard-write; encrypted-media; gyroscope; picture-in-picture; web-share\" referrerpolicy=\"strict-origin-when-cross-origin\" allowfullscreen><\/iframe>\n<\/div><\/figure>\n\n\n\n<p class=\"wp-block-paragraph\">Cuando un periodista se\u00f1al\u00f3 que Racing Bulls fue m\u00e1s comprensivo en su debut en la F1, Isack: <strong>\u201cS\u00ed, no ten\u00eda una pistola apunt\u00e1ndome a la cabeza antes de empezar la temporada. Eso me ayud\u00f3. Y he tenido un buen apoyo desde el primer d\u00eda, as\u00ed que definitivamente ayuda\u201d.<\/strong><\/p>\n\n\n\n<p class=\"wp-block-paragraph\">Sin embargo, tambi\u00e9n se record\u00f3 al piloto franc\u00e9s que<strong> Red Bull<\/strong> reemplaz\u00f3 a <strong>Liam Lawson<\/strong> por <strong>Yuki Tsunoda <\/strong>y que el neozeland\u00e9s fue descendido a Racing Bulls despu\u00e9s de solo dos carreras: <strong>\u201cEntiendo que cuando eres Red Bull, quieres luchar por el Mundial de Constructores. As\u00ed que eso tiene sentido quiz\u00e1 en el equipo principal, pero por el contrario, si quieres que tu novato tenga experiencia, necesitas darle carreras. O no puede correr\u201d.<\/strong><\/p>\n\n\n\n<p class=\"wp-block-paragraph\">\u23e9 <strong><em>\u00a1Seguinos en redes por <\/em><\/strong><a href=\"https:\/\/twitter.com\/grandepremioES\"><em>Twitter <\/em><\/a><strong><em>e <\/em><\/strong><a href=\"https:\/\/www.instagram.com\/grandepremioes\/\"><em>Instagram!<\/em><em><br><\/em><\/a>\u23e9 <strong><em>Adem\u00e1s, tenemos nuestro <\/em><\/strong><a href=\"https:\/\/whatsapp.com\/channel\/0029VaDZ5zb0gcfDxuwxBM05\"><em>canal de Whatsapp<\/em><\/a><strong><em> con toda la informaci\u00f3n al instante<\/em><\/strong> \ud83c\udfc1<\/p>\n\n\n\n<p class=\"wp-block-paragraph\">La F\u00f3rmula 1 volver\u00e1 la pr\u00f3xima semana, entre el 16 y el 18 de mayo con el Gran Premio de la Emilia-Roma\u00f1a en \u00cdmola, la s\u00e9ptima cita del calendario 2025. Cobertura de GRANDE PREMIO en Espa\u00f1ol.<\/p>\n","protected":false},"excerpt":{"rendered":"<p>En la v\u00edspera del Gran Premio de Emilia-Roma\u00f1a, Isack Hadjar sali\u00f3 en defensa de Jack Doohan, que perdi\u00f3 el asiento en Alpine en favor de Franco Colapinto. El franco-argelino calific\u00f3 la decisi\u00f3n de \u00abdura\u00bb y dijo que la situaci\u00f3n del australiano \u00abol\u00eda un poco mal\u00bb desde el principio.<\/p>\n","protected":false},"author":0,"featured_media":1010327712,"comment_status":"closed","ping_status":"closed","sticky":false,"template":"","format":"standard","meta":{"42wp_featured_image_caption":"","42wp_featured_image_credits":"","42wp_featured_video":"","42wp_featured_image_hidden":false,"42wp_authors_list":[],"footnotes":""},"categories":[5],"tags":[678,1710,179,814,1475,2527,2528,2300,1011,279,1398,9812,206,368],"42wp_author":[14237],"class_list":["post-7552","post","type-post","status-publish","format-standard","has-post-thumbnail","hentry","category-f1","tag-alpine","tag-f1-2025","tag-formula-1","tag-franco-colapinto","tag-gp-de-australia","tag-gp-de-emilia-romana","tag-imola-2","tag-isack-hadjar","tag-jack-doohan","tag-liam-lawson","tag-mick-doohan","tag-racing-bulls","tag-red-bull","tag-yuki-tsunoda","42wp_author-gabriel-garcia"],"_links":{"self":[{"href":"https:\/\/grandepremio.com\/es\/wp-json\/wp\/v2\/posts\/7552","targetHints":{"allow":["GET"]}}],"collection":[{"href":"https:\/\/grandepremio.com\/es\/wp-json\/wp\/v2\/posts"}],"about":[{"href":"https:\/\/grandepremio.com\/es\/wp-json\/wp\/v2\/types\/post"}],"replies":[{"embeddable":true,"href":"https:\/\/grandepremio.com\/es\/wp-json\/wp\/v2\/comments?post=7552"}],"version-history":[{"count":0,"href":"https:\/\/grandepremio.com\/es\/wp-json\/wp\/v2\/posts\/7552\/revisions"}],"wp:featuredmedia":[{"embeddable":true,"href":"https:\/\/grandepremio.com\/es\/wp-json\/wp\/v2\/media\/1010327712"}],"wp:attachment":[{"href":"https:\/\/grandepremio.com\/es\/wp-json\/wp\/v2\/media?parent=7552"}],"wp:term":[{"taxonomy":"category","embeddable":true,"href":"https:\/\/grandepremio.com\/es\/wp-json\/wp\/v2\/categories?post=7552"},{"taxonomy":"post_tag","embeddable":true,"href":"https:\/\/grandepremio.com\/es\/wp-json\/wp\/v2\/tags?post=7552"},{"taxonomy":"42wp_author","embeddable":true,"href":"https:\/\/grandepremio.com\/es\/wp-json\/wp\/v2\/42wp_author?post=7552"}],"curies":[{"name":"wp","href":"https:\/\/api.w.org\/{rel}","templated":true}]}}