{"id":7554,"date":"2025-05-15T11:52:42","date_gmt":"2025-05-15T14:52:42","guid":{"rendered":"https:\/\/grandepremio.com\/es\/2025\/05\/15\/sainz-parcial-ve-padre-candidato-presidir-fia\/"},"modified":"2025-05-15T11:52:46","modified_gmt":"2025-05-15T14:52:46","slug":"sainz-parcial-ve-padre-candidato-presidir-fia","status":"publish","type":"post","link":"https:\/\/grandepremio.com\/es\/f1\/sainz-parcial-ve-padre-candidato-presidir-fia\/","title":{"rendered":"Sainz admite ser parcial, pero ve a su padre como &#8220;muy buen candidato&#8221; a presidir la FIA"},"content":{"rendered":"\n<p class=\"wp-block-paragraph\">Se ha hablado mucho de la posibilidad de que <strong>Carlos Sainz<\/strong> pueda presentarse como candidato a presidente de la <strong>FIA<\/strong>, la Federaci\u00f3n Internacional del Autom\u00f3vil, en las elecciones que tienen que llevarse a cabo a finales de este a\u00f1o, para competir con el actual presidente, <strong>Mohammed Ben Sulayem<\/strong>.\u00a0<\/p>\n\n\n\n<p class=\"wp-block-paragraph\">\ud83d\udfe5 <strong><em>\u00a1Todas las novedades te esperan en el canal de <\/em><\/strong><a href=\"https:\/\/www.youtube.com\/@GrandePremioES\"><em>YouTube<\/em><\/a><strong><em> de Grande Pr\u00eamio en Espa\u00f1ol!<\/em><\/strong> \ud83d\udfe8<\/p>\n\n\n\n<p class=\"wp-block-paragraph\">Y en la previa del <strong>GP de la Emilia Roma\u00f1a<\/strong> en <strong>\u00cdmola<\/strong>, <strong>Carlos Sainz Jr<\/strong>, piloto de <strong>Williams<\/strong>, declar\u00f3 que, por ser el hijo del <em>\u201cmatador\u201d<\/em>, es parcial en sus opiniones, pero consider\u00f3 que su padre puede ser un buen presidente del ente rector del automovilismo. Por el momento, el ex campe\u00f3n del <strong>WRC <\/strong>no ha formalizado su candidatura.\u00a0<\/p>\n\n\n\n<p class=\"wp-block-paragraph\"><strong>\u201cHablando desde la posici\u00f3n m\u00e1s objetiva posible, no se me ocurre nadie mejor, alguien que ha vivido cada d\u00eda en el karting con su hijo y que conoce las ra\u00edces del automovilismo en el karting, como \u00e9l lo hizo en los cuatro o cinco a\u00f1os que estuvo en el karting conmigo\u201d,<\/strong> dijo Sainz este jueves en el d\u00eda de medios.<\/p>\n\n\n\n<figure class=\"wp-block-embed is-type-video is-provider-youtube wp-block-embed-youtube wp-embed-aspect-16-9 wp-has-aspect-ratio\"><div class=\"wp-block-embed__wrapper\">\n<iframe loading=\"lazy\" title=\"GP DE EMILIA ROMA\u00d1A 2025-LA PREVIA\" width=\"500\" height=\"281\" src=\"https:\/\/www.youtube.com\/embed\/x3xTBXBAiOM?feature=oembed\" frameborder=\"0\" allow=\"accelerometer; autoplay; clipboard-write; encrypted-media; gyroscope; picture-in-picture; web-share\" referrerpolicy=\"strict-origin-when-cross-origin\" allowfullscreen><\/iframe>\n<\/div><\/figure>\n\n\n\n<p class=\"wp-block-paragraph\"><strong>\u201cHizo cuatro o cinco a\u00f1os de monoplazas conmigo, sabiendo lo dura, cara y dif\u00edcil que es la escalera. Hizo diez a\u00f1os de F1 conmigo. Ha hecho 40 a\u00f1os de rallies. As\u00ed que un tipo con tanta experiencia en tantas \u00e1reas del automovilismo, llegando al final de su carrera de carreras, y tratando de encontrar una manera de devolver al deporte lo que el deporte le ha dado\u201d<\/strong>, a\u00f1adi\u00f3 Carlos sobre el acompa\u00f1amiento de su padre a lo largo de su trayectoria deportiva.<\/p>\n\n\n\n<p class=\"wp-block-paragraph\"><strong>\u201cEs la posici\u00f3n m\u00e1s objetiva que puedo encontrar como hijo suyo. Obviamente es un muy buen candidato. Que se presente o no depende completamente de \u00e9l\u201d<\/strong>, concluy\u00f3.<\/p>\n\n\n\n<p class=\"wp-block-paragraph\">\u23e9 <strong><em>\u00a1Seguinos en redes por <\/em><\/strong><a href=\"https:\/\/twitter.com\/grandepremioES\"><em>Twitter <\/em><\/a><strong><em>e <\/em><\/strong><a href=\"https:\/\/www.instagram.com\/grandepremioes\/\"><em>Instagram!<\/em><em><br><\/em><\/a>\u23e9 <strong><em>Adem\u00e1s, tenemos nuestro <\/em><\/strong><a href=\"https:\/\/whatsapp.com\/channel\/0029VaDZ5zb0gcfDxuwxBM05\"><em>canal de Whatsapp<\/em><\/a><strong><em> con toda la informaci\u00f3n al instante<\/em><\/strong> \ud83c\udfc1<\/p>\n\n\n\n<p class=\"wp-block-paragraph\">La F\u00f3rmula 1 volver\u00e1 la pr\u00f3xima semana, entre el 16 y el 18 de mayo con el Gran Premio de la Emilia-Roma\u00f1a en \u00cdmola, la s\u00e9ptima cita del calendario 2025. Cobertura de GRANDE PREMIO en Espa\u00f1ol.<\/p>\n","protected":false},"excerpt":{"rendered":"<p>Carlos Sainz Jr. admiti\u00f3 que, como hijo, es parcial, pero cit\u00f3 la experiencia de su padre en el automovilismo y valor\u00f3 que es un \u00abmuy buen\u00bb candidato para el puesto de presidente de la FIA (Federaci\u00f3n Internacional del Autom\u00f3vil).<\/p>\n","protected":false},"author":0,"featured_media":1010327700,"comment_status":"closed","ping_status":"closed","sticky":false,"template":"","format":"standard","meta":{"42wp_featured_image_caption":"","42wp_featured_image_credits":"","42wp_featured_video":"","42wp_featured_image_hidden":false,"42wp_authors_list":[],"footnotes":""},"categories":[5],"tags":[302,8387,263,2527,2528,1930,204,1226],"42wp_author":[14237],"class_list":["post-7554","post","type-post","status-publish","format-standard","has-post-thumbnail","hentry","category-f1","tag-carlos-sainz","tag-carlos-sainz-jr-2","tag-fia","tag-gp-de-emilia-romana","tag-imola-2","tag-mohammed-ben-sulayem","tag-williams","tag-wrc","42wp_author-gabriel-garcia"],"_links":{"self":[{"href":"https:\/\/grandepremio.com\/es\/wp-json\/wp\/v2\/posts\/7554","targetHints":{"allow":["GET"]}}],"collection":[{"href":"https:\/\/grandepremio.com\/es\/wp-json\/wp\/v2\/posts"}],"about":[{"href":"https:\/\/grandepremio.com\/es\/wp-json\/wp\/v2\/types\/post"}],"replies":[{"embeddable":true,"href":"https:\/\/grandepremio.com\/es\/wp-json\/wp\/v2\/comments?post=7554"}],"version-history":[{"count":0,"href":"https:\/\/grandepremio.com\/es\/wp-json\/wp\/v2\/posts\/7554\/revisions"}],"wp:featuredmedia":[{"embeddable":true,"href":"https:\/\/grandepremio.com\/es\/wp-json\/wp\/v2\/media\/1010327700"}],"wp:attachment":[{"href":"https:\/\/grandepremio.com\/es\/wp-json\/wp\/v2\/media?parent=7554"}],"wp:term":[{"taxonomy":"category","embeddable":true,"href":"https:\/\/grandepremio.com\/es\/wp-json\/wp\/v2\/categories?post=7554"},{"taxonomy":"post_tag","embeddable":true,"href":"https:\/\/grandepremio.com\/es\/wp-json\/wp\/v2\/tags?post=7554"},{"taxonomy":"42wp_author","embeddable":true,"href":"https:\/\/grandepremio.com\/es\/wp-json\/wp\/v2\/42wp_author?post=7554"}],"curies":[{"name":"wp","href":"https:\/\/api.w.org\/{rel}","templated":true}]}}