{"id":761,"date":"2026-06-10T09:51:42","date_gmt":"2026-06-10T12:51:42","guid":{"rendered":"https:\/\/grandepremio.com\/es\/2026\/06\/10\/motogp-confirma-gp-aragon-temporada-2027\/"},"modified":"2026-06-10T09:51:45","modified_gmt":"2026-06-10T12:51:45","slug":"motogp-confirma-gp-aragon-temporada-2027","status":"publish","type":"post","link":"https:\/\/grandepremio.com\/es\/motogp\/motogp-confirma-gp-aragon-temporada-2027\/","title":{"rendered":"MotoGP confirma al GP de Arag\u00f3n en la temporada 2027"},"content":{"rendered":"\n<p class=\"wp-block-paragraph\"><strong>MotoGP<\/strong> ha rectificado y ha reincorporado el <strong>Gran Premio de Arag\u00f3n<\/strong> al calendario de la <strong>temporada 2027<\/strong>. El anuncio del nuevo acuerdo entre el campeonato y el gobierno aragon\u00e9s se realiz\u00f3 este mi\u00e9rcoles en un acto en <strong>Zaragoza<\/strong>.<\/p>\n\n\n\n<p class=\"wp-block-paragraph\">El contrato actual entre el grupo <strong>MotoGP Sports Entertainment<\/strong> y el circuito de <strong>Teruel <\/strong>expira este a\u00f1o, y se esperaba que no se renovara. Sin embargo, la prensa local inform\u00f3 el martes que el circuito se mantendr\u00eda en el calendario debido a la salida del <strong>Gran Premio de Hungr\u00eda<\/strong>, ya que el campeonato no tiene inter\u00e9s en continuar en <strong>Balaton Park<\/strong> y no puede trasladarse inmediatamente a <strong>Hungaroring<\/strong>.<\/p>\n\n\n\n<p class=\"wp-block-paragraph\">Con el nuevo contrato, MotoGP garantiza que <strong>MotorLand <\/strong>ser\u00e1 un circuito de reserva entre <strong>2028<\/strong> y <strong>2031<\/strong>.<\/p>\n\n\n\n<p class=\"wp-block-paragraph\">&#8220;MotorLand Arag\u00f3n ha sido un socio importante de MotoGP durante casi dos d\u00e9cadas, desempe\u00f1ando un papel clave en la presencia del campeonato en <strong>Espa\u00f1a<\/strong>&#8220;, declar\u00f3 <strong>Carmelo Ezpeleta<\/strong>, CEO del grupo MotoGP Sports Entertainment. &#8220;La renovaci\u00f3n para <strong>2027<\/strong> refleja la solidez de esta alianza y el valor que el evento aporta a la regi\u00f3n. Nos complace seguir trabajando juntos y mantener a Arag\u00f3n como parte de la familia MotoGP durante los pr\u00f3ximos a\u00f1os como circuito de reserva&#8221;, a\u00f1adi\u00f3.<\/p>\n\n\n\n<p class=\"wp-block-paragraph\">\ud83d\udfe5&nbsp;<strong><em>\u00a1Todas las novedades te esperan en el canal de&nbsp;<\/em><\/strong><a href=\"https:\/\/www.youtube.com\/@GrandePremioES\"><em>YouTube<\/em><\/a><strong><em>&nbsp;de Grande Pr\u00eamio en Espa\u00f1ol!<\/em><\/strong>&nbsp;\ud83d\udfe8<\/p>\n\n\n\n<figure class=\"wp-block-image size-large\"><img decoding=\"async\" src=\"https:\/\/grandepremio.com\/cdn-cgi\/image\/width=893,height=558,fit=contain,gravity=0.5x0.5,quality=75,format=webp\/es\/wp-content\/uploads\/2026\/06\/MotoGP-2026-Aragao-MotorLand-1200x800-1-1024x683.jpg\" alt=\"\" class=\"wp-image-404304\"\/><figcaption class=\"wp-element-caption\">MotoGP realiz\u00f3 el anuncio este mi\u00e9rcoles de la permanencia de MotorLand. (Foto: Divulgaci\u00f3n\/MotoGP)<\/figcaption><\/figure>\n\n\n\n<p class=\"wp-block-paragraph\">\u23e9&nbsp;<strong><em>\u00a1Seguinos en redes por&nbsp;<\/em><\/strong><a href=\"https:\/\/twitter.com\/grandepremioES\"><em>Twitter&nbsp;<\/em><\/a><strong><em>e&nbsp;<\/em><\/strong><a href=\"https:\/\/www.instagram.com\/grandepremioes\/\"><em>Instagram!<br><\/em><\/a>\u23e9&nbsp;<strong><em>Adem\u00e1s, tenemos nuestro&nbsp;<\/em><\/strong><a href=\"https:\/\/whatsapp.com\/channel\/0029VaDZ5zb0gcfDxuwxBM05\"><em>canal de Whatsapp<\/em><\/a><strong><em>&nbsp;con toda la informaci\u00f3n al instante<\/em><\/strong>&nbsp;\ud83c\udfc1<\/p>\n\n\n\n<p class=\"wp-block-paragraph\">En el comunicado de prensa, MotoGP indica que el GP de Arag\u00f3n representa una inversi\u00f3n de 12 millones de euros, con un retorno anual para la regi\u00f3n de alrededor de 50 millones de euros en impacto econ\u00f3mico directo e indirecto.<\/p>\n\n\n\n<p class=\"wp-block-paragraph\">&#8220;Nos complace confirmar que el GP de Arag\u00f3n regresar\u00e1 el pr\u00f3ximo a\u00f1o&#8221;, celebr\u00f3 <strong>Jorge Az\u00f3n<\/strong>, presidente regional de Arag\u00f3n. &#8220;Las motos volver\u00e1n a competir en el circuito de <strong>Alca\u00f1iz<\/strong> en 2027. Y MotorLand tambi\u00e9n seguir\u00e1 vinculado a MotoGP entre 2028 y 2031 como sede de reserva&#8221;, concluy\u00f3.<\/p>\n\n\n\n<p class=\"wp-block-paragraph\">Con el anuncio de que Arag\u00f3n permanecer\u00e1 en el calendario, en 2027 se volver\u00e1n a celebrar cuatro carreras en Espa\u00f1a, ya que los circuitos de <strong>Jerez<\/strong>, <strong>Barcelona <\/strong>y <strong>Valencia <\/strong>tambi\u00e9n se mantendr\u00e1n.<\/p>\n\n\n\n<p class=\"wp-block-paragraph\"><strong>MotoGP<\/strong>&nbsp;regresa a la acci\u00f3n entre el 19 y el 21 de junio en&nbsp;<strong>Brno<\/strong>&nbsp;para el&nbsp;<strong>Gran Premio de la Rep\u00fablica Checa<\/strong>, la novena prueba de la&nbsp;<strong>temporada 2026<\/strong>.<\/p>\n\n\n\n<figure class=\"wp-block-embed is-type-video is-provider-youtube wp-block-embed-youtube wp-embed-aspect-16-9 wp-has-aspect-ratio\"><div class=\"wp-block-embed__wrapper\">\n<iframe loading=\"lazy\" title=\"ANTONELLI  GANA LA QUINTA SEGUIDA EN M\u00d3NACO; COLAPINTO 14\u00b0\" width=\"500\" height=\"281\" src=\"https:\/\/www.youtube.com\/embed\/JsG6VT4U-ts?feature=oembed\" frameborder=\"0\" allow=\"accelerometer; autoplay; clipboard-write; encrypted-media; gyroscope; picture-in-picture; web-share\" referrerpolicy=\"strict-origin-when-cross-origin\" allowfullscreen><\/iframe>\n<\/div><\/figure>\n","protected":false},"excerpt":{"rendered":"<p>Originalmente no se hab\u00eda previsto que MotorLand formara parte del calendario de 2027, pero este mi\u00e9rcoles se confirm\u00f3 como una de las sedes del Campeonato del Mundo de MotoGP en 2027. Adem\u00e1s, el circuito de Arag\u00f3n ser\u00e1 sede reserva del campeonato entre 2028 y 2031.<\/p>\n","protected":false},"author":0,"featured_media":1010404303,"comment_status":"closed","ping_status":"closed","sticky":false,"template":"","format":"standard","meta":{"42wp_featured_image_caption":"","42wp_featured_image_credits":"","42wp_featured_video":"","42wp_featured_image_hidden":false,"42wp_authors_list":[],"footnotes":""},"categories":[8],"tags":[2425,1571,1293,8591,1596],"42wp_author":[14240],"class_list":["post-761","post","type-post","status-publish","format-standard","has-post-thumbnail","hentry","category-motogp","tag-carmelo-ezpeleta","tag-gp-de-aragon","tag-motogp","tag-motogp-2026","tag-motorland","42wp_author-ignacio-bogado"],"_links":{"self":[{"href":"https:\/\/grandepremio.com\/es\/wp-json\/wp\/v2\/posts\/761","targetHints":{"allow":["GET"]}}],"collection":[{"href":"https:\/\/grandepremio.com\/es\/wp-json\/wp\/v2\/posts"}],"about":[{"href":"https:\/\/grandepremio.com\/es\/wp-json\/wp\/v2\/types\/post"}],"replies":[{"embeddable":true,"href":"https:\/\/grandepremio.com\/es\/wp-json\/wp\/v2\/comments?post=761"}],"version-history":[{"count":1,"href":"https:\/\/grandepremio.com\/es\/wp-json\/wp\/v2\/posts\/761\/revisions"}],"predecessor-version":[{"id":34372,"href":"https:\/\/grandepremio.com\/es\/wp-json\/wp\/v2\/posts\/761\/revisions\/34372"}],"wp:featuredmedia":[{"embeddable":true,"href":"https:\/\/grandepremio.com\/es\/wp-json\/wp\/v2\/media\/1010404303"}],"wp:attachment":[{"href":"https:\/\/grandepremio.com\/es\/wp-json\/wp\/v2\/media?parent=761"}],"wp:term":[{"taxonomy":"category","embeddable":true,"href":"https:\/\/grandepremio.com\/es\/wp-json\/wp\/v2\/categories?post=761"},{"taxonomy":"post_tag","embeddable":true,"href":"https:\/\/grandepremio.com\/es\/wp-json\/wp\/v2\/tags?post=761"},{"taxonomy":"42wp_author","embeddable":true,"href":"https:\/\/grandepremio.com\/es\/wp-json\/wp\/v2\/42wp_author?post=761"}],"curies":[{"name":"wp","href":"https:\/\/api.w.org\/{rel}","templated":true}]}}