{"id":7628,"date":"2025-05-09T15:45:14","date_gmt":"2025-05-09T18:45:14","guid":{"rendered":"https:\/\/grandepremio.com\/es\/2025\/05\/09\/cadillac-trabaja-2029-primer-motor-f1\/"},"modified":"2025-05-09T15:45:17","modified_gmt":"2025-05-09T18:45:17","slug":"cadillac-trabaja-2029-primer-motor-f1","status":"publish","type":"post","link":"https:\/\/grandepremio.com\/es\/f1\/cadillac-trabaja-2029-primer-motor-f1\/","title":{"rendered":"Cadillac ya trabaja de cara a 2029 y enciende el primer prototipo de motor para la F1"},"content":{"rendered":"\n<p class=\"wp-block-paragraph\">Ya conocemos que el equipo <strong>Cadillac <\/strong>ingresar\u00e1 como cliente de <strong>Ferrari <\/strong>en cuanto a la provisi\u00f3n de unidades de potencia en 2026, pero han puesto en marcha su plan para tener motores propios en 2029, algo que hab\u00edan dado a conocer cuando quer\u00edan ingresar a la<strong> F\u00f3rmula 1.<\/strong>\u00a0<\/p>\n\n\n\n<p class=\"wp-block-paragraph\">\ud83d\udfe5 <strong><em>\u00a1Todas las novedades te esperan en el canal de <\/em><\/strong><a href=\"https:\/\/www.youtube.com\/@GrandePremioES\"><em>YouTube<\/em><\/a><strong><em> de Grande Pr\u00eamio en Espa\u00f1ol!<\/em><\/strong> \ud83d\udfe8<\/p>\n\n\n\n<p class=\"wp-block-paragraph\">Durante el evento en el que promocionaron su llegada a la categor\u00eda, celebrado en el <strong>GP de Miami<\/strong>, la marca de <strong>GM <\/strong>anunci\u00f3 con bombos y platillos que se encendi\u00f3 su primer motor de F1 en la f\u00e1brica, aunque el sonido no es el definitivo.\u00a0<\/p>\n\n\n\n<p class=\"wp-block-paragraph\"><strong>Mark Reuss<\/strong>, presidente de GM, coment\u00f3 al respecto: <strong>\u201cNuestro desarrollo est\u00e1 en marcha. De hecho, encendimos nuestro primer motor la semana pasada\u201d<\/strong>. Por el momento, mantienen su base en la planta de la empresa en Concord, Carolina del Norte, pero se mudar\u00e1n a una nueva f\u00e1brica para el 2027.<\/p>\n\n\n\n<figure class=\"wp-block-embed is-type-video is-provider-youtube wp-block-embed-youtube wp-embed-aspect-16-9 wp-has-aspect-ratio\"><div class=\"wp-block-embed__wrapper\">\n<iframe loading=\"lazy\" title=\"COLAPINTO VUELVE A LA F1 EN IMOLA\" width=\"500\" height=\"281\" src=\"https:\/\/www.youtube.com\/embed\/lvhIvLd9T00?feature=oembed\" frameborder=\"0\" allow=\"accelerometer; autoplay; clipboard-write; encrypted-media; gyroscope; picture-in-picture; web-share\" referrerpolicy=\"strict-origin-when-cross-origin\" allowfullscreen><\/iframe>\n<\/div><\/figure>\n\n\n\n<p class=\"wp-block-paragraph\">En cuanto a las recientes discusiones sobre un nuevo cambio de motores en los pr\u00f3ximos a\u00f1os, incluyendo el regreso del <strong>V10<\/strong>, Reuss dijo que hab\u00eda habido un retroceso por parte de los implicados: <strong>\u201cHubo una reuni\u00f3n formal [en Miami], en la que estaban todas las f\u00e1bricas como proveedoras de motores. Discutimos la situaci\u00f3n y llegamos a la conclusi\u00f3n de que terminaremos lo que empezamos, como f\u00e1bricas y c\u00f3mo campeonato. Pero estamos muy abiertos a considerar otras opciones\u201d<\/strong>.<\/p>\n\n\n\n<p class=\"wp-block-paragraph\">Por \u00faltimo, el equipo estadounidense recibi\u00f3 el visto bueno de la <strong>FIA <\/strong>para operar fuera del l\u00edmite presupuestario, por lo que han contratado a much\u00edsimos empleados para prepararse de la mejor manera posible. Adem\u00e1s, siguen negociando con varios pilotos por las dos butacas de 2026.\u00a0<\/p>\n\n\n\n<p class=\"wp-block-paragraph\">\u23e9 <strong><em>\u00a1Seguinos en redes por <\/em><\/strong><a href=\"https:\/\/twitter.com\/grandepremioES\"><em>Twitter <\/em><\/a><strong><em>e <\/em><\/strong><a href=\"https:\/\/www.instagram.com\/grandepremioes\/\"><em>Instagram!<\/em><em><br><\/em><\/a>\u23e9 <strong><em>Adem\u00e1s, tenemos nuestro <\/em><\/strong><a href=\"https:\/\/whatsapp.com\/channel\/0029VaDZ5zb0gcfDxuwxBM05\"><em>canal de Whatsapp<\/em><\/a><strong><em> con toda la informaci\u00f3n al instante<\/em><\/strong> \ud83c\udfc1<\/p>\n\n\n\n<p class=\"wp-block-paragraph\">La F\u00f3rmula 1 regresa del 16 al 18 de mayo para el Gran Premio de Emilia-Roma\u00f1a en Imola, el primero de la temporada 2025 en Europa.<\/p>\n","protected":false},"excerpt":{"rendered":"<p>Aunque su debut como escuder\u00eda en 2026 ser\u00e1 como equipo cliente de Ferrari, Cadillac ya trabaja a fondo en el motor que pondr\u00e1 en pista a partir de la temporada 2029 de la F\u00f3rmula 1. <\/p>\n","protected":false},"author":0,"featured_media":1010326964,"comment_status":"closed","ping_status":"closed","sticky":false,"template":"","format":"standard","meta":{"42wp_featured_image_caption":"","42wp_featured_image_credits":"","42wp_featured_video":"","42wp_featured_image_hidden":false,"42wp_authors_list":[],"footnotes":""},"categories":[5],"tags":[1560,185,263,179,4907,1534,5096,11928],"42wp_author":[14237],"class_list":["post-7628","post","type-post","status-publish","format-standard","has-post-thumbnail","hentry","category-f1","tag-cadillac","tag-ferrari","tag-fia","tag-formula-1","tag-gm","tag-gp-de-miami","tag-mark-reuss","tag-motores-v10","42wp_author-gabriel-garcia"],"_links":{"self":[{"href":"https:\/\/grandepremio.com\/es\/wp-json\/wp\/v2\/posts\/7628","targetHints":{"allow":["GET"]}}],"collection":[{"href":"https:\/\/grandepremio.com\/es\/wp-json\/wp\/v2\/posts"}],"about":[{"href":"https:\/\/grandepremio.com\/es\/wp-json\/wp\/v2\/types\/post"}],"replies":[{"embeddable":true,"href":"https:\/\/grandepremio.com\/es\/wp-json\/wp\/v2\/comments?post=7628"}],"version-history":[{"count":0,"href":"https:\/\/grandepremio.com\/es\/wp-json\/wp\/v2\/posts\/7628\/revisions"}],"wp:featuredmedia":[{"embeddable":true,"href":"https:\/\/grandepremio.com\/es\/wp-json\/wp\/v2\/media\/1010326964"}],"wp:attachment":[{"href":"https:\/\/grandepremio.com\/es\/wp-json\/wp\/v2\/media?parent=7628"}],"wp:term":[{"taxonomy":"category","embeddable":true,"href":"https:\/\/grandepremio.com\/es\/wp-json\/wp\/v2\/categories?post=7628"},{"taxonomy":"post_tag","embeddable":true,"href":"https:\/\/grandepremio.com\/es\/wp-json\/wp\/v2\/tags?post=7628"},{"taxonomy":"42wp_author","embeddable":true,"href":"https:\/\/grandepremio.com\/es\/wp-json\/wp\/v2\/42wp_author?post=7628"}],"curies":[{"name":"wp","href":"https:\/\/api.w.org\/{rel}","templated":true}]}}