{"id":7671,"date":"2025-05-06T16:38:27","date_gmt":"2025-05-06T19:38:27","guid":{"rendered":"https:\/\/grandepremio.com\/es\/2025\/05\/06\/oliver-oakes-renuncia-franco-colapinto-formula-1-2025\/"},"modified":"2025-05-06T16:38:31","modified_gmt":"2025-05-06T19:38:31","slug":"oliver-oakes-renuncia-franco-colapinto-formula-1-2025","status":"publish","type":"post","link":"https:\/\/grandepremio.com\/es\/f1\/oliver-oakes-renuncia-franco-colapinto-formula-1-2025\/","title":{"rendered":"Oakes renuncia al cargo de jefe de equipo en Alpine; Briatore hereda sus funciones"},"content":{"rendered":"\n<p class=\"wp-block-paragraph\"><strong>Oliver Oakes<\/strong> ya no es el jefe de<strong> Alpine<\/strong> en la <strong>F\u00f3rmula 1. <\/strong>La escuder\u00eda francesa confirm\u00f3 la dimisi\u00f3n del brit\u00e1nico este martes en un comunicado oficial.<\/p>\n\n\n\n<p class=\"wp-block-paragraph\">Alpine manifest\u00f3 que \u00abacepta su dimisi\u00f3n con efecto inmediato\u00bb y que<strong> Flavio Briatore<\/strong>, que sigue siendo asesor ejecutivo, asumir\u00e1 el papel de Oakes como director del equipo.<\/p>\n\n\n\n<p class=\"wp-block-paragraph\">La noticia llega en medio de la inminente sustituci\u00f3n de<strong> Jack Doohan<\/strong> por <strong>Franco Colapinto,<\/strong> ya programada para el <strong>GP de Emilia-Roma\u00f1a<\/strong>, aunque por el momento sin confirmaci\u00f3n oficial. El argentino se encuentra incluso en Pa\u00edses Bajos, donde este mi\u00e9rcoles llevar\u00e1 a cabo una prueba TPC con el equipo franc\u00e9s en el circuito de Zandvoort.<\/p>\n\n\n\n<p class=\"wp-block-paragraph\">\ud83d\udfe5\u00a0<strong><em>\u00a1Todas las novedades te esperan en el canal de\u00a0<\/em><\/strong><a href=\"https:\/\/www.youtube.com\/@GrandePremioES\"><em>YouTube<\/em><\/a><strong><em>\u00a0de Grande Pr\u00eamio en Espa\u00f1ol!<\/em><\/strong>\u00a0\ud83d\udfe8<\/p>\n\n\n\n<figure class=\"wp-block-image size-full\"><img decoding=\"async\" src=\"https:\/\/grandepremio.com\/es\/wp-content\/uploads\/2025\/05\/image-13.png\" alt=\"\" class=\"wp-image-326537\"\/><figcaption class=\"wp-element-caption\">Franco Colapinto suena como reemplazo de Jack Doohan para el GP de Emilia Roma\u00f1a- (Foto: Reproducci\u00f3n)<\/figcaption><\/figure>\n\n\n\n<p class=\"wp-block-paragraph\">\u23e9\u00a0<strong><em>\u00a1Seguinos en redes por\u00a0<\/em><\/strong><a href=\"https:\/\/twitter.com\/grandepremioES\"><em>Twitter\u00a0<\/em><\/a><strong><em>e\u00a0<\/em><\/strong><a href=\"https:\/\/www.instagram.com\/grandepremioes\/\"><em>Instagram!<br><\/em><\/a>\u23e9\u00a0<strong><em>Adem\u00e1s, tenemos nuestro\u00a0<\/em><\/strong><a href=\"https:\/\/whatsapp.com\/channel\/0029VaDZ5zb0gcfDxuwxBM05\"><em>canal de Whatsapp<\/em><\/a><strong><em>\u00a0con toda la informaci\u00f3n al instante<\/em><\/strong>\u00a0\ud83c\udfc1<\/p>\n\n\n\n<p class=\"wp-block-paragraph\">&#8220;El equipo quiere agradecer a Oliver sus esfuerzos desde que se incorpor\u00f3 el pasado verano y su contribuci\u00f3n para ayudar al equipo a asegurar la sexta plaza en el Campeonato de Constructores 2024.<br>El equipo no har\u00e1 m\u00e1s comentarios&#8221;, expres\u00f3 Alpine.<\/p>\n\n\n\n<p class=\"wp-block-paragraph\"><strong>La F\u00f3rmula 1 regresa la pr\u00f3xima semana, del 16 al 18 de mayo, para el Gran Premio de Emilia-Roma\u00f1a, el primero de la temporada 2025 en Europa.<\/strong><\/p>\n","protected":false},"excerpt":{"rendered":"<p>Oliver Oakes renunci\u00f3 de manera imprevista este martes al cargo de jefe de Alpine. Flavio Briatore, asesor ejecutivo del equipo franc\u00e9s, heredar\u00e1 sus funciones como nuevo director.<\/p>\n","protected":false},"author":0,"featured_media":1010324646,"comment_status":"closed","ping_status":"closed","sticky":false,"template":"","format":"standard","meta":{"42wp_featured_image_caption":"","42wp_featured_image_credits":"","42wp_featured_video":"","42wp_featured_image_hidden":false,"42wp_authors_list":[],"footnotes":""},"categories":[5],"tags":[181,1710,2326,179,814,10593],"42wp_author":[14223],"class_list":["post-7671","post","type-post","status-publish","format-standard","has-post-thumbnail","hentry","category-f1","tag-f1","tag-f1-2025","tag-flavio-briatore","tag-formula-1","tag-franco-colapinto","tag-oliver-oakes","42wp_author-esteban-nieto"],"_links":{"self":[{"href":"https:\/\/grandepremio.com\/es\/wp-json\/wp\/v2\/posts\/7671","targetHints":{"allow":["GET"]}}],"collection":[{"href":"https:\/\/grandepremio.com\/es\/wp-json\/wp\/v2\/posts"}],"about":[{"href":"https:\/\/grandepremio.com\/es\/wp-json\/wp\/v2\/types\/post"}],"replies":[{"embeddable":true,"href":"https:\/\/grandepremio.com\/es\/wp-json\/wp\/v2\/comments?post=7671"}],"version-history":[{"count":0,"href":"https:\/\/grandepremio.com\/es\/wp-json\/wp\/v2\/posts\/7671\/revisions"}],"wp:featuredmedia":[{"embeddable":true,"href":"https:\/\/grandepremio.com\/es\/wp-json\/wp\/v2\/media\/1010324646"}],"wp:attachment":[{"href":"https:\/\/grandepremio.com\/es\/wp-json\/wp\/v2\/media?parent=7671"}],"wp:term":[{"taxonomy":"category","embeddable":true,"href":"https:\/\/grandepremio.com\/es\/wp-json\/wp\/v2\/categories?post=7671"},{"taxonomy":"post_tag","embeddable":true,"href":"https:\/\/grandepremio.com\/es\/wp-json\/wp\/v2\/tags?post=7671"},{"taxonomy":"42wp_author","embeddable":true,"href":"https:\/\/grandepremio.com\/es\/wp-json\/wp\/v2\/42wp_author?post=7671"}],"curies":[{"name":"wp","href":"https:\/\/api.w.org\/{rel}","templated":true}]}}