{"id":7755,"date":"2025-05-03T11:35:58","date_gmt":"2025-05-03T14:35:58","guid":{"rendered":"https:\/\/grandepremio.com\/es\/2025\/05\/03\/fenestraz-octavo-clasificacion-super-gt-fuji-gt500\/"},"modified":"2025-05-03T11:36:04","modified_gmt":"2025-05-03T14:36:04","slug":"fenestraz-octavo-clasificacion-super-gt-fuji-gt500","status":"publish","type":"post","link":"https:\/\/grandepremio.com\/es\/resistencia\/fenestraz-octavo-clasificacion-super-gt-fuji-gt500\/","title":{"rendered":"Fenestraz finaliza octavo en la clasificaci\u00f3n del Super GT en Fuji; 1-2 de Toyota en GT500"},"content":{"rendered":"\n<p class=\"wp-block-paragraph\">El <strong>Super GT <\/strong>afront\u00f3 su segunda clasificaci\u00f3n del a\u00f1o con un mejor clima que el que tuvo en la cita de <strong>Okayama <\/strong>del mes pasado: una temperatura de 20 grados, 33 en la pista, y una humedad del 42%, en una jornada sabatina que fue so\u00f1ada para la disputa de la actividad en el <strong>Fuji Speedway<\/strong>.\u00a0<\/p>\n\n\n\n<p class=\"wp-block-paragraph\">\ud83d\udfe5 <strong><em>\u00a1Todas las novedades te esperan en el canal de <\/em><\/strong><a href=\"https:\/\/www.youtube.com\/@GrandePremioES\"><em>YouTube<\/em><\/a><strong><em> de Grande Pr\u00eamio en Espa\u00f1ol!<\/em><\/strong> \ud83d\udfe8<\/p>\n\n\n\n<p class=\"wp-block-paragraph\">Antes de la sesi\u00f3n cronometrada, se desarroll\u00f3 un largo entrenamiento, que dur\u00f3 m\u00e1s de dos horas, en el que <strong>Sacha Fenestraz<\/strong> qued\u00f3 15\u00b0 en <strong>GT500 <\/strong>con el #39 <strong>Denso Kobelco Sard GR Supra<\/strong> tras una marca de 1:28.311, a casi un segundo de los m\u00e1s r\u00e1pidos, los pilotos del #19 WedssSport Advan GR Supra que, adem\u00e1s de los habituales <strong>Yuji Kunimoto <\/strong>y <strong>Sena Sakaguchi<\/strong>, le daban la bienvenida a Kazuto Kotaka para la carrera de tres horas del domingo.\u00a0<\/p>\n\n\n\n<p class=\"wp-block-paragraph\">Como es habitual, la Q1 comenz\u00f3 con los quince autos en pista de la clase mayor y a Sacha le toc\u00f3 clasificar el Supra del <strong>Team Sard<\/strong> y logr\u00f3 avanzar a la Q2, a pesar de los kilos extra que tienen en el coche por el podio de la primera carrera. El piloto argentino hizo un tiempo de 1:26.949, con el que qued\u00f3 a 0.459s del mejor registro, que fue el de Kunimoto en 1:26.490. De este modo, su compa\u00f1ero, <strong>Yuhi Sekugchi<\/strong>, tomaba la conducci\u00f3n para definir la pole en el top ten.\u00a0<\/p>\n\n\n\n<figure class=\"wp-block-embed is-type-video is-provider-youtube wp-block-embed-youtube wp-embed-aspect-16-9 wp-has-aspect-ratio\"><div class=\"wp-block-embed__wrapper\">\n<iframe loading=\"lazy\" title=\"GP DE MIAMI 2025 - LA PREVIA\" width=\"500\" height=\"281\" src=\"https:\/\/www.youtube.com\/embed\/i9oZaB02Byk?feature=oembed\" frameborder=\"0\" allow=\"accelerometer; autoplay; clipboard-write; encrypted-media; gyroscope; picture-in-picture; web-share\" referrerpolicy=\"strict-origin-when-cross-origin\" allowfullscreen><\/iframe>\n<\/div><\/figure>\n\n\n\n<p class=\"wp-block-paragraph\">Notablemente, el auto que hizo la pole en Okayama el #<strong>14 Eneos X Prime GR Supra<\/strong> qued\u00f3 eliminado en 11mo puesto por solo 0.047s con la conducci\u00f3n de Kazuya Oshima. Adem\u00e1s del Supra, hubo tres <strong>Nissan <\/strong>eliminados (Bertrand Baguette, Tepei Natori y Mitsunori Takaboshi) y un <strong>Honda<\/strong>, el de Naoki Yamamoto.<\/p>\n\n\n\n<p class=\"wp-block-paragraph\">Ya en la Q2, Sekiguchi clasific\u00f3 octavo el coche que comparte con Fenestraz, a 0.814s de la pole de <strong>Toshiki Oyu<\/strong>, que volvi\u00f3 a colocar en lo m\u00e1s alto de la clase mayor del Super GT al #38 Kee Per cerumo GR Supra con un registro de 1:26.093. De este modo, el equipo <strong>Cerumo <\/strong>rompi\u00f3 una racha de cinco a\u00f1os sin poles. Adem\u00e1s, <strong>Toyota <\/strong>qued\u00f3 1-2 en la clasificaci\u00f3n, dado que Sena Sakaguchi escolt\u00f3 a Oyu a 0.083s.\u00a0<\/p>\n\n\n\n<p class=\"wp-block-paragraph\"><strong>Ren Sato<\/strong> fue el mejor de los Honda en tercera posici\u00f3n, a 0.274s del tiempo de pole con el #16 ARTA Mugen Civic Type R-GT y <strong>Tomoki Nojiri<\/strong> le sigui\u00f3 de cerca, con el coche hermano, el n\u00famero 8 del equipo Mugen. Daiki Sasaki fue quinto, con el #3 Niterra Motul Z, a 0,373s. Giuliano Alesi, <strong>Sho Tsuboi<\/strong>, Koudai Tsukakoshi y Takuya Izawa completaron la n\u00f3mina de los diez pilotos que participaron de la Q2.\u00a0<\/p>\n\n\n\n<figure class=\"wp-block-image size-large\"><img decoding=\"async\" src=\"https:\/\/grandepremio.com\/cdn-cgi\/image\/width=893,height=558,fit=contain,gravity=0.5x0.5,quality=75,format=webp\/es\/wp-content\/uploads\/2025\/05\/image-1-1024x559.png\" alt=\"\" class=\"wp-image-325981\"\/><figcaption class=\"wp-element-caption\">Tomonobu Fujii y Charlie Fagg lograron la pole en GT300 en Fuji. (Foto: GTA)<\/figcaption><\/figure>\n\n\n\n<p class=\"wp-block-paragraph\">Por su parte, en la clase <strong>GT300<\/strong> la pole correspondi\u00f3 al #777 D\u2019Station Vantage de <strong>Charlie Fagg<\/strong>, que bati\u00f3 con su 1:34.820 al #61 Subaru BRZ de Hideki Yamauchi por apenas 0.06s. Rikuto Kobayashi clasific\u00f3 tercero, pero a medio segundo con el #7 CarGuy Ferrari 296, que comparte con el ex piloto de la F\u00f3rmula 2, <strong>Zak O\u2019Sullivan<\/strong>, mientras que Yusuke Shiotsu meti\u00f3 al #5 Machsyaken MC86 en cuarto puesto y quinto finaliz\u00f3 Kei Cozzolino, con el #45 Ponos Ferrari 296.<\/p>\n\n\n\n<p class=\"wp-block-paragraph\">Hay que destacar que <strong>Oliver Rasmussen<\/strong> volvi\u00f3 a las pistas este fin de semana en el #31 apr LC500h GT junto a Miki Koyama y acab\u00f3 15\u00b0, a 1.742s de Fagg, justo por detr\u00e1s de los ganadores de la ronda inicial, el #65 Leon Pyramid AMG, manejado por <strong>Naoya Gamou<\/strong> en la Q2. Lamentablemente, <strong>Roberto Merhi<\/strong> qued\u00f3 eliminado en la Q1 con el #6 Uni-Robo Ferrari luego de que Yoshiaki Katayama apenas fuera 12\u00b0 en el Grupo B.\u00a0 Tras la quita del tiempo clasificatorio, el espa\u00f1ol largar\u00e1 desde la \u00faltima fila este domingo.<\/p>\n\n\n\n<p class=\"wp-block-paragraph\">\u23e9 <strong><em>\u00a1Seguinos en redes por <\/em><\/strong><a href=\"https:\/\/twitter.com\/grandepremioES\"><em>Twitter <\/em><\/a><strong><em>e <\/em><\/strong><a href=\"https:\/\/www.instagram.com\/grandepremioes\/\"><em>Instagram!<\/em><em><br><\/em><\/a>\u23e9 <strong><em>Adem\u00e1s, tenemos nuestro <\/em><\/strong><a href=\"https:\/\/whatsapp.com\/channel\/0029VaDZ5zb0gcfDxuwxBM05\"><em>canal de Whatsapp<\/em><\/a><strong><em> con toda la informaci\u00f3n al instante<\/em><\/strong> \ud83c\udfc1<\/p>\n\n\n\n<p class=\"wp-block-paragraph\">El Super GT correr\u00e1 su segunda prueba del 2025 desde las 2:10, hora de Brasilia y Buenos Aires, a tres horas como m\u00e1ximo de duraci\u00f3n en el Fuji Speedway, con la cobertura de GRANDE PREMIO en Espa\u00f1ol.&nbsp;<\/p>\n\n\n\n<p class=\"wp-block-paragraph\"><strong>RESULTADOS-GT500<\/strong>:<\/p>\n\n\n\n<figure class=\"wp-block-image size-large\"><img decoding=\"async\" src=\"https:\/\/grandepremio.com\/cdn-cgi\/image\/width=893,height=558,fit=contain,gravity=0.5x0.5,quality=75,format=webp\/es\/wp-content\/uploads\/2025\/05\/image-2-699x1024.png\" alt=\"\" class=\"wp-image-325982\"\/><\/figure>\n\n\n\n<p class=\"wp-block-paragraph\"><strong>RESULTADOS-GT300:<\/strong><\/p>\n\n\n\n<figure class=\"wp-block-image size-large\"><img decoding=\"async\" src=\"https:\/\/grandepremio.com\/cdn-cgi\/image\/width=893,height=558,fit=contain,gravity=0.5x0.5,quality=75,format=webp\/es\/wp-content\/uploads\/2025\/05\/image-3-709x1024.png\" alt=\"\" class=\"wp-image-325983\"\/><\/figure>\n\n\n\n<figure class=\"wp-block-image size-large\"><img decoding=\"async\" src=\"https:\/\/grandepremio.com\/cdn-cgi\/image\/width=893,height=558,fit=contain,gravity=0.5x0.5,quality=75,format=webp\/es\/wp-content\/uploads\/2025\/05\/image-4-714x1024.png\" alt=\"\" class=\"wp-image-325984\"\/><\/figure>\n","protected":false},"excerpt":{"rendered":"<p>Sacha Fenestraz largar\u00e1 octavo en la segunda carrera del Super GT en 2025, luego de haber pasado a la Q1 con el Denso GR Supra y de que Yuhi Sekiguchi completara el trabajo en al Q2. Pole de Toshiki Oyu en GT500. <\/p>\n","protected":false},"author":0,"featured_media":1010325980,"comment_status":"closed","ping_status":"closed","sticky":false,"template":"","format":"standard","meta":{"42wp_featured_image_caption":"","42wp_featured_image_credits":"","42wp_featured_video":"","42wp_featured_image_hidden":false,"42wp_authors_list":[],"footnotes":""},"categories":[19],"tags":[12162,12268,11910,12269,7070,6693,6694,221,12187,756,6690,2467,11219,3009,3007,11226,7074,5562,12054,11223,11769,312,12267,12266,8926],"42wp_author":[14237],"class_list":["post-7755","post","type-post","status-publish","format-standard","has-post-thumbnail","hentry","category-resistencia","tag-39-denso-kobelco-sard-gr-supra","tag-14-eneos-x-prime-gr-supra","tag-cerumo","tag-charlie-fagg","tag-fuji-speedway","tag-gt300","tag-gt500","tag-honda","tag-naoya-gamou","tag-nissan","tag-okayama","tag-oliver-rasmussen","tag-ren-sato","tag-roberto-merhi","tag-sacha-fenestraz","tag-sena-sakaguchi","tag-sho-tsuboi","tag-super-gt","tag-team-sard","tag-tomoki-nojiri","tag-toshiki-oyu","tag-toyota","tag-yuhi-sekugchi","tag-yuji-kunimoto","tag-zak-osullivan-2","42wp_author-gabriel-garcia"],"_links":{"self":[{"href":"https:\/\/grandepremio.com\/es\/wp-json\/wp\/v2\/posts\/7755","targetHints":{"allow":["GET"]}}],"collection":[{"href":"https:\/\/grandepremio.com\/es\/wp-json\/wp\/v2\/posts"}],"about":[{"href":"https:\/\/grandepremio.com\/es\/wp-json\/wp\/v2\/types\/post"}],"replies":[{"embeddable":true,"href":"https:\/\/grandepremio.com\/es\/wp-json\/wp\/v2\/comments?post=7755"}],"version-history":[{"count":0,"href":"https:\/\/grandepremio.com\/es\/wp-json\/wp\/v2\/posts\/7755\/revisions"}],"wp:featuredmedia":[{"embeddable":true,"href":"https:\/\/grandepremio.com\/es\/wp-json\/wp\/v2\/media\/1010325980"}],"wp:attachment":[{"href":"https:\/\/grandepremio.com\/es\/wp-json\/wp\/v2\/media?parent=7755"}],"wp:term":[{"taxonomy":"category","embeddable":true,"href":"https:\/\/grandepremio.com\/es\/wp-json\/wp\/v2\/categories?post=7755"},{"taxonomy":"post_tag","embeddable":true,"href":"https:\/\/grandepremio.com\/es\/wp-json\/wp\/v2\/tags?post=7755"},{"taxonomy":"42wp_author","embeddable":true,"href":"https:\/\/grandepremio.com\/es\/wp-json\/wp\/v2\/42wp_author?post=7755"}],"curies":[{"name":"wp","href":"https:\/\/api.w.org\/{rel}","templated":true}]}}