{"id":7785,"date":"2025-05-02T09:47:00","date_gmt":"2025-05-02T12:47:00","guid":{"rendered":"https:\/\/grandepremio.com\/es\/2025\/05\/02\/bagnaia-minimiza-19o-puesto-test-jerez\/"},"modified":"2025-05-02T11:53:39","modified_gmt":"2025-05-02T14:53:39","slug":"bagnaia-minimiza-19o-puesto-test-jerez","status":"publish","type":"post","link":"https:\/\/grandepremio.com\/es\/motogp\/bagnaia-minimiza-19o-puesto-test-jerez\/","title":{"rendered":"Bagnaia minimiza el 19\u00ba puesto en el test de Jerez: &#8220;Me centr\u00e9 en los ajustes&#8221;"},"content":{"rendered":"\n<p class=\"wp-block-paragraph\">Tras la disputa del <strong>GP de Espa\u00f1a<\/strong>, se desarroll\u00f3 en el mismo <strong>Circuito de Jerez<\/strong> un d\u00eda completo de test organizados por <strong>MotoGP<\/strong>, que permiti\u00f3 a los fabricantes poder probar cosas nuevas en las motos, como lo coment\u00f3 <strong>Francesco Bagnaia<\/strong>, piloto de <strong>Ducati<\/strong>.\u00a0<\/p>\n\n\n\n<p class=\"wp-block-paragraph\">\ud83d\udfe5 <strong><em>\u00a1Todas las novedades te esperan en el canal de <\/em><\/strong><a href=\"https:\/\/www.youtube.com\/@GrandePremioES\"><em>YouTube<\/em><\/a><strong><em> de Grande Pr\u00eamio en Espa\u00f1ol!<\/em><\/strong> \ud83d\udfe8<\/p>\n\n\n\n<p class=\"wp-block-paragraph\">El piloto italiano solo fue 19\u00b0 en la jornada de pruebas y vio como su compa\u00f1ero de equipo, <strong>Marc M\u00e1rquez<\/strong>, encabezaba la tabla de tiempos en las dos sesiones que tuvieron lugar en el trazado andaluz.\u00a0 A pesar de la posici\u00f3n, le dijo al sitio web <em>GPone<\/em> que no estaba preocupado por el resultado, sino que se enfocaron en un programa de pruebas de nuevos elementos.<\/p>\n\n\n\n<p class=\"wp-block-paragraph\"><strong>\u201cMi lista era intensa. Intentamos tocar los reglajes, para estar m\u00e1s contento con las sensaciones de la moto en las curvas r\u00e1pidas. Pero con todo el viento, era dif\u00edcil entender claramente las diferencias\u201d<\/strong>, coment\u00f3.\u00a0<\/p>\n\n\n\n<figure class=\"wp-block-embed is-type-video is-provider-youtube wp-block-embed-youtube wp-embed-aspect-16-9 wp-has-aspect-ratio\"><div class=\"wp-block-embed__wrapper\">\n<iframe loading=\"lazy\" title=\"GP DE MIAMI 2025 - LA PREVIA\" width=\"500\" height=\"281\" src=\"https:\/\/www.youtube.com\/embed\/i9oZaB02Byk?feature=oembed\" frameborder=\"0\" allow=\"accelerometer; autoplay; clipboard-write; encrypted-media; gyroscope; picture-in-picture; web-share\" referrerpolicy=\"strict-origin-when-cross-origin\" allowfullscreen><\/iframe>\n<\/div><\/figure>\n\n\n\n<p class=\"wp-block-paragraph\">Luego, a\u00f1adi\u00f3: <strong>\u201cEs dif\u00edcil trabajar en una puesta a punto como \u00e9sta, as\u00ed que decidimos volver a la antigua y probar cosas nuevas que Marc [M\u00e1rquez] ha estado utilizando desde principios de a\u00f1o. Decid\u00ed quitarlo de la moto porque los tests de Tailandia fueron un desastre\u201d.\u00a0<\/strong><\/p>\n\n\n\n<p class=\"wp-block-paragraph\">Por \u00faltimo, el tercero en el campeonato del <strong>Mundial de Motociclismo<\/strong>, con 120 puntos, revel\u00f3 que llevar\u00e1n elementos probados al <strong>GP de Francia<\/strong>: <strong>\u201cEstoy contento con algo y lo utilizaremos desde el principio en Le Mans. Otras cosas las volver\u00e9 a probar, quiz\u00e1s en un d\u00eda soleado. En cualquier caso, estoy contento porque hemos utilizado dos cosas que creo que nos ayudar\u00e1n. Es dif\u00edcil de explicar, pero no est\u00e1 en el chasis\u201d.\u00a0<\/strong><\/p>\n\n\n\n<p class=\"wp-block-paragraph\">\u23e9 <strong><em>\u00a1Seguinos en redes por <\/em><\/strong><a href=\"https:\/\/twitter.com\/grandepremioES\"><em>Twitter <\/em><\/a><strong><em>e <\/em><\/strong><a href=\"https:\/\/www.instagram.com\/grandepremioes\/\"><em>Instagram!<\/em><em><br><\/em><\/a>\u23e9 <strong><em>Adem\u00e1s, tenemos nuestro <\/em><\/strong><a href=\"https:\/\/whatsapp.com\/channel\/0029VaDZ5zb0gcfDxuwxBM05\"><em>canal de Whatsapp<\/em><\/a><strong><em> con toda la informaci\u00f3n al instante<\/em><\/strong> \ud83c\udfc1<\/p>\n\n\n\n<p class=\"wp-block-paragraph\">MotoGP vuelve a la acci\u00f3n entre el 9 y el 11 de mayo, con el GP de Francia, en Le Mans, para la sexta ronda de la temporada 2025. GRANDE PR\u00caMIO ofrece cobertura completa del evento.&nbsp;<\/p>\n","protected":false},"excerpt":{"rendered":"<p>Francesco Bagnaia s\u00f3lo fue 19\u00ba en el test de MotoGP en Jerez, pero asegur\u00f3 que estaba contento con su rendimiento y que hab\u00eda probado varias novedades en la GP25, la moto de Ducati para este campeonato.<\/p>\n","protected":false},"author":0,"featured_media":1010325802,"comment_status":"closed","ping_status":"closed","sticky":false,"template":"","format":"standard","meta":{"42wp_featured_image_caption":"","42wp_featured_image_credits":"","42wp_featured_video":"","42wp_featured_image_hidden":false,"42wp_authors_list":[],"footnotes":""},"categories":[8],"tags":[11894,1340,1376,588,1428,1392,1293,1764],"42wp_author":[14237],"class_list":["post-7785","post","type-post","status-publish","format-standard","has-post-thumbnail","hentry","category-motogp","tag-circuito-de-jerez","tag-ducati","tag-francesco-bagnaia","tag-gp-de-espana","tag-gp-de-francia","tag-marc-marquez-2","tag-motogp","tag-mundial-de-motociclismo","42wp_author-gabriel-garcia"],"_links":{"self":[{"href":"https:\/\/grandepremio.com\/es\/wp-json\/wp\/v2\/posts\/7785","targetHints":{"allow":["GET"]}}],"collection":[{"href":"https:\/\/grandepremio.com\/es\/wp-json\/wp\/v2\/posts"}],"about":[{"href":"https:\/\/grandepremio.com\/es\/wp-json\/wp\/v2\/types\/post"}],"replies":[{"embeddable":true,"href":"https:\/\/grandepremio.com\/es\/wp-json\/wp\/v2\/comments?post=7785"}],"version-history":[{"count":0,"href":"https:\/\/grandepremio.com\/es\/wp-json\/wp\/v2\/posts\/7785\/revisions"}],"wp:featuredmedia":[{"embeddable":true,"href":"https:\/\/grandepremio.com\/es\/wp-json\/wp\/v2\/media\/1010325802"}],"wp:attachment":[{"href":"https:\/\/grandepremio.com\/es\/wp-json\/wp\/v2\/media?parent=7785"}],"wp:term":[{"taxonomy":"category","embeddable":true,"href":"https:\/\/grandepremio.com\/es\/wp-json\/wp\/v2\/categories?post=7785"},{"taxonomy":"post_tag","embeddable":true,"href":"https:\/\/grandepremio.com\/es\/wp-json\/wp\/v2\/tags?post=7785"},{"taxonomy":"42wp_author","embeddable":true,"href":"https:\/\/grandepremio.com\/es\/wp-json\/wp\/v2\/42wp_author?post=7785"}],"curies":[{"name":"wp","href":"https:\/\/api.w.org\/{rel}","templated":true}]}}