{"id":7796,"date":"2025-05-01T11:44:15","date_gmt":"2025-05-01T14:44:15","guid":{"rendered":"https:\/\/grandepremio.com\/es\/2025\/05\/01\/jefe-sauber-califica-verstappen-piloto-mas-completo-f1\/"},"modified":"2025-05-01T11:44:19","modified_gmt":"2025-05-01T14:44:19","slug":"jefe-sauber-califica-verstappen-piloto-mas-completo-f1","status":"publish","type":"post","link":"https:\/\/grandepremio.com\/es\/f1\/jefe-sauber-califica-verstappen-piloto-mas-completo-f1\/","title":{"rendered":"Jefe de Sauber califica a Verstappen como el \u00abpiloto m\u00e1s completo\u00bb de la F1: \u00abLo tiene todo\u00bb"},"content":{"rendered":"\n<p class=\"wp-block-paragraph\"><strong>Max Verstappen<\/strong> va camino de convertirse en uno de los mejores pilotos de la historia de la <strong>F\u00f3rmula 1<\/strong> en cuanto a logros, pero para <strong>Jonathan Wheatley<\/strong>, ya ha superado a pilotos de la talla de <strong>Michael Schumacher<\/strong> y <strong>Sebastian Vettel<\/strong>. El ex director deportivo de <strong>Red Bull<\/strong> y actual jefe de <strong>Sauber<\/strong> afirm\u00f3 que el neerland\u00e9s tiene \u00abtodo lo que necesita un piloto de carreras\u00bb.<\/p>\n\n\n\n<p class=\"wp-block-paragraph\">Las declaraciones se produjeron durante la aparici\u00f3n del directivo en el podcast <em>Beyond de Grid<\/em>. El actual jefe de <strong>Gabriel Bortoleto<\/strong> fue uno de los mec\u00e1nicos de Schumacher en <strong>Benetton<\/strong> y sigui\u00f3 de cerca al tetracampe\u00f3n de F1, Vettel, durante su etapa en la escuder\u00eda austr\u00edaca, por lo que no tuvo problemas en formular una clasificaci\u00f3n de campeones cuando se le pregunt\u00f3.<\/p>\n\n\n\n<p class=\"wp-block-paragraph\">\u00abCreo que Max encarna todo lo que necesita un piloto de carreras\u00bb, confes\u00f3, etiquet\u00e1ndolo como \u00abel m\u00e1s completo\u00bb. A continuaci\u00f3n, habl\u00f3 de sus a\u00f1os de experiencia junto al tetracampe\u00f3n en el equipo.<\/p>\n\n\n\n<p class=\"wp-block-paragraph\">\ud83d\udfe5&nbsp;<strong><em>\u00a1Todas las novedades te esperan en el canal de&nbsp;<\/em><\/strong><a href=\"https:\/\/www.youtube.com\/@GrandePremioES\"><em>YouTube<\/em><\/a><strong><em>&nbsp;de Grande Pr\u00eamio en Espa\u00f1ol!<\/em><\/strong>&nbsp;\ud83d\udfe8<\/p>\n\n\n\n<figure class=\"wp-block-image size-large\"><img decoding=\"async\" src=\"https:\/\/grandepremio.com\/es\/wp-content\/uploads\/2025\/04\/arabia-saudita-2025-f1-corrida-red-bull-max-verstappen-afp-08-1200x800-1-1024x683.jpg\" alt=\"\" class=\"wp-image-325444\"\/><figcaption class=\"wp-element-caption\">Jonathan Wheatley calific\u00f3 a Max Verstappen por encima de Schumacher y Vettel. (Foto: AFP)<\/figcaption><\/figure>\n\n\n\n<p class=\"wp-block-paragraph\">\u23e9\u00a0<strong><em>\u00a1Seguinos en redes por\u00a0<\/em><\/strong><a href=\"https:\/\/twitter.com\/grandepremioES\"><em>Twitter\u00a0<\/em><\/a><strong><em>e\u00a0<\/em><\/strong><a href=\"https:\/\/www.instagram.com\/grandepremioes\/\"><em>Instagram!<\/em><\/a><br>\u23e9\u00a0<strong><em>Adem\u00e1s, tenemos nuestro\u00a0<\/em><\/strong><a href=\"https:\/\/whatsapp.com\/channel\/0029VaDZ5zb0gcfDxuwxBM05\"><em>canal de Whatsapp<\/em><\/a><strong><em>\u00a0con toda la informaci\u00f3n al instante<\/em><\/strong>\u00a0\ud83c\udfc1<\/p>\n\n\n\n<p class=\"wp-block-paragraph\">\u00abMe ha encantado trabajar con \u00e9l. El viaje en Red Bull ha sido incre\u00edble. No lo hicimos todo bien. Tambi\u00e9n tuvimos algunas conversaciones dif\u00edciles a lo largo de los a\u00f1os, pero me impresionaron algunas de las cosas que hizo en el coche. Y todav\u00eda lo estoy\u00bb, admiti\u00f3.<\/p>\n\n\n\n<p class=\"wp-block-paragraph\">\u00abA veces todav\u00eda me siento y miro y pienso: &#8216;Vaya, no s\u00e9 si alguien m\u00e1s puede hacer eso&#8217;\u00bb, enfatiz\u00f3. Wheatley cont\u00f3 entonces que habl\u00f3 con Verstappen tras su victoria en el <strong>Gran Premio de Jap\u00f3n<\/strong>, tercera prueba de la <strong>temporada 2025<\/strong>.<\/p>\n\n\n\n<p class=\"wp-block-paragraph\">\u00abHasta <strong>Suzuka<\/strong>, hace unas carreras. Fue un placer. Le envi\u00e9 un mensaje justo despu\u00e9s de la carrera y me contest\u00f3 enseguida\u00bb, concluy\u00f3.<\/p>\n\n\n\n<p class=\"wp-block-paragraph\">La&nbsp;<strong><a href=\"https:\/\/es.grandepremio.com\/f1\/\" target=\"_blank\" rel=\"noreferrer noopener\"><\/a><a href=\"https:\/\/es.grandepremio.com\/f1\/\" target=\"_blank\" rel=\"noreferrer noopener\"><\/a><a href=\"https:\/\/es.grandepremio.com\/f1\/\" target=\"_blank\" rel=\"noreferrer noopener\"><\/a><a href=\"https:\/\/es.grandepremio.com\/f1\/\" target=\"_blank\" rel=\"noreferrer noopener\"><\/a><a href=\"https:\/\/es.grandepremio.com\/f1\/\" target=\"_blank\" rel=\"noreferrer noopener\">F\u00f3rmula 1<\/a><\/strong>&nbsp;regresa del 2 al 4 de mayo con el&nbsp;<strong>Gran Premio de Miami<\/strong>, la primera carrera de la&nbsp;<strong>temporada 2025<\/strong>&nbsp;en&nbsp;<strong>Estados Unidos<\/strong>.<\/p>\n\n\n\n<figure class=\"wp-block-embed is-type-video is-provider-youtube wp-block-embed-youtube wp-embed-aspect-16-9 wp-has-aspect-ratio\"><div class=\"wp-block-embed__wrapper\">\n<iframe loading=\"lazy\" title=\"\u00bfLUCHA DE PODER? EL DOBLE COMANDO DE ALPINE EN F1\" width=\"500\" height=\"281\" src=\"https:\/\/www.youtube.com\/embed\/M3_753GQ_DU?feature=oembed\" frameborder=\"0\" allow=\"accelerometer; autoplay; clipboard-write; encrypted-media; gyroscope; picture-in-picture; web-share\" referrerpolicy=\"strict-origin-when-cross-origin\" allowfullscreen><\/iframe>\n<\/div><\/figure>\n","protected":false},"excerpt":{"rendered":"<p>El ex director deportivo de Red Bull, Jonathan Wheatley, ha admitido que sigue impresionado por lo que Max Verstappen puede hacer al volante de su monoplaza.<\/p>\n","protected":false},"author":0,"featured_media":1010325680,"comment_status":"closed","ping_status":"closed","sticky":false,"template":"","format":"standard","meta":{"42wp_featured_image_caption":"","42wp_featured_image_credits":"","42wp_featured_video":"","42wp_featured_image_hidden":false,"42wp_authors_list":[],"footnotes":""},"categories":[5],"tags":[818,1710,179,2173,249,206,497,208],"42wp_author":[14240],"class_list":["post-7796","post","type-post","status-publish","format-standard","has-post-thumbnail","hentry","category-f1","tag-benetton","tag-f1-2025","tag-formula-1","tag-jonathan-wheatley","tag-max-verstappen","tag-red-bull","tag-sauber","tag-sebastian-vettel","42wp_author-ignacio-bogado"],"_links":{"self":[{"href":"https:\/\/grandepremio.com\/es\/wp-json\/wp\/v2\/posts\/7796","targetHints":{"allow":["GET"]}}],"collection":[{"href":"https:\/\/grandepremio.com\/es\/wp-json\/wp\/v2\/posts"}],"about":[{"href":"https:\/\/grandepremio.com\/es\/wp-json\/wp\/v2\/types\/post"}],"replies":[{"embeddable":true,"href":"https:\/\/grandepremio.com\/es\/wp-json\/wp\/v2\/comments?post=7796"}],"version-history":[{"count":0,"href":"https:\/\/grandepremio.com\/es\/wp-json\/wp\/v2\/posts\/7796\/revisions"}],"wp:featuredmedia":[{"embeddable":true,"href":"https:\/\/grandepremio.com\/es\/wp-json\/wp\/v2\/media\/1010325680"}],"wp:attachment":[{"href":"https:\/\/grandepremio.com\/es\/wp-json\/wp\/v2\/media?parent=7796"}],"wp:term":[{"taxonomy":"category","embeddable":true,"href":"https:\/\/grandepremio.com\/es\/wp-json\/wp\/v2\/categories?post=7796"},{"taxonomy":"post_tag","embeddable":true,"href":"https:\/\/grandepremio.com\/es\/wp-json\/wp\/v2\/tags?post=7796"},{"taxonomy":"42wp_author","embeddable":true,"href":"https:\/\/grandepremio.com\/es\/wp-json\/wp\/v2\/42wp_author?post=7796"}],"curies":[{"name":"wp","href":"https:\/\/api.w.org\/{rel}","templated":true}]}}