{"id":7850,"date":"2025-04-28T11:16:48","date_gmt":"2025-04-28T14:16:48","guid":{"rendered":"https:\/\/grandepremio.com\/es\/2025\/04\/28\/mercedes-detalla-incertidumbres-f1-aumento-aranceles\/"},"modified":"2025-04-28T11:16:53","modified_gmt":"2025-04-28T14:16:53","slug":"mercedes-detalla-incertidumbres-f1-aumento-aranceles","status":"publish","type":"post","link":"https:\/\/grandepremio.com\/es\/f1\/mercedes-detalla-incertidumbres-f1-aumento-aranceles\/","title":{"rendered":"Mercedes detalla las incertidumbres en la F1 por el aumento de aranceles de EE.UU."},"content":{"rendered":"\n<p class=\"wp-block-paragraph\">La <strong>F\u00f3rmula 1 <\/strong>ya est\u00e1 mirando con preocupaci\u00f3n el devenir de los acontecimientos en los Estados Unidos, debido al aumento de los aranceles comerciales impuestos por la administraci\u00f3n de<strong> Donald Trump<\/strong>, y la empresa matriz del equipo <strong>Haas <\/strong>ha tenido que hacer recortes por la ca\u00edda de la demanda.\u00a0<\/p>\n\n\n\n<p class=\"wp-block-paragraph\">\ud83d\udfe5 <strong><em>\u00a1Todas las novedades te esperan en el canal de <\/em><\/strong><a href=\"https:\/\/www.youtube.com\/@GrandePremioES\"><em>YouTube<\/em><\/a><strong><em> de Grande Pr\u00eamio en Espa\u00f1ol!<\/em><\/strong> \ud83d\udfe8<\/p>\n\n\n\n<p class=\"wp-block-paragraph\">En el caso del equipo <strong>Mercedes<\/strong>, el jefe de equipo, <strong>Toto Wolff<\/strong> habl\u00f3 de este tema durante el fin de semana del <strong>GP de Arabia Saudita<\/strong> asegur\u00f3 que las decisiones de Trump son un <em>\u201cexperimento socioecon\u00f3mico\u201d<\/em> y dijo que percibe mucha tensi\u00f3n en algunos socios de la escuder\u00eda con sede en <strong>Brackley<\/strong>, en Reino Unido.<\/p>\n\n\n\n<p class=\"wp-block-paragraph\"><strong>\u201cMi formaci\u00f3n es financiera, por eso le presto atenci\u00f3n. Lo que est\u00e1 ocurriendo a nivel mundial es casi como un experimento socioecon\u00f3mico. Es divertido ver las noticias y tratar de entender qu\u00e9 est\u00e1 pasando realmente\u201d<\/strong>, coment\u00f3 el austr\u00edaco.\u00a0<\/p>\n\n\n\n<p class=\"wp-block-paragraph\"><strong>\u201cSe puede ver un sentimiento negativo por parte de algunos de nuestros socios en Estados Unidos, porque no saben lo que esto significa para el negocio o c\u00f3mo los aranceles y la situaci\u00f3n geopol\u00edtica afectar\u00e1n al negocio en el futuro\u201d<\/strong>, explic\u00f3 Wolff.<\/p>\n\n\n\n<figure class=\"wp-block-embed is-type-video is-provider-youtube wp-block-embed-youtube wp-embed-aspect-16-9 wp-has-aspect-ratio\"><div class=\"wp-block-embed__wrapper\">\n<iframe loading=\"lazy\" title=\"HAMILTON SUFRE LA FALTA DE ADAPTACI\u00d3N CON FERRARI EN F1\" width=\"500\" height=\"281\" src=\"https:\/\/www.youtube.com\/embed\/3TAYq7oUWWs?feature=oembed\" frameborder=\"0\" allow=\"accelerometer; autoplay; clipboard-write; encrypted-media; gyroscope; picture-in-picture; web-share\" referrerpolicy=\"strict-origin-when-cross-origin\" allowfullscreen><\/iframe>\n<\/div><\/figure>\n\n\n\n<p class=\"wp-block-paragraph\"><strong>\u201cA nosotros todav\u00eda no nos ha afectado. Tenemos un grupo de grandes socios en Mercedes que apoyan la F\u00f3rmula 1 al cien por cien. Es una situaci\u00f3n muy din\u00e1mica en lo que respecta a los aranceles automovil\u00edsticos\u201d<\/strong>, concluy\u00f3.\u00a0<\/p>\n\n\n\n<p class=\"wp-block-paragraph\"><strong>Racing Bulls <\/strong>y <strong>Ferrari,<\/strong> que cuentan con patrocinadores estadounidenses a su nombre, tambi\u00e9n se han pronunciado al respecto y <a href=\"https:\/\/grandepremio.com\/es\/f1\/el-aumento-aranceles-trump-alerta-f1\/\" target=\"_blank\" rel=\"noreferrer noopener\">ya han asumido que la situaci\u00f3n podr\u00eda complicarse en el futuro<\/a>, aunque entienden que el impacto en la F1 es a\u00fan m\u00ednimo.<\/p>\n\n\n\n<p class=\"wp-block-paragraph\">\u23e9 <strong><em>\u00a1Seguinos en redes por <\/em><\/strong><a href=\"https:\/\/twitter.com\/grandepremioES\"><em>Twitter <\/em><\/a><strong><em>e <\/em><\/strong><a href=\"https:\/\/www.instagram.com\/grandepremioes\/\"><em>Instagram!<\/em><em><br><\/em><\/a>\u23e9 <strong><em>Adem\u00e1s, tenemos nuestro <\/em><\/strong><a href=\"https:\/\/whatsapp.com\/channel\/0029VaDZ5zb0gcfDxuwxBM05\"><em>canal de Whatsapp<\/em><\/a><strong><em> con toda la informaci\u00f3n al instante<\/em><\/strong> \ud83c\udfc1<\/p>\n\n\n\n<p class=\"wp-block-paragraph\">La F\u00f3rmula 1 regresa del 2 al 4 de mayo con el Gran Premio de Miami, primera carrera de la temporada 2025 en Estados Unidos, que ser\u00e1 la sexta cita de este a\u00f1o. Cobertura de GRANDE PREMIO.<\/p>\n","protected":false},"excerpt":{"rendered":"<p>El jefe de Mercedes, Toto Wolff, es otra de las figuras del paddock que muestra su preocupaci\u00f3n por los elevados aranceles comerciales establecidos por la administraci\u00f3n Trump en los Estados Unidos.<\/p>\n","protected":false},"author":0,"featured_media":1010325379,"comment_status":"closed","ping_status":"closed","sticky":false,"template":"","format":"standard","meta":{"42wp_featured_image_caption":"","42wp_featured_image_credits":"","42wp_featured_video":"","42wp_featured_image_hidden":false,"42wp_authors_list":[],"footnotes":""},"categories":[5],"tags":[399,10232,185,179,1505,414,197,9812,569],"42wp_author":[14237],"class_list":["post-7850","post","type-post","status-publish","format-standard","has-post-thumbnail","hentry","category-f1","tag-brackley","tag-donald-trump","tag-ferrari","tag-formula-1","tag-gp-de-arabia-saudita","tag-haas","tag-mercedes","tag-racing-bulls","tag-toto-wolff","42wp_author-gabriel-garcia"],"_links":{"self":[{"href":"https:\/\/grandepremio.com\/es\/wp-json\/wp\/v2\/posts\/7850","targetHints":{"allow":["GET"]}}],"collection":[{"href":"https:\/\/grandepremio.com\/es\/wp-json\/wp\/v2\/posts"}],"about":[{"href":"https:\/\/grandepremio.com\/es\/wp-json\/wp\/v2\/types\/post"}],"replies":[{"embeddable":true,"href":"https:\/\/grandepremio.com\/es\/wp-json\/wp\/v2\/comments?post=7850"}],"version-history":[{"count":0,"href":"https:\/\/grandepremio.com\/es\/wp-json\/wp\/v2\/posts\/7850\/revisions"}],"wp:featuredmedia":[{"embeddable":true,"href":"https:\/\/grandepremio.com\/es\/wp-json\/wp\/v2\/media\/1010325379"}],"wp:attachment":[{"href":"https:\/\/grandepremio.com\/es\/wp-json\/wp\/v2\/media?parent=7850"}],"wp:term":[{"taxonomy":"category","embeddable":true,"href":"https:\/\/grandepremio.com\/es\/wp-json\/wp\/v2\/categories?post=7850"},{"taxonomy":"post_tag","embeddable":true,"href":"https:\/\/grandepremio.com\/es\/wp-json\/wp\/v2\/tags?post=7850"},{"taxonomy":"42wp_author","embeddable":true,"href":"https:\/\/grandepremio.com\/es\/wp-json\/wp\/v2\/42wp_author?post=7850"}],"curies":[{"name":"wp","href":"https:\/\/api.w.org\/{rel}","templated":true}]}}