{"id":7861,"date":"2025-04-27T16:34:56","date_gmt":"2025-04-27T19:34:56","guid":{"rendered":"https:\/\/grandepremio.com\/es\/2025\/04\/27\/rovanpera-acaba-sequia-lidera-cuarteto-toyota-rally-canarias\/"},"modified":"2025-04-27T16:35:00","modified_gmt":"2025-04-27T19:35:00","slug":"rovanpera-acaba-sequia-lidera-cuarteto-toyota-rally-canarias","status":"publish","type":"post","link":"https:\/\/grandepremio.com\/es\/rally\/rovanpera-acaba-sequia-lidera-cuarteto-toyota-rally-canarias\/","title":{"rendered":"Rovanper\u00e4 acaba con su sequ\u00eda y lidera &#8216;cuarteto&#8217; de Toyota en el Rally de Canarias"},"content":{"rendered":"\n<p class=\"wp-block-paragraph\"><strong>Kalle Rovanpera<\/strong> complet\u00f3 un dominio espectacular en el cuarto rally de la temporada 2025 del <strong>WRC <\/strong>en el regreso de la categor\u00eda a Espa\u00f1a despu\u00e9s de tres a\u00f1os, con el <strong>Rally de Islas Canarias<\/strong>.\u00a0<\/p>\n\n\n\n<p class=\"wp-block-paragraph\">\ud83d\udfe5 <strong><em>\u00a1Todas las novedades te esperan en el canal de <\/em><\/strong><a href=\"https:\/\/www.youtube.com\/@GrandePremioES\"><em>YouTube<\/em><\/a><strong><em> de Grande Pr\u00eamio en Espa\u00f1ol!<\/em><\/strong> \ud83d\udfe8<\/p>\n\n\n\n<p class=\"wp-block-paragraph\">Al cabo de los tres d\u00edas de competencia, el finland\u00e9s super\u00f3 a <strong>Sebastien Ogier<\/strong> por 53.5s, luego de haber ganado casi todos los tramos de la carrera. <strong>Elfyn Evans<\/strong> complet\u00f3 el podio y <strong>Takamoto Katsuta<\/strong> fue el cuarto de un evento so\u00f1ado para Toyota, que fue capaz de colocar al Yaris del primero al 4\u00b0 lugar.\u00a0<\/p>\n\n\n\n<p class=\"wp-block-paragraph\">El domingo, Rovanper\u00e4 gan\u00f3 tres de las cinco etapas, con un triunfo de Ogier y otro de <strong>Adrien Fourmaux<\/strong>, el \u00fanico piloto de<strong> Hyundai<\/strong> que se llev\u00f3 una prueba especial a lo largo de la competencia. De las 18 etapas especiales disputadas, Kalle gan\u00f3 15. Evans fue el otro \u00fanico que termin\u00f3 primero.<\/p>\n\n\n\n<p class=\"wp-block-paragraph\">Fourmaux termin\u00f3 en quinto lugar, <strong>Ott T\u00e4nak<\/strong> en sexto y el campe\u00f3n defensor <strong>Thierry Neuville<\/strong> en un lejano s\u00e9ptimo puesto. En <strong>WRC2<\/strong>, Yohan Rossel confirm\u00f3 su triunfo con Citro\u00ebn, mientras que Alejandro Cach\u00f3n y Nikolay Gryazin cerraron el top diez de la competencia y el podio de la categor\u00eda. En <strong>WRC3<\/strong>, la victoria fue de Matt\u00e9o Chatillon y un podio \u00edntegramente franc\u00e9s, formado por Arthur Pelamourgues y Ghjuvanni Rossi.<\/p>\n\n\n\n<figure class=\"wp-block-embed is-type-video is-provider-youtube wp-block-embed-youtube wp-embed-aspect-16-9 wp-has-aspect-ratio\"><div class=\"wp-block-embed__wrapper\">\n<iframe loading=\"lazy\" title=\"HAMILTON SUFRE LA FALTA DE ADAPTACI\u00d3N CON FERRARI EN F1\" width=\"500\" height=\"281\" src=\"https:\/\/www.youtube.com\/embed\/3TAYq7oUWWs?feature=oembed\" frameborder=\"0\" allow=\"accelerometer; autoplay; clipboard-write; encrypted-media; gyroscope; picture-in-picture; web-share\" referrerpolicy=\"strict-origin-when-cross-origin\" allowfullscreen><\/iframe>\n<\/div><\/figure>\n\n\n\n<p class=\"wp-block-paragraph\"><strong>\u201cHa sido un fin de semana estupendo para nosotros y para todo el equipo. Conseguir un 1-2-3-4 como este de nuevo es incre\u00edble. El coche ha sido rapid\u00edsimo, as\u00ed que muchas gracias a todo el equipo por prepararlo tan bien. Jonne tambi\u00e9n ha hecho un gran trabajo y hemos pilotado bien, as\u00ed que probablemente sea una de mis mejores victorias hasta ahora. No es frecuente a este nivel ser tan r\u00e1pido de forma tan constante durante todo el fin de semana. Nuestro objetivo hoy era conseguir el m\u00e1ximo de puntos, y realmente lo necesit\u00e1bamos. Todav\u00eda hay mucha diferencia con Elfyn, pero al menos ahora estamos un paso m\u00e1s cerca y seguimos trabajando\u201d<\/strong>, dijo Rovanpera.\u00a0<\/p>\n\n\n\n<p class=\"wp-block-paragraph\">Con cuatro eventos celebrados del<strong> WRC 2025<\/strong>, Evans se mantiene en el liderazgo con 109 puntos, alejado de su nuevo escolta, Rovanpera, que suma 66, tercero es Neuville con 56, mientras que Ogier (58) y Tanak (57) son cuarto y quinto. En el Campeonato de Constructores, Toyota ha conseguido 208 puntos, frente a los 157 de Hyundai. <strong>Ford <\/strong>tiene 58.<\/p>\n\n\n\n<p class=\"wp-block-paragraph\">\u23e9 <strong><em>\u00a1Seguinos en redes por <\/em><\/strong><a href=\"https:\/\/twitter.com\/grandepremioES\"><em>Twitter <\/em><\/a><strong><em>e <\/em><\/strong><a href=\"https:\/\/www.instagram.com\/grandepremioes\/\"><em>Instagram!<\/em><em><br><\/em><\/a>\u23e9 <strong><em>Adem\u00e1s, tenemos nuestro <\/em><\/strong><a href=\"https:\/\/whatsapp.com\/channel\/0029VaDZ5zb0gcfDxuwxBM05\"><em>canal de Whatsapp<\/em><\/a><strong><em> con toda la informaci\u00f3n al instante<\/em><\/strong> \ud83c\udfc1<\/p>\n\n\n\n<p class=\"wp-block-paragraph\">La pr\u00f3xima etapa del WRC, la quinta de la temporada 2025, est\u00e1 prevista que se celebre entre el 15 y el 18 de mayo, con el Rally de Portugal.<\/p>\n\n\n\n<p class=\"wp-block-paragraph\"><strong>RESULTADOS:<\/strong><\/p>\n\n\n\n<p class=\"wp-block-paragraph\">1 Kalle Rovanper\u00e4\/Jonne Halttunen (Toyota GR YARIS Rally1) 2h54m39.8s<br>2 S\u00e9bastien Ogier\/Vincent Landais (Toyota GR YARIS Rally1) +53.5s<br>3 Elfyn Evans\/Scott Martin (Toyota GR YARIS Rally1) +1m17.1s<br>4 Takamoto Katsuta\/Aaron Johnston (Toyota GR YARIS Rally1) +2m02.9s<br>5 Adrien Fourmaux\/Alexandre Coria (Hyundai i20 N Rally1) +2m31.0s<br>6 Ott T\u00e4nak\/Martin J\u00e4rveoja (Hyundai i20 N Rally1) +3m11.4s<br>7 Thierry Neuville\/Martijn Wydaeghe (Hyundai i20 N Rally1) +3m40.7s<br>8 Yohan Rossel\/Arnaud Dunand (Citro\u00ebn C3 Rally2) +7m10.7s<br>9 Alejandro Cach\u00f3n\/Borja Rozada (Toyota GR Yaris Rally2) +7m40.2s<br>10 Nikolay Gryazin\/Konstantin Aleksandrov (\u0160koda Fabia RS Rally2) +7m58.4s<\/p>\n","protected":false},"excerpt":{"rendered":"<p>El bicampe\u00f3n del mundo Kalle Rovanper\u00e4 se qued\u00f3 con la victoria en el Rally de Canarias. Superior en los tres d\u00edas de actividades, el finland\u00e9s tuvo casi un minuto de ventaja sobre S\u00e9bastien Ogier y finalmente gan\u00f3 en el WRC 2025.<\/p>\n","protected":false},"author":0,"featured_media":1010325273,"comment_status":"closed","ping_status":"closed","sticky":false,"template":"","format":"standard","meta":{"42wp_featured_image_caption":"","42wp_featured_image_credits":"","42wp_featured_video":"","42wp_featured_image_hidden":false,"42wp_authors_list":[],"footnotes":""},"categories":[9],"tags":[2104,1688,2111,1542,6855,1690,12243,2595,7012,1541,1226,9895,7083,9274],"42wp_author":[14237],"class_list":["post-7861","post","type-post","status-publish","format-standard","has-post-thumbnail","hentry","category-rally","tag-adrien-fourmaux","tag-elfyn-evans","tag-ford","tag-hyundai","tag-kalle-rovanpera-2","tag-ott-tanak","tag-rally-de-islas-canarias","tag-sebastien-ogier-3","tag-takamoto-katsuta","tag-thierry-neuville","tag-wrc","tag-wrc-2025","tag-wrc2","tag-wrc3","42wp_author-gabriel-garcia"],"_links":{"self":[{"href":"https:\/\/grandepremio.com\/es\/wp-json\/wp\/v2\/posts\/7861","targetHints":{"allow":["GET"]}}],"collection":[{"href":"https:\/\/grandepremio.com\/es\/wp-json\/wp\/v2\/posts"}],"about":[{"href":"https:\/\/grandepremio.com\/es\/wp-json\/wp\/v2\/types\/post"}],"replies":[{"embeddable":true,"href":"https:\/\/grandepremio.com\/es\/wp-json\/wp\/v2\/comments?post=7861"}],"version-history":[{"count":0,"href":"https:\/\/grandepremio.com\/es\/wp-json\/wp\/v2\/posts\/7861\/revisions"}],"wp:featuredmedia":[{"embeddable":true,"href":"https:\/\/grandepremio.com\/es\/wp-json\/wp\/v2\/media\/1010325273"}],"wp:attachment":[{"href":"https:\/\/grandepremio.com\/es\/wp-json\/wp\/v2\/media?parent=7861"}],"wp:term":[{"taxonomy":"category","embeddable":true,"href":"https:\/\/grandepremio.com\/es\/wp-json\/wp\/v2\/categories?post=7861"},{"taxonomy":"post_tag","embeddable":true,"href":"https:\/\/grandepremio.com\/es\/wp-json\/wp\/v2\/tags?post=7861"},{"taxonomy":"42wp_author","embeddable":true,"href":"https:\/\/grandepremio.com\/es\/wp-json\/wp\/v2\/42wp_author?post=7861"}],"curies":[{"name":"wp","href":"https:\/\/api.w.org\/{rel}","templated":true}]}}