{"id":7873,"date":"2025-04-27T09:58:57","date_gmt":"2025-04-27T12:58:57","guid":{"rendered":"https:\/\/grandepremio.com\/es\/2025\/04\/27\/alex-marquez-caida-hermano-triunfa-primera-motogp\/"},"modified":"2025-04-27T10:15:07","modified_gmt":"2025-04-27T13:15:07","slug":"alex-marquez-caida-hermano-triunfa-primera-motogp","status":"publish","type":"post","link":"https:\/\/grandepremio.com\/es\/motogp\/alex-marquez-caida-hermano-triunfa-primera-motogp\/","title":{"rendered":"\u00c1lex M\u00e1rquez capitaliza ca\u00edda de su hermano y triunfa por primera vez en MotoGP en Jerez"},"content":{"rendered":"\n<p class=\"wp-block-paragraph\">El inicio del <strong>GP de Espa\u00f1a<\/strong> de <strong>MotoGP <\/strong>tuvo a <strong>Fabio Quartararo<\/strong> en la punta y una lucha cerrada entre <strong>Marc M\u00e1rquez<\/strong> y <strong>Francesco Bagnaia<\/strong>. Los dos pilotos de <strong>Ducati <\/strong>persiguieron a la Yamaha y el #93 se cay\u00f3 en la caza del franc\u00e9s y dej\u00f3 el camino libre a su hermano, que venci\u00f3 de manera contundente en Jerez.\u00a0<\/p>\n\n\n\n<p class=\"wp-block-paragraph\">De este modo, \u00c1lex gan\u00f3 por primera vez en el <strong>Mundial de Motociclismo<\/strong> con la moto del equipo <strong>Gresini<\/strong>, Quartararo y Bagnaia lo escoltaron en el podio, mientras que Marc apenas pudo acabar la carrera en 12\u00b0 lugar.\u00a0<\/p>\n\n\n\n<p class=\"wp-block-paragraph\"><strong>Maverick Vi\u00f1ales <\/strong>termin\u00f3 cuarto con la <strong>KTM<\/strong>, seguido por la moto del <strong>VR46 <\/strong>de <strong>Fabio Di Giannantonio<\/strong> en quinto, luego se ubicaron otras dos motos austr\u00edacas de Brad Binder y Pedro Acosta. Ai Ogura, Enea Bastianini y <strong>Luca Marini<\/strong> completaron los diez primeros.\u00a0<\/p>\n\n\n\n<p class=\"wp-block-paragraph\">\u23e9 <strong><em>\u00a1Seguinos en redes por <\/em><\/strong><a href=\"https:\/\/twitter.com\/grandepremioES\"><em>Twitter <\/em><\/a><strong><em>e <\/em><\/strong><a href=\"https:\/\/www.instagram.com\/grandepremioes\/\"><em>Instagram!<\/em><em><br><\/em><\/a>\u23e9 <strong><em>Adem\u00e1s, tenemos nuestro <\/em><\/strong><a href=\"https:\/\/whatsapp.com\/channel\/0029VaDZ5zb0gcfDxuwxBM05\"><em>canal de Whatsapp<\/em><\/a><strong><em> con toda la informaci\u00f3n al instante<\/em><\/strong> \ud83c\udfc1<\/p>\n\n\n\n<p class=\"wp-block-paragraph\">La pr\u00f3xima prueba de MotoGP ser\u00e1 el Gran Premio de Francia en la variante Bugatti del circuito de Le Mans del 9 al 11 de mayo, la sexta cita del certamen 2025, con la cobertura de GRANDE PREMIO en Espa\u00f1ol.&nbsp;<\/p>\n\n\n\n<figure class=\"wp-block-video\"><video class=\"video-js vjs-big-play-centered\" data-gp-vjs=\"1\" controls src=\"https:\/\/grandepremio.com\/es\/wp-content\/uploads\/2025\/04\/1o0pBmFizs7pBZd6.mp4\"><\/video><figcaption class=\"wp-element-caption\">Largada del GP de Espa\u00f1a 2025. (Video: ESPN\/MotoGP)<\/figcaption><\/figure>\n\n\n\n<p class=\"wp-block-paragraph\"><strong>As\u00ed se desarroll\u00f3 el Gran Premio de Espa\u00f1a de MotoGP:&nbsp;<\/strong><\/p>\n\n\n\n<p class=\"wp-block-paragraph\">Con m\u00e1s de 224 mil personas a lo largo del fin de semana, y un cielo sin nubes, el GP de Espa\u00f1a de MotoGP en <strong>Jerez de la Frontera<\/strong> se puso en marcha con Fabio Quartararo en la punta y el que se col\u00f3 fue Francesco Bagnaia que lo super\u00f3 a Marc M\u00e1rquez para ponerse segundo, pero Marc recuper\u00f3 la posici\u00f3n poco despu\u00e9s.\u00a0<\/p>\n\n\n\n<p class=\"wp-block-paragraph\">El franc\u00e9s capitaliz\u00f3 la pelea de las Ducati oficiales para hacer una peque\u00f1a luz, sobre todo despu\u00e9s de un leve roce entre Marc y Pecco, en tanto que \u00c1lex M\u00e1rquez se fue ancho en la curva seis, pero se volvi\u00f3 a poner detr\u00e1s de su hermano. <strong>Ferm\u00edn Aldeguer<\/strong> trep\u00f3 hasta el quinto y Maverick Vi\u00f1ales volvi\u00f3 a largar bien para ser el sexto.\u00a0<\/p>\n\n\n\n<figure class=\"wp-block-video\"><video class=\"video-js vjs-big-play-centered\" data-gp-vjs=\"1\" controls src=\"https:\/\/grandepremio.com\/es\/wp-content\/uploads\/2025\/04\/NfiV8n0WFhj3MBQ_.mp4\"><\/video><figcaption class=\"wp-element-caption\">Dura batalla entre Marc M\u00e1rquez y Pecco Bagnaia en el inicio de la carrera en Jerez. (Video: MotoGP)<\/figcaption><\/figure>\n\n\n\n<p class=\"wp-block-paragraph\">M\u00e1rquez se cay\u00f3 en la tercera vuelta en la curva 8 cuando apretaba por seguir el ritmo de Bagnaia y perd\u00eda una gran chance de seguir peleando por la victoria, dejando el camino libre al italiano y a su hermano, que persegu\u00edan a Quartararo al frente de la carrera.&nbsp;<\/p>\n\n\n\n<p class=\"wp-block-paragraph\">\u00c1lex marcaba el r\u00e9cord de vuelta en la quinta vuelta y super\u00f3 a un Pecco que no parec\u00eda poder seguir el ritmo de los primeros. Aldeguer era cuarto y no era capaz de igualar ese ritmo, lo mismo para Vi\u00f1ales en quinto. La otra ca\u00edda del comienzo de la prueba espa\u00f1ola fue la Aprilia de Marco Bezzecchi.&nbsp;<\/p>\n\n\n\n<p class=\"wp-block-paragraph\">Lamentablemente para Aldeguer, la carrera acab\u00f3 con ca\u00edda en la sexta vuelta de 25 cuando era cuarto, y dej\u00f3 a Vi\u00f1ales en cuarta posici\u00f3n, y con aire limpio, con la KTM del Tech3. Fabio Di Giannantonio subi\u00f3 al quinto lugar, delante de la <strong>Honda <\/strong>de <strong>Joan Mir <\/strong>en sexto lugar. <strong>Jack Miller<\/strong>, Franco Morbidelli, Brad Binder y Pedro Acosta completaban los diez primeros.\u00a0<\/p>\n\n\n\n<figure class=\"wp-block-video\"><video class=\"video-js vjs-big-play-centered\" data-gp-vjs=\"1\" controls src=\"https:\/\/grandepremio.com\/es\/wp-content\/uploads\/2025\/04\/R_su9r76-f_q3Y7t.mp4\"><\/video><figcaption class=\"wp-element-caption\">La ca\u00edda de Marc M\u00e1rquez que cambi\u00f3 el desarrollo de la carrera. (Video: MotoGP)<\/figcaption><\/figure>\n\n\n\n<p class=\"wp-block-paragraph\">Miller perdi\u00f3 tres posiciones en una vuelta y retrocedi\u00f3 hasta el d\u00e9cimo puesto, en tanto que \u00c1lex M\u00e1rquez presionaba a Quartararo y se lanz\u00f3 en curva uno al comienzo de la vuelta diez. Bagnaia era tercero, a corta distancia de los dos primeros. El piloto de Gresini de comenz\u00f3 a escaparse mientras que Fabio aguantaba al doble campe\u00f3n del mundo y Vi\u00f1ales estaba solo a un segundo de ellos.&nbsp;<\/p>\n\n\n\n<p class=\"wp-block-paragraph\"><strong>Somkiat Chantra<\/strong> report\u00f3 problemas mec\u00e1nicos y fue a los boxes y la moto del Pramac de Miller se termin\u00f3 de parar por inconvenientes cuando peleaba por la zona de puntos. Mir, que ven\u00eda muy cruzado, se cay\u00f3 en la curva seis tras haber sido superado por Morbidelli y tuvo que abandonar la carrera.\u00a0<\/p>\n\n\n\n<p class=\"wp-block-paragraph\">Con el paso de las vueltas, \u00c1lex se segu\u00eda escapando de Quartararo, que manten\u00eda muy firme a Bagnaia detr\u00e1s suyo, y Vi\u00f1ales era capaz de recortarles para luchar por un lugar en el podio, ese que la sanci\u00f3n por la presi\u00f3n de las gomas le quito en la carrera pasada del GP de Qatar.&nbsp;<\/p>\n\n\n\n<figure class=\"wp-block-video\"><video class=\"video-js vjs-big-play-centered\" data-gp-vjs=\"1\" controls src=\"https:\/\/grandepremio.com\/es\/wp-content\/uploads\/2025\/04\/89BJXo0NKBgtRAdj.mp4\"><\/video><figcaption class=\"wp-element-caption\">El momento en que \u00c1lex M\u00e1rquez superaba a Fabio Quartararo por la punta del GP espa\u00f1ol. (Video: MotoGP)<\/figcaption><\/figure>\n\n\n\n<p class=\"wp-block-paragraph\">Una nueva ca\u00edda se produjo en la vuelta 16 cuando Morbidelli perdi\u00f3 el sexto puesto, y la racha de puntos consecutivos en el arranque del 2025. De este modo, las KTM de Binder y Acosta subieron hasta el 6\u00b0 y el 7\u00b0, respectivamente. <strong>Ai Ogura<\/strong> coloc\u00f3 a la Aprilia en 8\u00b0, seguido de la Honda de Luca Marini y la KTM de <strong>Enea Bastianini<\/strong>.\u00a0<\/p>\n\n\n\n<p class=\"wp-block-paragraph\">Finalmente, el italiano super\u00f3 a su compatriota para seguir su ascenso en el clasificador hasta el noveno puesto, mientras que Marc M\u00e1rquez luchaba con <strong>Aleix Espargar\u00f3<\/strong> por el 13\u00b0 lugar, que se sald\u00f3 con ambos pilotos en la curva uno pas\u00e1ndose de largo, y el a\u00fan l\u00edder del campeonato gan\u00f3 la colocaci\u00f3n por dentro para seguir sumando puntos.\u00a0<\/p>\n\n\n\n<p class=\"wp-block-paragraph\">A falta de tres vueltas para el final, todo parec\u00eda decidido en la punta con la diferencia de 2.8s de \u00c1lex M\u00e1rquez sobre Quartararo, que no ten\u00eda la presi\u00f3n ni intentos de Pecco y Maverick los segu\u00eda desde cerca, aunque sin chances de continuar la progresi\u00f3n en el clasificador.&nbsp;<\/p>\n\n\n\n<figure class=\"wp-block-video\"><video class=\"video-js vjs-big-play-centered\" data-gp-vjs=\"1\" controls src=\"https:\/\/grandepremio.com\/es\/wp-content\/uploads\/2025\/04\/zaFCCC-YiXcFFhWr.mp4\"><\/video><figcaption class=\"wp-element-caption\">El abrazo de los hermanos M\u00e1rquez, los primeros en ganar en MotoGP. (Video: MotoGP)<\/figcaption><\/figure>\n\n\n\n<p class=\"wp-block-paragraph\">Tras unas 25 vueltas muy intensas, \u00c1lex M\u00e1rquez venci\u00f3 por primera vez en MotoGP por 1.5s sobre Fabio Quartararo, que acab\u00f3 como escolta del piloto de Gresini y Francesco Bagnaia complet\u00f3 el podio, sin superar al franc\u00e9s. Marc M\u00e1rquez termin\u00f3 12\u00b0, sumando cuatro puntos para el certamen que ahora pasa a liderar su hermano.&nbsp;<\/p>\n\n\n\n<p class=\"wp-block-paragraph\">Vi\u00f1ales finaliz\u00f3 cuarto, seguido por Di Giannantonio, Binder, Acosta, Ogura, Bastianini y Marini completaron los diez primeros. Todos los fabricantes pudieron terminar en la zona de puntos, a\u00fan con motos privadas, como fue el caso del japon\u00e9s.&nbsp;<\/p>\n\n\n\n<h2 class=\"wp-block-heading\" id=\"h-motogp-2025-gp-da-espanha-jerez-resultado-final\"><strong>MotoGP 2025, GP de Espa\u00f1a, Resultados:<\/strong><\/h2>\n\n\n\n<figure class=\"wp-block-table\"><table class=\"has-fixed-layout\"><tbody><tr><td>POS<\/td><td>Piloto<\/td><td>Equipo<\/td><td>Dif<\/td><\/tr><tr><td>1<\/td><td>A M\u00c1RQUEZ<\/td><td>Gresini Ducati<\/td><td>25 v<\/td><\/tr><tr><td>2<\/td><td>F QUARTARARO<\/td><td>Yamaha<\/td><td>+ 1.561<\/td><\/tr><tr><td>3<\/td><td>F BAGNAIA<\/td><td>Ducati<\/td><td>+ 2.217<\/td><\/tr><tr><td>4<\/td><td>M VI\u00d1ALES<\/td><td>Tech3 KTM<\/td><td>+ 3.678<\/td><\/tr><tr><td>5<\/td><td>F DI GIANNANTONIO<\/td><td>VR46 Ducati<\/td><td>+ 7.267<\/td><\/tr><tr><td>6<\/td><td>B BINDER<\/td><td>KTM<\/td><td>+ 8.529<\/td><\/tr><tr><td>7<\/td><td>P ACOSTA<\/td><td>KTM<\/td><td>+ 9.764<\/td><\/tr><tr><td>8<\/td><td>A OGURA<\/td><td>Trackhouse Aprilia<\/td><td>+ 10.923<\/td><\/tr><tr><td>9<\/td><td>E BASTIANINI<\/td><td>Tech3 KTM<\/td><td>+ 15.879<\/td><\/tr><tr><td>10<\/td><td>L MARINI<\/td><td>Honda<\/td><td>+ 17.239<\/td><\/tr><tr><td>11<\/td><td>J ZARCO<\/td><td>LCR Honda<\/td><td>+ 17.784<\/td><\/tr><tr><td>12<\/td><td>M M\u00c1RQUEZ<\/td><td>Ducati<\/td><td>+ 20.890<\/td><\/tr><tr><td>13<\/td><td>A RINS<\/td><td>Yamaha<\/td><td>+ 21.120<\/td><\/tr><tr><td>14<\/td><td>A ESPARGAR\u00d3<\/td><td>Honda<\/td><td>+ 23.678<\/td><\/tr><tr><td>15<\/td><td>M BEZZECCHI<\/td><td>Aprilia<\/td><td>+ 24.510<\/td><\/tr><tr><td>16<\/td><td>R FERN\u00c1NDEZ<\/td><td>Trackhouse Aprilia<\/td><td>+ 25.726<\/td><\/tr><tr><td>17<\/td><td>A FERN\u00c1NDEZ<\/td><td>Pramac Yamaha<\/td><td>+ 31.429<\/td><\/tr><tr><td>18<\/td><td>L SAVADORI<\/td><td>Aprilia<\/td><td>+ 49.303<\/td><\/tr><tr><td>19<\/td><td>F ALDEGUER<\/td><td>Gresini Ducati<\/td><td>Ab<\/td><\/tr><tr><td>20<\/td><td>F MORBIDELLI<\/td><td>VR46 Ducati<\/td><td>Ab<\/td><\/tr><tr><td>21<\/td><td>J MIR<\/td><td>Honda<\/td><td>Ab<\/td><\/tr><tr><td>22<\/td><td>J MILLER<\/td><td>Pramac Yamaha<\/td><td>Ab<\/td><\/tr><tr><td>23<\/td><td>S CHANTRA<\/td><td>LCR Honda<\/td><td>Ab<\/td><\/tr><\/tbody><\/table><\/figure>\n","protected":false},"excerpt":{"rendered":"<p>Tras la ca\u00edda de Marc M\u00e1rquez al comienzo del Gran Premio de Espa\u00f1a, \u00c1lex M\u00e1rquez super\u00f3 a Fabio Quartararo para ganar por primera vez en MotoGP en el Circuito de Jerez, y fue escoltado en el podio por el piloto de Yamaha y por Francesco Bagnaia. <\/p>\n","protected":false},"author":0,"featured_media":1010325139,"comment_status":"closed","ping_status":"closed","sticky":false,"template":"","format":"standard","meta":{"42wp_featured_image_caption":"","42wp_featured_image_credits":"","42wp_featured_video":"","42wp_featured_image_hidden":false,"42wp_authors_list":[],"footnotes":""},"categories":[8],"tags":[9249,1377,1340,2058,2059,1306,9546,1376,588,2055,221,1383,1305,1521,1381,1614,1392,1391,1293,1764,9250,1296],"42wp_author":[14237],"class_list":["post-7873","post","type-post","status-publish","format-standard","has-post-thumbnail","hentry","category-motogp","tag-ai-ogura","tag-aleix-espargaro","tag-ducati","tag-enea-bastianini","tag-fabio-di-giannantonio","tag-fabio-quartararo","tag-fermin-aldeguer","tag-francesco-bagnaia","tag-gp-de-espana","tag-gresini","tag-honda","tag-jack-miller","tag-jerez-de-la-frontera","tag-joan-mir","tag-ktm","tag-luca-marini","tag-marc-marquez-2","tag-maverick-vinales","tag-motogp","tag-mundial-de-motociclismo","tag-somkiat-chantra","tag-vr46","42wp_author-gabriel-garcia"],"_links":{"self":[{"href":"https:\/\/grandepremio.com\/es\/wp-json\/wp\/v2\/posts\/7873","targetHints":{"allow":["GET"]}}],"collection":[{"href":"https:\/\/grandepremio.com\/es\/wp-json\/wp\/v2\/posts"}],"about":[{"href":"https:\/\/grandepremio.com\/es\/wp-json\/wp\/v2\/types\/post"}],"replies":[{"embeddable":true,"href":"https:\/\/grandepremio.com\/es\/wp-json\/wp\/v2\/comments?post=7873"}],"version-history":[{"count":0,"href":"https:\/\/grandepremio.com\/es\/wp-json\/wp\/v2\/posts\/7873\/revisions"}],"wp:featuredmedia":[{"embeddable":true,"href":"https:\/\/grandepremio.com\/es\/wp-json\/wp\/v2\/media\/1010325139"}],"wp:attachment":[{"href":"https:\/\/grandepremio.com\/es\/wp-json\/wp\/v2\/media?parent=7873"}],"wp:term":[{"taxonomy":"category","embeddable":true,"href":"https:\/\/grandepremio.com\/es\/wp-json\/wp\/v2\/categories?post=7873"},{"taxonomy":"post_tag","embeddable":true,"href":"https:\/\/grandepremio.com\/es\/wp-json\/wp\/v2\/tags?post=7873"},{"taxonomy":"42wp_author","embeddable":true,"href":"https:\/\/grandepremio.com\/es\/wp-json\/wp\/v2\/42wp_author?post=7873"}],"curies":[{"name":"wp","href":"https:\/\/api.w.org\/{rel}","templated":true}]}}