{"id":7875,"date":"2025-04-26T15:04:00","date_gmt":"2025-04-26T18:04:00","guid":{"rendered":"https:\/\/grandepremio.com\/es\/2025\/04\/26\/perrone-celebra-10-puesto-clasificacion-jerez\/"},"modified":"2025-04-26T15:04:04","modified_gmt":"2025-04-26T18:04:04","slug":"perrone-celebra-10-puesto-clasificacion-jerez","status":"publish","type":"post","link":"https:\/\/grandepremio.com\/es\/motogp\/perrone-celebra-10-puesto-clasificacion-jerez\/","title":{"rendered":"Perrone celebra el 10\u00b0 puesto en clasificaci\u00f3n de Jerez: &#8220;Todo me result\u00f3 c\u00f3modo&#8221;"},"content":{"rendered":"\n<p class=\"wp-block-paragraph\">Poco a poco se est\u00e1 viendo un progreso en <strong>Valent\u00edn Perrone<\/strong> en sus primeras carreras en <strong>Moto3<\/strong>. Y es que el joven argentino logr\u00f3 acceder a la Q2 por segunda vez este a\u00f1o y se clasific\u00f3 en d\u00e9cima posici\u00f3n en el <strong>GP de Espa\u00f1a<\/strong> en el <strong>Circuito de Jerez<\/strong>, en el que ya compiti\u00f3 el a\u00f1o pasado en la <strong>Red Bull Rookies Cup<\/strong>, donde hizo un podio.\u00a0<\/p>\n\n\n\n<p class=\"wp-block-paragraph\">\ud83d\udfe5 <strong><em>\u00a1Todas las novedades te esperan en el canal de <\/em><\/strong><a href=\"https:\/\/www.youtube.com\/@GrandePremioES\"><em>YouTube<\/em><\/a><strong><em> de Grande Pr\u00eamio en Espa\u00f1ol!<\/em><\/strong> \ud83d\udfe8<\/p>\n\n\n\n<p class=\"wp-block-paragraph\">El piloto de la <strong>KTM <\/strong>del equipo <strong>Tech3 <\/strong>sali\u00f3 a pista esta semana para la FP2, donde se ubic\u00f3 entre los 14 primeros con un tiempo de 1:45.413. A la hora de clasificar, su vuelta fue r\u00e1pida en la primera salida, pero no pudo mejorar su tiempo en la segunda salida, donde bloque\u00f3 a varios pilotos, por lo que fue sancionado con una penalizaci\u00f3n de vuelta larga.<br><br>De esta manera, Perrone tendr\u00e1 que pasar por la zona externa de la pista de Jerez y perder tiempo en la competencia de ma\u00f1ana, aunque mantendr\u00e1 su posici\u00f3n de largada. Si cumple en las primeras vueltas con la sanci\u00f3n impuesta por la direcci\u00f3n de carrera podr\u00e1 recuperar el terreno e intentar reengancharse al pelot\u00f3n.<\/p>\n\n\n\n<figure class=\"wp-block-embed is-type-video is-provider-youtube wp-block-embed-youtube wp-embed-aspect-16-9 wp-has-aspect-ratio\"><div class=\"wp-block-embed__wrapper\">\n<iframe loading=\"lazy\" title=\"HAMILTON SUFRE LA FALTA DE ADAPTACI\u00d3N CON FERRARI EN F1\" width=\"500\" height=\"281\" src=\"https:\/\/www.youtube.com\/embed\/3TAYq7oUWWs?feature=oembed\" frameborder=\"0\" allow=\"accelerometer; autoplay; clipboard-write; encrypted-media; gyroscope; picture-in-picture; web-share\" referrerpolicy=\"strict-origin-when-cross-origin\" allowfullscreen><\/iframe>\n<\/div><\/figure>\n\n\n\n<p class=\"wp-block-paragraph\"><strong>&#8220;Me sent\u00ed bien en la Q2 esta tarde. Pude mantenerme en un buen grupo, presionando al m\u00e1ximo y todo me result\u00f3 c\u00f3modo. Logramos una vuelta temprana, lo cual estuvo bien, pero luego fue un desastre con todos esperando en medio de la pista, as\u00ed que estamos contentos. Intentaremos hacer una buena carrera ma\u00f1ana, hacer una buena salida para intentar mantenernos en el grupo delantero y aprender todo lo posible&#8221;<\/strong>, consign\u00f3 el joven de 17 a\u00f1os.\u00a0<\/p>\n\n\n\n<p class=\"wp-block-paragraph\">La pole fue para <strong>Jos\u00e9 Antonio Rueda<\/strong>, seguido por <strong>Joel Kelso<\/strong> y<strong> David Mu\u00f1oz<\/strong>. Valent\u00edn partir\u00e1 en cuarta fila desde el d\u00e9cimo puesto y tratar\u00e1 de volver a sumar puntos, tal como lo hiciera hace dos semanas en el GP de Qatar.<\/p>\n\n\n\n<p class=\"wp-block-paragraph\">\u23e9 <strong><em>\u00a1Seguinos en redes por <\/em><\/strong><a href=\"https:\/\/twitter.com\/grandepremioES\"><em>Twitter <\/em><\/a><strong><em>e <\/em><\/strong><a href=\"https:\/\/www.instagram.com\/grandepremioes\/\"><em>Instagram!<\/em><em><br><\/em><\/a>\u23e9 <strong><em>Adem\u00e1s, tenemos nuestro <\/em><\/strong><a href=\"https:\/\/whatsapp.com\/channel\/0029VaDZ5zb0gcfDxuwxBM05\"><em>canal de Whatsapp<\/em><\/a><strong><em> con toda la informaci\u00f3n al instante<\/em><\/strong> \ud83c\udfc1<\/p>\n\n\n\n<p class=\"wp-block-paragraph\">Moto3 volver\u00e1 a pista para disputar el Gran Premio de Espa\u00f1a desde las 6:00, hora de Brasilia y Buenos Aires, con la cobertura de GRANDE PREMIO en Espa\u00f1ol.&nbsp;<\/p>\n","protected":false},"excerpt":{"rendered":"<p>Valent\u00edn Perrone se expres\u00f3 despu\u00e9s de haber acabado en el top diez en la clasificaci\u00f3n de Moto3 en Jerez, para la quinta cita del campeonato en el Gran Premio de Espa\u00f1a, donde espera obtener el mejor resultado posible.<\/p>\n","protected":false},"author":0,"featured_media":1010325132,"comment_status":"closed","ping_status":"closed","sticky":false,"template":"","format":"standard","meta":{"42wp_featured_image_caption":"","42wp_featured_image_credits":"","42wp_featured_video":"","42wp_featured_image_hidden":false,"42wp_authors_list":[],"footnotes":""},"categories":[8],"tags":[11894,12074,588,12071,12068,1381,1366,1768,1528,10848],"42wp_author":[14237],"class_list":["post-7875","post","type-post","status-publish","format-standard","has-post-thumbnail","hentry","category-motogp","tag-circuito-de-jerez","tag-david-munoz","tag-gp-de-espana","tag-joel-kelso","tag-jose-antonio-rueda","tag-ktm","tag-moto3","tag-red-bull-rookies-cup","tag-tech3","tag-valentin-perrone","42wp_author-gabriel-garcia"],"_links":{"self":[{"href":"https:\/\/grandepremio.com\/es\/wp-json\/wp\/v2\/posts\/7875","targetHints":{"allow":["GET"]}}],"collection":[{"href":"https:\/\/grandepremio.com\/es\/wp-json\/wp\/v2\/posts"}],"about":[{"href":"https:\/\/grandepremio.com\/es\/wp-json\/wp\/v2\/types\/post"}],"replies":[{"embeddable":true,"href":"https:\/\/grandepremio.com\/es\/wp-json\/wp\/v2\/comments?post=7875"}],"version-history":[{"count":0,"href":"https:\/\/grandepremio.com\/es\/wp-json\/wp\/v2\/posts\/7875\/revisions"}],"wp:featuredmedia":[{"embeddable":true,"href":"https:\/\/grandepremio.com\/es\/wp-json\/wp\/v2\/media\/1010325132"}],"wp:attachment":[{"href":"https:\/\/grandepremio.com\/es\/wp-json\/wp\/v2\/media?parent=7875"}],"wp:term":[{"taxonomy":"category","embeddable":true,"href":"https:\/\/grandepremio.com\/es\/wp-json\/wp\/v2\/categories?post=7875"},{"taxonomy":"post_tag","embeddable":true,"href":"https:\/\/grandepremio.com\/es\/wp-json\/wp\/v2\/tags?post=7875"},{"taxonomy":"42wp_author","embeddable":true,"href":"https:\/\/grandepremio.com\/es\/wp-json\/wp\/v2\/42wp_author?post=7875"}],"curies":[{"name":"wp","href":"https:\/\/api.w.org\/{rel}","templated":true}]}}