{"id":7937,"date":"2025-04-22T15:29:55","date_gmt":"2025-04-22T18:29:55","guid":{"rendered":"https:\/\/grandepremio.com\/es\/2025\/04\/22\/aston-martin-fernando-alonso-arabia-saudita-formula-1-2025\/"},"modified":"2025-04-22T15:30:00","modified_gmt":"2025-04-22T18:30:00","slug":"aston-martin-fernando-alonso-arabia-saudita-formula-1-2025","status":"publish","type":"post","link":"https:\/\/grandepremio.com\/es\/f1\/aston-martin-fernando-alonso-arabia-saudita-formula-1-2025\/","title":{"rendered":"Embajador de Aston Martin lamenta presente de Alonso: &#8220;No podemos darle nada mejor&#8221;"},"content":{"rendered":"\n<p class=\"wp-block-paragraph\"><strong>Pedro de la Rosa,<\/strong> asesor del<strong> Programa de Desarrollo de Pilotos<\/strong> y embajador de <strong>Aston Martin, <\/strong>lament\u00f3 el p\u00e1lido momento de la escuder\u00eda brit\u00e1nica en la<strong> F\u00f3rmula 1<\/strong>. El espa\u00f1ol tambi\u00e9n se refiri\u00f3 al complicado presente de su compatriota y amigo<strong> Fernando Alonso,<\/strong> y admiti\u00f3 que no es posible \u00abdarle nada mejor ahora\u00bb.<\/p>\n\n\n\n<p class=\"wp-block-paragraph\"><a href=\"https:\/\/grandepremio.com\/es\/f1\/oscar-piastri-victoria-arabia-saudita-formula-1-2025\/\">En el <strong>Gran Premio de Arabia Saudita<\/strong><\/a>, el bicampe\u00f3n del mundo cruz\u00f3 la bandera a cuadros en la und\u00e9cima posici\u00f3n, y contin\u00faa como uno de los cuatro pilotos que a\u00fan no han puntuado en 2025. <strong>Lance Stroll <\/strong>fue 16\u00ba, en su tercera carrera consecutiva fuera del top-10.<\/p>\n\n\n\n<p class=\"wp-block-paragraph\">\u00abLo siento por Fernando, pero no podemos darle nada mejor ahora mismo\u00bb, declar\u00f3 el expiloto de <strong>McLaren<\/strong>. \u00abYo tambi\u00e9n lo estoy sufriendo. No soy un piloto de pruebas. Lo veo desde lejos, no puedo intervenir, y es doloroso\u00bb, se lament\u00f3.<\/p>\n\n\n\n<p class=\"wp-block-paragraph\">\u00abQue nadie piense que estamos de broma. Llevo varios d\u00edas sin poder dormir porque no me gusta ver d\u00f3nde estamos\u00bb, a\u00f1adi\u00f3 el espa\u00f1ol.<\/p>\n\n\n\n<p class=\"wp-block-paragraph\"><strong><em>\u00a1Todas las novedades te esperan en el canal de\u00a0<a href=\"https:\/\/www.youtube.com\/@GrandePremioES\" target=\"_blank\" rel=\"noreferrer noopener\">YouTube<\/a>\u00a0de Grande Pr\u00eamio en Espa\u00f1ol!<\/em><\/strong><\/p>\n\n\n\n<figure class=\"wp-block-image size-full\"><img decoding=\"async\" src=\"https:\/\/grandepremio.com\/es\/wp-content\/uploads\/2025\/04\/arabia-saudita-2025-f1-treinos-livres-aston-martin-fernando-alonso-01-2.webp\" alt=\"\" class=\"wp-image-324635\"\/><figcaption class=\"wp-element-caption\">Fernando Alonso tuvo otro d\u00eda dif\u00edcil con Aston Martin en Jeddah (Foto: Aston Martin)<\/figcaption><\/figure>\n\n\n\n<p class=\"wp-block-paragraph\"><strong><em>\u00a1Seguinos en redes por&nbsp;<\/em><\/strong><strong><em><a target=\"_blank\" href=\"https:\/\/twitter.com\/grandepremioES\" rel=\"noreferrer noopener\">Twitter&nbsp;<\/a><\/em><\/strong><strong><em>e&nbsp;<\/em><\/strong><strong><em><a target=\"_blank\" href=\"https:\/\/www.instagram.com\/grandepremioes\/\" rel=\"noreferrer noopener\">Instagram!<\/a><\/em><\/strong><br><strong><em>Adem\u00e1s, tenemos nuestro&nbsp;<\/em><\/strong><strong><em><a target=\"_blank\" href=\"https:\/\/whatsapp.com\/channel\/0029VaDZ5zb0gcfDxuwxBM05\" rel=\"noreferrer noopener\">canal de Whatsapp<\/a><\/em><\/strong><strong><em>&nbsp;con toda la informaci\u00f3n al instante<\/em><\/strong><\/p>\n\n\n\n<p class=\"wp-block-paragraph\">Tras sus malos resultados en la triple cita de la F1 en los GP de <strong>Jap\u00f3n, Bahr\u00e9in y Arabia Saudita<\/strong>, Aston Martin convoc\u00f3 una reuni\u00f3n de urgencia con los principales ejecutivos del equipo de F\u00f3rmula 1 para discutir y crear un plan de recuperaci\u00f3n.<\/p>\n\n\n\n<p class=\"wp-block-paragraph\">Seg\u00fan un informe de la web brit\u00e1nica The Race, el equipo es consciente de que necesita mejorar si no quiere seguir cayendo en el <strong>Campeonato del Mundo de Constructores<\/strong>. Aston Martin ocupa actualmente la s\u00e9ptima posici\u00f3n con 10 puntos, pero con muy poco margen sobre Racing Bulls y Alpine.<\/p>\n\n\n\n<p class=\"wp-block-paragraph\">\u00abEstamos trabajando a tope. Somos 900 personas intentando cambiar eso\u00bb, concluy\u00f3 De la Rosa.<\/p>\n\n\n\n<p class=\"wp-block-paragraph\"><strong>La F\u00f3rmula 1 regresa del 2 al 4 de mayo en Miami, primera carrera de la temporada 2025 en Estados Unidos.<\/strong><\/p>\n\n\n\n<figure class=\"wp-block-embed is-type-video is-provider-youtube wp-block-embed-youtube wp-embed-aspect-16-9 wp-has-aspect-ratio\"><div class=\"wp-block-embed__wrapper\">\n<iframe loading=\"lazy\" title=\"PIASTRI GANA EN ARABIA SAUDITA Y ES NUEVO L\u00cdDER EN LA F1\" width=\"500\" height=\"281\" src=\"https:\/\/www.youtube.com\/embed\/9bSrRCNyXtA?feature=oembed\" frameborder=\"0\" allow=\"accelerometer; autoplay; clipboard-write; encrypted-media; gyroscope; picture-in-picture; web-share\" referrerpolicy=\"strict-origin-when-cross-origin\" allowfullscreen><\/iframe>\n<\/div><\/figure>\n","protected":false},"excerpt":{"rendered":"<p>El embajador de Aston Martin, Pedro de la Rosa, lament\u00f3 el flojo presente del equipo, y admiti\u00f3 que no le pueden dar a Fernando Alonso un conjunto mejor para ser m\u00e1s competitivo.<\/p>\n","protected":false},"author":0,"featured_media":1010237354,"comment_status":"closed","ping_status":"closed","sticky":false,"template":"","format":"standard","meta":{"42wp_featured_image_caption":"","42wp_featured_image_credits":"","42wp_featured_video":"","42wp_featured_image_hidden":false,"42wp_authors_list":[],"footnotes":""},"categories":[5],"tags":[10197,181,1710,184,179,1505,3005],"42wp_author":[14223],"class_list":["post-7937","post","type-post","status-publish","format-standard","has-post-thumbnail","hentry","category-f1","tag-aston-martin-2","tag-f1","tag-f1-2025","tag-fernando-alonso","tag-formula-1","tag-gp-de-arabia-saudita","tag-pedro-de-la-rosa","42wp_author-esteban-nieto"],"_links":{"self":[{"href":"https:\/\/grandepremio.com\/es\/wp-json\/wp\/v2\/posts\/7937","targetHints":{"allow":["GET"]}}],"collection":[{"href":"https:\/\/grandepremio.com\/es\/wp-json\/wp\/v2\/posts"}],"about":[{"href":"https:\/\/grandepremio.com\/es\/wp-json\/wp\/v2\/types\/post"}],"replies":[{"embeddable":true,"href":"https:\/\/grandepremio.com\/es\/wp-json\/wp\/v2\/comments?post=7937"}],"version-history":[{"count":0,"href":"https:\/\/grandepremio.com\/es\/wp-json\/wp\/v2\/posts\/7937\/revisions"}],"wp:featuredmedia":[{"embeddable":true,"href":"https:\/\/grandepremio.com\/es\/wp-json\/wp\/v2\/media\/1010237354"}],"wp:attachment":[{"href":"https:\/\/grandepremio.com\/es\/wp-json\/wp\/v2\/media?parent=7937"}],"wp:term":[{"taxonomy":"category","embeddable":true,"href":"https:\/\/grandepremio.com\/es\/wp-json\/wp\/v2\/categories?post=7937"},{"taxonomy":"post_tag","embeddable":true,"href":"https:\/\/grandepremio.com\/es\/wp-json\/wp\/v2\/tags?post=7937"},{"taxonomy":"42wp_author","embeddable":true,"href":"https:\/\/grandepremio.com\/es\/wp-json\/wp\/v2\/42wp_author?post=7937"}],"curies":[{"name":"wp","href":"https:\/\/api.w.org\/{rel}","templated":true}]}}