{"id":7940,"date":"2025-04-22T14:41:22","date_gmt":"2025-04-22T17:41:22","guid":{"rendered":"https:\/\/grandepremio.com\/es\/2025\/04\/22\/mercedes-elogia-antonelli-aprueba-inicio-f1-sin-movimientos-kamikazes\/"},"modified":"2025-04-22T14:41:28","modified_gmt":"2025-04-22T17:41:28","slug":"mercedes-elogia-antonelli-aprueba-inicio-f1-sin-movimientos-kamikazes","status":"publish","type":"post","link":"https:\/\/grandepremio.com\/es\/f1\/mercedes-elogia-antonelli-aprueba-inicio-f1-sin-movimientos-kamikazes\/","title":{"rendered":"Mercedes elogia a Antonelli y aprueba un inicio de F1 \u00absin movimientos kamikazes\u00bb"},"content":{"rendered":"\n<p class=\"wp-block-paragraph\">Tras la conclusi\u00f3n de la quinta prueba de la temporada de <strong>F\u00f3rmula 1<\/strong>, el <strong>Gran Premio de Arabia Saudita<\/strong>, disputado el domingo, <strong>Toto Wolff<\/strong> analiz\u00f3 la actuaci\u00f3n de <strong>Andrea Kimi Antonelli<\/strong> en lo que va de <strong>2025 <\/strong>y se deshizo en elogios hacia el debutante. El jefe de <strong>Mercedes<\/strong> destac\u00f3 su r\u00e1pida adaptaci\u00f3n al monoplaza de la categor\u00eda y afirm\u00f3 que el italiano est\u00e1 \u00abal 100% en el buen camino\u00bb.<\/p>\n\n\n\n<p class=\"wp-block-paragraph\">Con s\u00f3lo 18 a\u00f1os, el piloto del W16 #12 lleg\u00f3 a la escuder\u00eda de <strong>Brackley<\/strong> con la dif\u00edcil misi\u00f3n de sustituir a <strong>Lewis Hamilton<\/strong>, que decidi\u00f3 marcharse a <strong>Ferrari<\/strong>. El joven caus\u00f3 una buena impresi\u00f3n en su carrera de debut en <strong>Australia<\/strong>, cuando logr\u00f3 hacer frente a las complicadas condiciones generadas por la lluvia tras salir desde la 16\u00aa plaza y cruz\u00f3 la l\u00ednea de meta en cuarta posici\u00f3n. En las cinco carreras disputadas hasta ahora, la \u00fanica vez que no ha puntuado fue en <strong>Bahr\u00e9in<\/strong>, cuando qued\u00f3 11\u00ba.<\/p>\n\n\n\n<p class=\"wp-block-paragraph\">Aunque sufri\u00f3 un sobrecalentamiento de los neum\u00e1ticos en el circuito de <strong>Jeddah<\/strong>, Antonelli volvi\u00f3 a realizar una s\u00f3lida actuaci\u00f3n y tom\u00f3 la bandera a cuadros en sexta posici\u00f3n, justo por detr\u00e1s de su compa\u00f1ero de equipo, <strong>George Russell<\/strong>. Como resultado, alcanz\u00f3 los 38 puntos y se mantuvo en la sexta posici\u00f3n del <strong>Campeonato del Mundo de Pilotos<\/strong>.<\/p>\n\n\n\n<p class=\"wp-block-paragraph\">\ud83d\udfe5&nbsp;<strong><em>\u00a1Todas las novedades te esperan en el canal de&nbsp;<\/em><\/strong><a href=\"https:\/\/www.youtube.com\/@GrandePremioES\"><em>YouTube<\/em><\/a><strong><em>&nbsp;de Grande Pr\u00eamio en Espa\u00f1ol!<\/em><\/strong>&nbsp;\ud83d\udfe8<\/p>\n\n\n\n<figure class=\"wp-block-image size-large\"><img decoding=\"async\" src=\"https:\/\/grandepremio.com\/es\/wp-content\/uploads\/2025\/04\/GobL_z9XYAAjzlh-1024x683.jpeg\" alt=\"\" class=\"wp-image-323380\"\/><figcaption class=\"wp-element-caption\">Toto Wolff elogi\u00f3 el desempe\u00f1o de Antonelli en las primeras cinco carreras de 2025. (Foto: Mercedes)<\/figcaption><\/figure>\n\n\n\n<p class=\"wp-block-paragraph\">\u23e9\u00a0<strong><em>\u00a1Seguinos en redes por\u00a0<\/em><\/strong><a href=\"https:\/\/twitter.com\/grandepremioES\"><em>Twitter\u00a0<\/em><\/a><strong><em>e\u00a0<\/em><\/strong><a href=\"https:\/\/www.instagram.com\/grandepremioes\/\"><em>Instagram!<\/em><\/a><br>\u23e9\u00a0<strong><em>Adem\u00e1s, tenemos nuestro\u00a0<\/em><\/strong><a href=\"https:\/\/whatsapp.com\/channel\/0029VaDZ5zb0gcfDxuwxBM05\"><em>canal de Whatsapp<\/em><\/a><strong><em>\u00a0con toda la informaci\u00f3n al instante<\/em><\/strong>\u00a0\ud83c\udfc1<\/p>\n\n\n\n<p class=\"wp-block-paragraph\">\u00abEs un buen momento para resumir las cinco primeras carreras y analizar su situaci\u00f3n. Estoy muy contento, la trayectoria es la correcta. No ha habido movimientos kamikaze\u00bb, declar\u00f3 Wolff al portal neerland\u00e9s <em>GPblog<\/em>. \u00abHa estado aprendiendo de forma consistente durante los fines de semana\u00bb, elogi\u00f3.<\/p>\n\n\n\n<p class=\"wp-block-paragraph\">\u00abCuriosamente, siempre ha sido muy r\u00e1pido al final de los fines de semana, y parece entender el coche y c\u00f3mo gestionar los neum\u00e1ticos. Est\u00e1 al cien por cien en el buen camino\u00bb, a\u00f1adi\u00f3 el jefe de Mercedes, que admiti\u00f3 estar deseando ver el rendimiento de Kimi cuando la F1 inicie su secuencia de carreras en <strong>Europa<\/strong> -a mediados de mayo- con circuitos m\u00e1s familiares para el italiano.<\/p>\n\n\n\n<p class=\"wp-block-paragraph\">\u00abAhora tenemos que ver, con el inicio de la temporada europea &#8211; o pronto. No conoce <strong>Miami<\/strong>, pero despu\u00e9s tendremos una imagen clara. Correr en un ambiente m\u00e1s natural para \u00e9l, que ya conoce, tendr\u00e1 un impacto en su rendimiento. Pero estoy contento\u00bb, concluy\u00f3.<\/p>\n\n\n\n<p class=\"wp-block-paragraph\">La&nbsp;<strong><a href=\"https:\/\/es.grandepremio.com\/f1\/\" target=\"_blank\" rel=\"noreferrer noopener\"><\/a><a href=\"https:\/\/es.grandepremio.com\/f1\/\" target=\"_blank\" rel=\"noreferrer noopener\"><\/a><a href=\"https:\/\/es.grandepremio.com\/f1\/\" target=\"_blank\" rel=\"noreferrer noopener\"><\/a><a href=\"https:\/\/es.grandepremio.com\/f1\/\" target=\"_blank\" rel=\"noreferrer noopener\"><\/a><a href=\"https:\/\/es.grandepremio.com\/f1\/\" target=\"_blank\" rel=\"noreferrer noopener\">F\u00f3rmula 1<\/a><\/strong>&nbsp;regresa del 2 al 4 de mayo con el&nbsp;<strong>Gran Premio de Miami<\/strong>, la primera carrera de la&nbsp;<strong>temporada 2025<\/strong>&nbsp;en&nbsp;<strong>Estados Unidos<\/strong>.<\/p>\n\n\n\n<figure class=\"wp-block-embed is-type-video is-provider-youtube wp-block-embed-youtube wp-embed-aspect-16-9 wp-has-aspect-ratio\"><div class=\"wp-block-embed__wrapper\">\n<iframe loading=\"lazy\" title=\"PIASTRI GANA EN ARABIA SAUDITA Y ES NUEVO L\u00cdDER EN LA F1\" width=\"500\" height=\"281\" src=\"https:\/\/www.youtube.com\/embed\/9bSrRCNyXtA?feature=oembed\" frameborder=\"0\" allow=\"accelerometer; autoplay; clipboard-write; encrypted-media; gyroscope; picture-in-picture; web-share\" referrerpolicy=\"strict-origin-when-cross-origin\" allowfullscreen><\/iframe>\n<\/div><\/figure>\n","protected":false},"excerpt":{"rendered":"<p>El jefe de Mercedes, Toto Wolff, aprob\u00f3 el rendimiento de Andrea Kimi Antonelli tras las cinco primeras carreras de la temporada 2025. Elogi\u00f3 la r\u00e1pida adaptaci\u00f3n del italiano a la F\u00f3rmula 1.<\/p>\n","protected":false},"author":0,"featured_media":1010319342,"comment_status":"closed","ping_status":"closed","sticky":false,"template":"","format":"standard","meta":{"42wp_featured_image_caption":"","42wp_featured_image_credits":"","42wp_featured_video":"","42wp_featured_image_hidden":false,"42wp_authors_list":[],"footnotes":""},"categories":[5],"tags":[6800,1710,179,1505,1813,197,569,11524],"42wp_author":[14240],"class_list":["post-7940","post","type-post","status-publish","format-standard","has-post-thumbnail","hentry","category-f1","tag-andrea-kimi-antonelli","tag-f1-2025","tag-formula-1","tag-gp-de-arabia-saudita","tag-jeddah","tag-mercedes","tag-toto-wolff","tag-w16","42wp_author-ignacio-bogado"],"_links":{"self":[{"href":"https:\/\/grandepremio.com\/es\/wp-json\/wp\/v2\/posts\/7940","targetHints":{"allow":["GET"]}}],"collection":[{"href":"https:\/\/grandepremio.com\/es\/wp-json\/wp\/v2\/posts"}],"about":[{"href":"https:\/\/grandepremio.com\/es\/wp-json\/wp\/v2\/types\/post"}],"replies":[{"embeddable":true,"href":"https:\/\/grandepremio.com\/es\/wp-json\/wp\/v2\/comments?post=7940"}],"version-history":[{"count":0,"href":"https:\/\/grandepremio.com\/es\/wp-json\/wp\/v2\/posts\/7940\/revisions"}],"wp:featuredmedia":[{"embeddable":true,"href":"https:\/\/grandepremio.com\/es\/wp-json\/wp\/v2\/media\/1010319342"}],"wp:attachment":[{"href":"https:\/\/grandepremio.com\/es\/wp-json\/wp\/v2\/media?parent=7940"}],"wp:term":[{"taxonomy":"category","embeddable":true,"href":"https:\/\/grandepremio.com\/es\/wp-json\/wp\/v2\/categories?post=7940"},{"taxonomy":"post_tag","embeddable":true,"href":"https:\/\/grandepremio.com\/es\/wp-json\/wp\/v2\/tags?post=7940"},{"taxonomy":"42wp_author","embeddable":true,"href":"https:\/\/grandepremio.com\/es\/wp-json\/wp\/v2\/42wp_author?post=7940"}],"curies":[{"name":"wp","href":"https:\/\/api.w.org\/{rel}","templated":true}]}}