{"id":8024,"date":"2025-04-18T17:28:44","date_gmt":"2025-04-18T20:28:44","guid":{"rendered":"https:\/\/grandepremio.com\/es\/2025\/04\/18\/norris-celebra-ritmo-mclaren-tras-liderar-fp2-jeddah\/"},"modified":"2025-04-18T17:28:48","modified_gmt":"2025-04-18T20:28:48","slug":"norris-celebra-ritmo-mclaren-tras-liderar-fp2-jeddah","status":"publish","type":"post","link":"https:\/\/grandepremio.com\/es\/f1\/norris-celebra-ritmo-mclaren-tras-liderar-fp2-jeddah\/","title":{"rendered":"Norris celebra el ritmo de McLaren tras liderar la FP2 en Jeddah: &#8220;Ganamos confianza&#8221;"},"content":{"rendered":"\n<p class=\"wp-block-paragraph\">Tras haber marcado un tiempo de 1:28.267, <strong>Lando Norris<\/strong> super\u00f3 a su compa\u00f1ero de equipo, <strong>Oscar Piastri<\/strong>, en la FP2 del <strong>GP de Arabia Saudita<\/strong> de la <strong>F\u00f3rmula 1,<\/strong> donde <strong>McLaren<\/strong> volvi\u00f3 a dominar con ventaja sobre el resto de los equipos.\u00a0<\/p>\n\n\n\n<p class=\"wp-block-paragraph\">\ud83d\udfe5 <strong><em>\u00a1Todas las novedades te esperan en el canal de <\/em><\/strong><a href=\"https:\/\/www.youtube.com\/@GrandePremioES\"><em>YouTube<\/em><\/a><strong><em> de Grande Pr\u00eamio en Espa\u00f1ol!<\/em><\/strong> \ud83d\udfe8<\/p>\n\n\n\n<p class=\"wp-block-paragraph\"><strong>\u201cUn buen comienzo de fin de semana y un primer d\u00eda productivo en la pista, sinti\u00e9ndome c\u00f3modo en el coche y ganando confianza\u201d,<\/strong> dijo el brit\u00e1nico en una entrevista con el sitio de la F1 despu\u00e9s de los entrenamientos libres.<\/p>\n\n\n\n<p class=\"wp-block-paragraph\">Lando quiere borrar la mala impresi\u00f3n dejada en carreras anteriores, por la falta de competitividad a pesar de tener el mejor coche de la parrilla. De esta forma, el piloto de la escuder\u00eda de <strong>Woking <\/strong>llega a la clasificaci\u00f3n con plena confianza, con ganas de conseguir su segunda pole de la temporada 2025.<\/p>\n\n\n\n<figure class=\"wp-block-embed is-type-video is-provider-youtube wp-block-embed-youtube wp-embed-aspect-16-9 wp-has-aspect-ratio\"><div class=\"wp-block-embed__wrapper\">\n<iframe loading=\"lazy\" title=\"GP DE ARABIA SAUDITA 2025 - LA PREVIA\" width=\"500\" height=\"281\" src=\"https:\/\/www.youtube.com\/embed\/OOpPxyzcdsk?feature=oembed\" frameborder=\"0\" allow=\"accelerometer; autoplay; clipboard-write; encrypted-media; gyroscope; picture-in-picture; web-share\" referrerpolicy=\"strict-origin-when-cross-origin\" allowfullscreen><\/iframe>\n<\/div><\/figure>\n\n\n\n<p class=\"wp-block-paragraph\"><strong>\u201cTenemos buenos datos disponibles con muchas vueltas registradas, as\u00ed que seguir\u00e9 trabajando duro esta noche con el equipo, centr\u00e1ndome en las diferentes \u00e1reas que hemos identificado en preparaci\u00f3n para la clasificaci\u00f3n de ma\u00f1ana\u201d<\/strong>, concluy\u00f3 Norris.<\/p>\n\n\n\n<p class=\"wp-block-paragraph\">\u23e9 <strong><em>\u00a1Seguinos en redes por <\/em><\/strong><a href=\"https:\/\/twitter.com\/grandepremioES\"><em>Twitter <\/em><\/a><strong><em>e <\/em><\/strong><a href=\"https:\/\/www.instagram.com\/grandepremioes\/\"><em>Instagram!<\/em><em><br><\/em><\/a>\u23e9 <strong><em>Adem\u00e1s, tenemos nuestro <\/em><\/strong><a href=\"https:\/\/whatsapp.com\/channel\/0029VaDZ5zb0gcfDxuwxBM05\"><em>canal de Whatsapp<\/em><\/a><strong><em> con toda la informaci\u00f3n al instante<\/em><\/strong> \ud83c\udfc1<\/p>\n\n\n\n<p class=\"wp-block-paragraph\">La F\u00f3rmula 1 retomar\u00e1 su actividad ma\u00f1ana, a las 10:30, con&nbsp; la FP3 del GP saud\u00ed, que tendr\u00e1 una hora de duraci\u00f3n. Cobertura de GRANDE PREMIO en Espa\u00f1ol.<\/p>\n","protected":false},"excerpt":{"rendered":"<p>Lando Norris quiere borrar la mala impresi\u00f3n de las \u00faltimas carreras por no ser competitivo ni con el mejor coche de la parrilla y, por ello, le gust\u00f3 lo que vio con McLaren tras haber sido el m\u00e1s veloz del viernes en el Gran Premio de Arabia Saudita.<\/p>\n","protected":false},"author":0,"featured_media":1010324232,"comment_status":"closed","ping_status":"closed","sticky":false,"template":"","format":"standard","meta":{"42wp_featured_image_caption":"","42wp_featured_image_credits":"","42wp_featured_video":"","42wp_featured_image_hidden":false,"42wp_authors_list":[],"footnotes":""},"categories":[5],"tags":[179,1505,268,269,278,2646],"42wp_author":[14237],"class_list":["post-8024","post","type-post","status-publish","format-standard","has-post-thumbnail","hentry","category-f1","tag-formula-1","tag-gp-de-arabia-saudita","tag-lando-norris","tag-mclaren","tag-oscar-piastri","tag-woking","42wp_author-gabriel-garcia"],"_links":{"self":[{"href":"https:\/\/grandepremio.com\/es\/wp-json\/wp\/v2\/posts\/8024","targetHints":{"allow":["GET"]}}],"collection":[{"href":"https:\/\/grandepremio.com\/es\/wp-json\/wp\/v2\/posts"}],"about":[{"href":"https:\/\/grandepremio.com\/es\/wp-json\/wp\/v2\/types\/post"}],"replies":[{"embeddable":true,"href":"https:\/\/grandepremio.com\/es\/wp-json\/wp\/v2\/comments?post=8024"}],"version-history":[{"count":0,"href":"https:\/\/grandepremio.com\/es\/wp-json\/wp\/v2\/posts\/8024\/revisions"}],"wp:featuredmedia":[{"embeddable":true,"href":"https:\/\/grandepremio.com\/es\/wp-json\/wp\/v2\/media\/1010324232"}],"wp:attachment":[{"href":"https:\/\/grandepremio.com\/es\/wp-json\/wp\/v2\/media?parent=8024"}],"wp:term":[{"taxonomy":"category","embeddable":true,"href":"https:\/\/grandepremio.com\/es\/wp-json\/wp\/v2\/categories?post=8024"},{"taxonomy":"post_tag","embeddable":true,"href":"https:\/\/grandepremio.com\/es\/wp-json\/wp\/v2\/tags?post=8024"},{"taxonomy":"42wp_author","embeddable":true,"href":"https:\/\/grandepremio.com\/es\/wp-json\/wp\/v2\/42wp_author?post=8024"}],"curies":[{"name":"wp","href":"https:\/\/api.w.org\/{rel}","templated":true}]}}